{"id":10025,"date":"2016-06-13T12:18:09","date_gmt":"2016-06-13T10:18:09","guid":{"rendered":"http:\/\/monempresarial.com\/?p=10025"},"modified":"2025-09-24T10:20:39","modified_gmt":"2025-09-24T08:20:39","slug":"llum-verda-per-a-worldsensing","status":"publish","type":"post","link":"https:\/\/www.monempresarial.com\/ca\/2016\/06\/13\/llum-verda-per-a-worldsensing\/","title":{"rendered":"Llum verda per a Worldsensing"},"content":{"rendered":"<p><span style=\"color: #ae0f09; font-weight: bold; text-transform:uppercase;\">El fundador de la companyia, Ignasi Vilajosana, escollit Jove Empresari 2015 de l\u2019AIJEC<\/span><\/p>\n<p>Uns petits sensors han fet d\u2019Ignasi Vilajosana l\u2019empresari catal\u00e0 <i>j\u00fanior<\/i> del moment. I \u00e9s que el fundador de la tecnol\u00f2gica Worldsensing \u00e9s el nou Premi Jove Empresari de l\u2019AIJEC . Vilajosana va recollir el guard\u00f3, que anualment atorga l\u2019Associaci\u00f3 de Joves Empresaris de Catalunya, de mans del vicepresident de la Generalitat de Catalunya i conseller d&#8217;Economia i Hisenda, Oriol Junqueras, el passat 8 de juny durant la gala que va tenir lloc al Recinte Modernista de Sant Pau. Els altres dos finalistes que optaven al premi eren Angi Cabal, de l\u2019estudi de disseny Mr. Wonderful, i Erik Mayol, fundador de la cadena de botigues de joguines educatives Eurekakids.<\/p>\n<p><span style=\"color: #ae0f09; font-weight: bold; text-transform:uppercase;\">Impulsant l\u2019Smart city<\/span><br \/>\nWorldsensing va n\u00e9ixer el 2008 i avui dia est\u00e0 present en una trentena de pa\u00efsos. L\u2019empresa compta amb un equip de 40 professionals especialitzats a desenvolupar uns sensors que ja s\u00f3n una refer\u00e8ncia mundial pel que fa a solucions en la monitoritzaci\u00f3 de grans infraestructures d\u2019enginyeria, el control semaf\u00f2ric, la seguretat p\u00fablica o b\u00e9 els sistemes d\u2019aparcament intel\u00b7ligent. Precisament aquesta aportaci\u00f3 al sector de l\u2019Smart City i el seu lideratge i pres\u00e8ncia a nivell internacional han estat el elements clau que va valorar el jurat de l\u2019AIJEC per premiar Vilajosana.<\/p>\n<p>Pel que fa al segon gran premi de la nit, el guard\u00f3 a la Millor Iniciativa Empresarial, va recaure en Bioo, un projecte que aprofita la for\u00e7a de la fotos\u00edntesis per transformar l\u2019energia de les plantes en energia el\u00e8ctrica. Desenvolupat pels joves Pablo Vidarte, Javier Rodr\u00edguez i Rafael Rebollo ,tres estudiants de nom\u00e9s vint anys, Bioo es va imposar en aquesta categoria a la cadena d\u2019escoles de ball U!Dance i a la plataforma de viatges Waynabox.<\/p>\n<p><span style=\"color: #ae0f09; font-weight: bold; text-transform:uppercase;\">Tota una vida dedicada als perfums<\/span><br \/>\nUn any m\u00e9s, durant la gala de l\u2019AIJEC tamb\u00e9 es va lliurar el Reconeixement a la Millor Traject\u00f2ria Empresarial. En aquesta ocasi\u00f3, el premiat fou  Mariano Puig, de perfums Puig, la cara visible d\u2019una saga empresarial dedicada a la perfumeria i la moda que fa dos celebrar va celebrar el seu centenari. I pel que fa al Reconeixement a la Qualitat Ling\u00fc\u00edstica Empresarial, una vella coneguda de l\u2019AIJEC va ser l\u2019afortunada: la companyia dedicada a l\u2019elaboraci\u00f3 de productes carnis 100% naturals i d\u2019alt valor afegit Natrus, que ja va ser finalista del Premi Jove Empresari el 2014.<br \/>\nFinalment, i per quart any consecutiu, l\u2019Associaci\u00f3 de Joves Empresaris de Catalunya va voler premiar la tasca emprenedora dels m\u00e9s joves amb el Reconeixement al Futur Empresari. Aquest guard\u00f3, que premia al millor projecte emprenedor treballat per menors de 18 anys a la Fundaci\u00f3 Escola Emprenedors el van recollir les representants del projecte Luggage Locator, un xip que localitza l\u2019equipatge a trav\u00e9s d\u2019una aplicaci\u00f3 m\u00f2bil per evitar que es perdi.<br \/>\n<img decoding=\"async\" loading=\"lazy\" src=\"http:\/\/monempresarial.com\/wp-content\/uploads\/2016\/04\/mon-empresarial-005-logo-aijec.png\" alt=\"mon-empresarial-005-logo-aijec\" width=\"700\" height=\"170\" class=\"aligncenter size-full wp-image-9789\" srcset=\"https:\/\/www.monempresarial.com\/wp-content\/uploads\/2016\/04\/mon-empresarial-005-logo-aijec.png 700w, https:\/\/www.monempresarial.com\/wp-content\/uploads\/2016\/04\/mon-empresarial-005-logo-aijec-300x73.png 300w, https:\/\/www.monempresarial.com\/wp-content\/uploads\/2016\/04\/mon-empresarial-005-logo-aijec-300x73@2x.png 600w\" sizes=\"(max-width: 700px) 100vw, 700px\" \/><\/p>\n<div style=\"background-color: #ae0f09; text-align: center;\"><span style=\"color: #ffffff; font-weight: bold;\">\u201cSe\u2019ns etiqueta com a part del problema, per\u00f2 som part de la soluci\u00f3\u201d<\/span><\/div>\n<p><span style=\"color: #ae0f09; font-weight: bold; text-transform:uppercase;\">El president de l\u2019AIJEC, Eloi Pal\u00e0,<\/span> va aprofitar el seu primer discurs com a cap visible de l\u2019entitat \u2013va ser nomenat el mes de mar\u00e7\u2013 per reivindicar el paper dels empresaris en l\u2019actual context de recuperaci\u00f3 econ\u00f2mica: \u201cSap greu que a aquestes al\u00e7ades de la pel\u00b7l\u00edcula i despr\u00e9s del que hem patit i patim se\u2019ns segueixi etiquetant com a part del problema quan realment creiem que som part de la soluci\u00f3\u201d. En aquest sentit, Pal\u00e0 va insistir a oferir \u201cl\u2019esfor\u00e7, la il\u00b7lusi\u00f3, l\u2019assumpci\u00f3 de risc, la gesti\u00f3 de la responsabilitat i la passi\u00f3\u201d dels empresaris perqu\u00e8 la societat pugui superar definitivament i de manera col\u00b7lectiva aquests darrers anys de crisi econ\u00f2mica. \u201cSom plenament conscients que se\u2019ns necessita i estem disposats a posar-nos a disposici\u00f3 per ajudar a crear una societat millor\u201d, es va comprometre davant l\u2019auditori.<\/p>\n<p>Pal\u00e0 va emmarcar aquesta reivindicaci\u00f3 aprofitant l\u2019escenari de la gala: el Recinte Modernista de l\u2019Hospital de Sant Pau. Aix\u00ed, al seu parer, els joves empresaris d\u2019avui s\u00f3n \u201cels arquitectes del dem\u00e0\u201d per construir una societat m\u00e9s cosmopolita, justa i rica. I en aquesta missi\u00f3 va reclamar el suport de l\u2019administraci\u00f3 p\u00fablica perqu\u00e8 agilitzi la burocr\u00e0cia per no perdre competitivitat en una m\u00f3n global i de f\u00e0cil deslocalitzaci\u00f3.<\/p>\n<p><span style=\"color: #ae0f09; font-weight: bold; text-transform:uppercase;\">30 anys d\u2019AIJEC<\/span><br \/>\nDurant el discurs, Pal\u00e0 tamb\u00e9 va recordar el \u201cplus\u201d del Premi d\u2019enguany, que coincideix amb el 30\u00e8 aniversari de l\u2019entitat. \u201cAls 80, potser no es parlava d\u2019 <i>start-ups<\/i> o <i>spin-offs<\/i>, per\u00f2 ja existia la necessitat d\u2019agrupar la veu dels empresaris joves per fer-nos escoltar dins de la nostra societat\u201d. Una veu que l\u2019AIJEC pret\u00e9n continuar al\u00e7ant ben fort i ben clara, com a m\u00ednim 30 anys m\u00e9s. <\/p>\n","protected":false},"excerpt":{"rendered":"<p>Uns petits sensors han fet d\u2019Ignasi Vilajosana l\u2019empresari catal\u00e0 j\u00fanior del moment. I \u00e9s que el fundador de la tecnol\u00f2gica Worldsensing \u00e9s el nou Premi Jove Empresari de l\u2019AIJEC . Vilajosana va recollir el guard\u00f3, que anualment atorga l\u2019Associaci\u00f3 de Joves Empresaris de Catalunya, de mans del vicepresident de la Generalitat de Catalunya i conseller d&#8217;Economia i Hisenda, Oriol Junqueras, el passat 8 de juny durant la gala que va tenir lloc al Recinte Modernista de Sant Pau. Els altres dos finalistes que optaven al premi eren Angi Cabal, de l\u2019estudi de disseny Mr. Wonderful, i Erik Mayol, fundador de la cadena de botigues de joguines educatives Eurekakids.<\/p>\n","protected":false},"author":1,"featured_media":10028,"comment_status":"open","ping_status":"open","sticky":false,"template":"","format":"standard","meta":{"_mi_skip_tracking":false,"mc4wp_mailchimp_campaign":[],"jnews-multi-image_gallery":[],"jnews_single_post":[],"jnews_primary_category":[]},"categories":[9],"tags":[2764,3627,3612,3628,3613,3614,3615,3616,3617,3618,3619,3620,3621,3622,3623,3624,3625,1147,3626],"_links":{"self":[{"href":"https:\/\/www.monempresarial.com\/ca\/wp-json\/wp\/v2\/posts\/10025"}],"collection":[{"href":"https:\/\/www.monempresarial.com\/ca\/wp-json\/wp\/v2\/posts"}],"about":[{"href":"https:\/\/www.monempresarial.com\/ca\/wp-json\/wp\/v2\/types\/post"}],"author":[{"embeddable":true,"href":"https:\/\/www.monempresarial.com\/ca\/wp-json\/wp\/v2\/users\/1"}],"replies":[{"embeddable":true,"href":"https:\/\/www.monempresarial.com\/ca\/wp-json\/wp\/v2\/comments?post=10025"}],"version-history":[{"count":1,"href":"https:\/\/www.monempresarial.com\/ca\/wp-json\/wp\/v2\/posts\/10025\/revisions"}],"predecessor-version":[{"id":47440,"href":"https:\/\/www.monempresarial.com\/ca\/wp-json\/wp\/v2\/posts\/10025\/revisions\/47440"}],"wp:featuredmedia":[{"embeddable":true,"href":"https:\/\/www.monempresarial.com\/ca\/wp-json\/wp\/v2\/media\/10028"}],"wp:attachment":[{"href":"https:\/\/www.monempresarial.com\/ca\/wp-json\/wp\/v2\/media?parent=10025"}],"wp:term":[{"taxonomy":"category","embeddable":true,"href":"https:\/\/www.monempresarial.com\/ca\/wp-json\/wp\/v2\/categories?post=10025"},{"taxonomy":"post_tag","embeddable":true,"href":"https:\/\/www.monempresarial.com\/ca\/wp-json\/wp\/v2\/tags?post=10025"}],"curies":[{"name":"wp","href":"https:\/\/api.w.org\/{rel}","templated":true}]}}