{"id":10042,"date":"2016-06-15T08:30:46","date_gmt":"2016-06-15T06:30:46","guid":{"rendered":"http:\/\/monempresarial.com\/?p=10042"},"modified":"2025-09-24T10:19:47","modified_gmt":"2025-09-24T08:19:47","slug":"entrevista-juan-fernando-lopez-aguilar-eurodiputat-socialista-parlament-europeu-ex-ministre-justicia","status":"publish","type":"post","link":"https:\/\/www.monempresarial.com\/ca\/2016\/06\/15\/entrevista-juan-fernando-lopez-aguilar-eurodiputat-socialista-parlament-europeu-ex-ministre-justicia\/","title":{"rendered":"Entrevista a L\u00f3pez Aguilar, eurodiputat socialista al Parlament Europeu i ex Ministre de Just\u00edcia"},"content":{"rendered":"<h4>Del 2009 fins al 2014 va presidir la Delegaci\u00f3 Socialista Espanyola i va ocupar la presid\u00e8ncia de la Comissi\u00f3 de Llibertats Civils, Just\u00edcia i Assumptes d\u2019Interior del Parlament Europeu. Va ser tamb\u00e9 nomenat vicepresident del Partit Socialista Europeu.<\/h4>\n<p>&nbsp;<br \/>\nText: <a style=\"color: #4892b1;\" href=\"http:\/\/monempresarial.com\/author\/nduran\/\">Neus Duran<\/a><br \/>\nFotos: <span style=\"color: #4892b1;\">Cedides<\/span><br \/>\n&nbsp;<\/p>\n<hr style=\"color: #b72126; size=\"20\"\" \/>\n<span style=\"color: #000000; font-weight: bold;\">Vost\u00e8 va arribar a la UE l\u2019any 2009, en plena crisi econ\u00f2mica global, i ha viscut des de dins totes les fases cr\u00edtiques d\u2019Europa (el rescat a Espanya, les crisis gregues, Ucra\u00efna, etc.). T\u00e9 la sensaci\u00f3 que cada vegada l\u2019estat an\u00edmic de la Uni\u00f3 va a pitjor?<\/span><br \/>\nHo certifico, i el major pessimista en la situaci\u00f3 actual s\u00f3c jo mateix. S\u2019ha cronificat una successi\u00f3 d\u2019esdeveniments, cada un dels quals empitjora l\u2019anterior i del qual n\u2019\u00e9s directa conseq\u00fc\u00e8ncia. La UE est\u00e0 en el pitjor per\u00edode de la seva hist\u00f2ria, no per causa d\u2019una crisi financera, sin\u00f3 per una crisi de model social. Un brutal ajustament de comptes contra la vocaci\u00f3 cohesiva d\u2019Europa ens ha arrossegat a una crisi de projecte col\u00b7lectiu. <\/p>\n<blockquote>\n<h2 style=\"color: #4892b1;\">\u201cLa UE est\u00e0 en el pitjor per\u00edode de la seva hist\u00f2ria a causa d\u2019una crisi de model social\u201d<\/span><\/h2>\n<\/blockquote>\n<p><img decoding=\"async\" loading=\"lazy\" src=\"http:\/\/monempresarial.com\/wp-content\/uploads\/2016\/06\/mon-empresarial-006-juan-fernando-lopez-aguilar.png\" alt=\"mon-empresarial-006-juan-fernando-lopez-aguilar\" width=\"300\" height=\"300\" class=\"alignleft size-full wp-image-10050\" srcset=\"https:\/\/www.monempresarial.com\/wp-content\/uploads\/2016\/06\/mon-empresarial-006-juan-fernando-lopez-aguilar-150x150@2x.png 300w, https:\/\/www.monempresarial.com\/wp-content\/uploads\/2016\/06\/mon-empresarial-006-juan-fernando-lopez-aguilar-150x150.png 150w\" sizes=\"(max-width: 300px) 100vw, 300px\" \/><span style=\"color: #000000; font-weight: bold;\">Un ajustament de comptes entre qui?<\/span><br \/>\nUn ajustament motivat per un enfocament suposadament liberal i contradictori amb els compromisos de la UE. Una majoria conservadora ha aplicat un receptari abjecte que no ha millorat la salut de l\u2019economia, sin\u00f3 que ha augmentat les desigualtats, confrontant primer pa\u00efsos del Nord contra pa\u00efsos del Sud, i despr\u00e9s directament guanyadors contra perdedors, rics contra pobres. Sota l\u2019empara d\u2019una suposada \u201cdisciplina fiscal\u201d s\u2019han posat en marxa pol\u00edtiques de reducci\u00f3 de despesa en inversi\u00f3 social, sense cap equitat en el repartiment de les c\u00e0rregues financeres de l\u2019Estat. L\u2019\u2018austericidi\u2019 ha empobrit el Sud i ha generat una crisi de confian\u00e7a en tots els pa\u00efsos, que ha quedat patent en la gesti\u00f3 europea del conflicte a l\u2019Orient Mitj\u00e0 i en la de les denominades Primaveres \u00c0rabs. I ara, amb la crisi dels refugiats, veiem que mentre Europa concentra fora de les seves fronteres (a Turquia, el L\u00edban i Jord\u00e0nia) la gran majoria de demandants d\u2019asil, imposa alhora a una empobrida Gr\u00e8cia que la seva frontera faci de mur de contenci\u00f3 davant l\u2019arribada de refugiats. La resposta equivocada a aquests problemes de confian\u00e7a en les institucions europees \u00e9s la de desmantellar Schengen, que \u00e9s el patrimoni m\u00e9s apreciat de tots els ciutadans del continent.<\/p>\n<p><span style=\"color: #000000; font-weight: bold;\">No \u00e9s contradictori que mentre es negocien acords de lliure circulaci\u00f3 de b\u00e9ns i serveis amb els EUA es redueixi la mobilitat de les persones dins de la mateixa Uni\u00f3?<\/span><br \/>\nNo, realment no hi ha cap contradicci\u00f3. \u00c9s conseq\u00fcent amb la l\u00f2gica neoliberal que somnia un immens mercat lliure de vincles i en qu\u00e8 la circulaci\u00f3 democr\u00e0tica no sigui una prioritat. <\/p>\n<p><span style=\"color: #000000; font-weight: bold;\">La sensaci\u00f3 \u00e9s que PPE i PSE persegueixen les mateixes pol\u00edtiques. <\/span><br \/>\n\u00c9s una sensaci\u00f3 motivada perqu\u00e8 ambd\u00f3s partits ens enfrontem a diverses amenaces a la nostra coher\u00e8ncia interna. Quan entren en joc els interessos nacionals, algunes l\u00ednies de demarcaci\u00f3 es dissolen, per\u00f2 aix\u00f2 succeeix en totes les denominades \u2018fam\u00edlies\u2019 europees, de principi a final de l\u2019arc ideol\u00f2gic. Aix\u00f2 no ha d\u2019ocultar l\u2019evid\u00e8ncia que \u00e9s l\u2019absurda gesti\u00f3 de les anteriors crisis el que ens ha portat a l\u2019auge de l\u2019euroescepticisme a tot Europa. L\u2019eurof\u00f2bia actual \u00e9s una crisi de confian\u00e7a que es declina de dues maneres. Per una banda, hi ha un replegament nacionalista a diversos pa\u00efsos. Es tracta d\u2019una resposta equivocada perqu\u00e8 ja no \u00e9s possible ni tornar a la casella de sortida, ni al\u00e7ar noves fronteres, ni compartimentar respostes fragment\u00e0ries als desafiaments als quals ens enfrontem. Per una altra banda, hi ha el populisme eur\u00f2fob, clarament concomitant amb l\u2019extrema dreta i amb una esquerra radical que, d\u2019una manera o d\u2019una altra, somnia amb un sobiranisme reaccionari que nom\u00e9s pot portar a una sensaci\u00f3 d\u2019impot\u00e8ncia, en plantejar solucions in\u00fatils. <\/p>\n<blockquote>\n<h2 style=\"color: #4892b1;\">\u201cL\u2019acord amb Turquia \u00e9s un complet error estrat\u00e8gic. Estem subornant un pa\u00eds que viu un proc\u00e9s de clara regressi\u00f3 democr\u00e0tica amb uns diners virtuals que no figuren en cap balan\u00e7, que no se sap d\u2019 on sortiran ni qui els sufragar\u00e0, i amb una mitja promesa d\u2019adhesi\u00f3 a la UE que ni de lluny no estem disposats a complir. L\u2019ingr\u00e9s de Turquia, que hauria de ser per unanimitat, no ser\u00e0 possible.\u201d <\/span><\/h2>\n<\/blockquote>\n<p><figure id=\"attachment_10048\" aria-describedby=\"caption-attachment-10048\" style=\"width: 350px\" class=\"wp-caption alignright\"><img decoding=\"async\" loading=\"lazy\" src=\"http:\/\/monempresarial.com\/wp-content\/uploads\/2016\/06\/mon-empresarial-006-eurodiputat-socialista-juan-fernando-lopez-aguilar.png\" alt=\"L\u2019eurodiputat considera que les CA estan molt per davant del Govern en temes d\u2019acollida. Espanya \u201cest\u00e0 al zero absolut\u201d, en aquest sentit. \" width=\"350\" height=\"516\" class=\"size-full wp-image-10048\" srcset=\"https:\/\/www.monempresarial.com\/wp-content\/uploads\/2016\/06\/mon-empresarial-006-eurodiputat-socialista-juan-fernando-lopez-aguilar.png 350w, https:\/\/www.monempresarial.com\/wp-content\/uploads\/2016\/06\/mon-empresarial-006-eurodiputat-socialista-juan-fernando-lopez-aguilar-203x300.png 203w\" sizes=\"(max-width: 350px) 100vw, 350px\" \/><figcaption id=\"caption-attachment-10048\" class=\"wp-caption-text\">L\u2019eurodiputat considera que les CA estan molt per davant del Govern en temes d\u2019acollida. Espanya \u201cest\u00e0 al zero absolut\u201d, en aquest sentit.<\/figcaption><\/figure><span style=\"color: #000000; font-weight: bold;\">I quina \u00e9s la seva soluci\u00f3 per a la crisi actual?<\/span><br \/>\nJustament perqu\u00e8 no s\u00f3c populista no ofereixo una recepta un\u00edvoca. Hem d\u2019aconseguir que la UE torni a ser rellevant a nivell global, nom\u00e9s d\u2019aquesta manera podrem tornar a incidir en l\u2019arrel dels problemes. Primer haurem de contribuir a resoldre la crisi a S\u00edria. Aix\u00f2 passa per enfrontar-nos militarment a Daesh, no hi ha alternativa possible. Despr\u00e9s haurem d\u2019aconseguir una pol\u00edtica d\u2019estrangeria realment comuna, aix\u00ed com una d\u2019immigraci\u00f3. Hem d\u2019exigir que tots els estats membres respectin el dret d\u2019asil. I finalment, cal construir vies legals per a accedir a Europa. D\u2019una altra manera estem condemnats a reviure un drama humanitari rere altre. <\/p>\n<p><span style=\"color: #000000; font-weight: bold;\">L\u2019acord amb Turquia va en aquesta direcci\u00f3?<\/span><br \/>\nEn absolut. Es tracta d\u2019un complet error estrat\u00e8gic. Estem subornant un pa\u00eds que viu un proc\u00e9s de clara regressi\u00f3 democr\u00e0tica amb uns diners virtuals que no figuren en cap balan\u00e7, que no se sap d\u2019on sortiran ni qui els sufragar\u00e0, i amb una mitja promesa d\u2019adhesi\u00f3 a la UE que ni de lluny no estem disposats a complir. Els ciutadans de la UE no volen \u201cm\u00e9s Europa\u201d i l\u2019ingr\u00e9s de Turquia, que hauria de ser per unanimitat, no ser\u00e0 possible. <\/p>\n<p><span style=\"color: #000000; font-weight: bold;\">Com valora la posici\u00f3 d\u2019Espanya, que encara no ha acollit cap refugiat en el que portem d\u2019any?<\/span><br \/>\nEs tracta d\u2019una vergonya inacceptable i inexplicable que un pa\u00eds com el nostre no pugui ni acostar-se a rebre una quantitat raqu\u00edtica com s\u00f3n 18.000 refugiats. Vull recordar que nom\u00e9s a Can\u00e0ries, durant l\u2019anomenada \u2018crisi dels cayucos\u2019, vam arribar a rebre fins a 30.000 immigrants subsaharians que arribaven en pasteres. Despr\u00e9s vam aconseguir solucionar el problema a trav\u00e9s de la cooperaci\u00f3 amb els pa\u00efsos costaners africans.<\/p>\n<p><span style=\"color: #000000; font-weight: bold;\">Llavors valora favorablement la disponibilitat de la Generalitat a l\u2019acollida de 4.500 refugiats&#8230;<\/span><br \/>\nLes Comunitats Aut\u00f2nomes han estat i estan ara, molt per davant del Govern de l\u2019Estat. S\u00f3n molt m\u00e9s solidaries i sensibles a les emerg\u00e8ncies humanit\u00e0ries. Catalunya, tamb\u00e9. La seva proposta t\u00e9 el meu recolzament, sempre i quan es realitzi amb la coordinaci\u00f3 amb el Govern d\u2019Espanya. Lamentablement tenim un govern que est\u00e0 molt per sota del m\u00ednim exigible en aquests temes. Est\u00e0 al zero absolut. <\/p>\n<div style=\"background-color: #ae0f09; text-align: center;\"><span style=\"color: #ffffff; font-weight: bold; font-size:20px;\">EL DRAMA FORA DELS DESPATXOS<\/span><\/div>\n<p><a style=\"color: #ae0f09;\" href=\"http:\/\/monempresarial.com\/author\/ocamps\/\"> <span style=\"color: #ae0f09; font-weight: bold; text-transform:uppercase;\">\u00d2scar Camps,<\/span> <span style=\"color: #ae0f09; font-weight: bold;\">Director de Proactiva Open Arms i Catal\u00e0 de l&#8217;Any 2016<\/span><\/a><\/p>\n<blockquote>\n<h2 style=\"color: #ae0f09;\">\u201cHe vist desapar\u00e8ixer fam\u00edlies senceres\u201d <\/span><\/h2>\n<\/blockquote>\n<p><img decoding=\"async\" loading=\"lazy\" src=\"http:\/\/monempresarial.com\/wp-content\/uploads\/2016\/06\/mon-empresarial-006-crisi-refugiats.png\" alt=\"mon-empresarial-006-crisi-refugiats\" width=\"250\" height=\"188\" class=\"alignright size-full wp-image-10044\" \/>La crisi que s\u2019est\u00e0 vivint a Europa i els acords de despatxos a Brusel\u00b7les tenen conseq\u00fc\u00e8ncies directes i dram\u00e0tiques a diversos punts del continent, per\u00f2 en especial a les costes gregues, on el mar s\u2019ha convertit en un immens cementiri dels refugiats que no arriben a la costa. \u00d2scar Camps, impulsor i director de la oeneg\u00e9 d\u2019ajut als refugiats Proactiva Open Arms, i guardonat com a Catal\u00e0 de l\u2019Any 2016, \u00e9s una de les persones que m\u00e9s directament viu el drama a diari.  Aquest socorrista de Badalona va decidir anar a l\u2019illa de Lesbos a rescatar els refugiats que fugen de la guerra despr\u00e9s d\u2019intentar contactar amb totes les autoritats d\u2019aqu\u00ed \u201ci que tothom ho ignor\u00e9s\u201d. Va decidir marxar igualment, sense cap ajut ni un pla a llarg termini: \u201cEl pla \u00e9s simplement procurar que s\u2019ofeguin els menys possibles cada dia\u201d.<br \/>\nCamps es mostra m\u00e9s que cr\u00edtic amb els governs del continent: \u201cNi autoritats europees, ni Gr\u00e8cia, ni els Frontex estan preparats per gestionar la situaci\u00f3 provocada a les costes gregues per la crisi dels refugiats. Les m\u00e0fies s\u2019aprofiten de la situaci\u00f3 i a les autoritats se\u2019ls ha anat el tema de les mans. Hem vist morir molta gent, he vist desapar\u00e8ixer fam\u00edlies senceres&#8230; Hi ha un gran buit de lideratge a la zona, els Frontex s\u00f3n antiavalots del mar, no tenen formaci\u00f3 de rescat ni material.\u201d Manca de mitjans? Ho nega taxativament: \u201cDe mitjans, si es vol, la UE en t\u00e9. Per les expulsions de refugiats es va posar un policia per a cada refugiat, un dispositiu desproporcionat i car. El que hi manca \u00e9s voluntat pol\u00edtica, no mitjans.\u201d<br \/>\nL\u2019activista tamb\u00e9 \u00e9s molt cr\u00edtic amb els acords amb Turquia i les restriccions a Schengen: \u201cTancar fronteres? Hi ha m\u00e9s de dos milions de persones a S\u00edria pendents de creuar la frontera cap a Europa. I faran servir tots els recursos que tenen per a aconseguir-ho. Faci el que faci Europa, vindran. I pel que fa als acords amb Turquia, t\u00e9 moltes car\u00e8ncies democr\u00e0tiques. Tindrem la versi\u00f3 oficial d\u2019ells, que \u00e9s molt poc vera\u00e7. Hem contractat una dictadura perqu\u00e8 ens faci la feina bruta.\u201d<\/p>\n<blockquote>\n<h2 style=\"color: #ae0f09;\">\u201cNi autoritats europees, ni Gr\u00e8cia, ni els Frontex estan preparats per gestionar la situaci\u00f3 provocada a les costes gregues per la crisi dels refugiats.\u201d<\/span><\/h2>\n<\/blockquote>\n<p><img decoding=\"async\" loading=\"lazy\" src=\"http:\/\/monempresarial.com\/wp-content\/uploads\/2016\/06\/mon-empresarial-006-refugiats-oscar-camps.png\" alt=\"mon-empresarial-006-refugiats-oscar-camps\" width=\"450\" height=\"266\" class=\"aligncenter size-full wp-image-10052\" srcset=\"https:\/\/www.monempresarial.com\/wp-content\/uploads\/2016\/06\/mon-empresarial-006-refugiats-oscar-camps.png 450w, https:\/\/www.monempresarial.com\/wp-content\/uploads\/2016\/06\/mon-empresarial-006-refugiats-oscar-camps-300x177.png 300w\" sizes=\"(max-width: 450px) 100vw, 450px\" \/><\/p>\n","protected":false},"excerpt":{"rendered":"<p>Del 2009 fins al 2014 va presidir la Delegaci\u00f3 Socialista Espanyola i va ocupar la presid\u00e8ncia de la Comissi\u00f3 de Llibertats Civils, Just\u00edcia i Assumptes d\u2019Interior del Parlament Europeu. Va ser tamb\u00e9 nomenat vicepresident del Partit Socialista Europeu. <\/p>\n","protected":false},"author":13,"featured_media":10046,"comment_status":"open","ping_status":"open","sticky":false,"template":"","format":"standard","meta":{"_mi_skip_tracking":false,"mc4wp_mailchimp_campaign":[],"jnews-multi-image_gallery":[],"jnews_single_post":[],"jnews_primary_category":[]},"categories":[9,13],"tags":[3643,3644,3645,3646,3647,3648,3649,3650,3651,3652,3653,167,3654,1415,3655,2171,3656,2210,3657,2230],"_links":{"self":[{"href":"https:\/\/www.monempresarial.com\/ca\/wp-json\/wp\/v2\/posts\/10042"}],"collection":[{"href":"https:\/\/www.monempresarial.com\/ca\/wp-json\/wp\/v2\/posts"}],"about":[{"href":"https:\/\/www.monempresarial.com\/ca\/wp-json\/wp\/v2\/types\/post"}],"author":[{"embeddable":true,"href":"https:\/\/www.monempresarial.com\/ca\/wp-json\/wp\/v2\/users\/13"}],"replies":[{"embeddable":true,"href":"https:\/\/www.monempresarial.com\/ca\/wp-json\/wp\/v2\/comments?post=10042"}],"version-history":[{"count":1,"href":"https:\/\/www.monempresarial.com\/ca\/wp-json\/wp\/v2\/posts\/10042\/revisions"}],"predecessor-version":[{"id":47438,"href":"https:\/\/www.monempresarial.com\/ca\/wp-json\/wp\/v2\/posts\/10042\/revisions\/47438"}],"wp:featuredmedia":[{"embeddable":true,"href":"https:\/\/www.monempresarial.com\/ca\/wp-json\/wp\/v2\/media\/10046"}],"wp:attachment":[{"href":"https:\/\/www.monempresarial.com\/ca\/wp-json\/wp\/v2\/media?parent=10042"}],"wp:term":[{"taxonomy":"category","embeddable":true,"href":"https:\/\/www.monempresarial.com\/ca\/wp-json\/wp\/v2\/categories?post=10042"},{"taxonomy":"post_tag","embeddable":true,"href":"https:\/\/www.monempresarial.com\/ca\/wp-json\/wp\/v2\/tags?post=10042"}],"curies":[{"name":"wp","href":"https:\/\/api.w.org\/{rel}","templated":true}]}}