{"id":10116,"date":"2016-06-21T08:30:12","date_gmt":"2016-06-21T06:30:12","guid":{"rendered":"http:\/\/monempresarial.com\/?p=10116"},"modified":"2025-09-24T10:19:00","modified_gmt":"2025-09-24T08:19:00","slug":"entrevista-tibor-navracsics-comissari-europeu-educacio-cultura-joventut-esport","status":"publish","type":"post","link":"https:\/\/www.monempresarial.com\/ca\/2016\/06\/21\/entrevista-tibor-navracsics-comissari-europeu-educacio-cultura-joventut-esport\/","title":{"rendered":"Entrevista a Tibor Navracsics, Comissari europeu d\u2019Educaci\u00f3, Cultura, Joventut i Esport"},"content":{"rendered":"<h4>Hongar\u00e8s i llicenciat en Dret, Tibor Navracsics va ser ministre de Just\u00edcia i Afers Exteriors en el seu pa\u00eds abans de treballar a l\u2019Executiu de Jean Claude Juncker. Ara est\u00e0 especialment centrat en com l\u2019educaci\u00f3 pot ajudar a reduir l\u2019alt nivell d\u2019atur \u2013mitjan\u00e7ant assignatures que fomentin l\u2019esperit emprenedor\u2013 i a acabar amb l\u2019abandonament escolar.<\/h4>\n<h4>Text: <a style=\"color: #719f8c;\" href=\"http:\/\/monempresarial.com\/author\/eherrera\/\">Esther Herrera. Brussel\u00b7les<\/a><br \/>\nFotos: <a style=\"color: #719f8c;\">Comissi\u00f3 Europea<\/a><\/h4>\n<hr style=\"color: #b72126;\" \/>\n<figure id=\"attachment_10128\" aria-describedby=\"caption-attachment-10128\" style=\"width: 300px\" class=\"wp-caption alignright\"><img decoding=\"async\" loading=\"lazy\" class=\"size-full wp-image-10128\" src=\"http:\/\/monempresarial.com\/wp-content\/uploads\/2016\/06\/mon-empresarial-006-tibor-navracsics-1.png\" alt=\"Navracsics reconeix que, en general, la UE s\u2019est\u00e0 quedant enrere en la inversi\u00f3 en educaci\u00f3 si ho comparem amb pa\u00efsos com la Xina, Nova Zelanda, Brasil o Sud-\u00c0frica. Segons el comissari, s\u2019ha de conv\u00e8ncer els estats membres que \u201cla inversi\u00f3 en educaci\u00f3 avui \u00e9s una inversi\u00f3 en la societat de dem\u00e0\u201d. \" width=\"300\" height=\"481\" srcset=\"https:\/\/www.monempresarial.com\/wp-content\/uploads\/2016\/06\/mon-empresarial-006-tibor-navracsics-1.png 300w, https:\/\/www.monempresarial.com\/wp-content\/uploads\/2016\/06\/mon-empresarial-006-tibor-navracsics-1-187x300.png 187w\" sizes=\"(max-width: 300px) 100vw, 300px\" \/><figcaption id=\"caption-attachment-10128\" class=\"wp-caption-text\">Navracsics reconeix que, en general, la UE s\u2019est\u00e0 quedant enrere en la inversi\u00f3 en educaci\u00f3 si ho comparem amb pa\u00efsos com la Xina, Nova Zelanda, Brasil o Sud-\u00c0frica. Segons el comissari, s\u2019ha de conv\u00e8ncer els estats membres que \u201cla inversi\u00f3 en educaci\u00f3 avui \u00e9s una inversi\u00f3 en la societat de dem\u00e0\u201d.<\/figcaption><\/figure>\n<p><span style=\"color: #719f8c; font-weight: bold;\">La Comissi\u00f3 Europea t\u00e9 entre les seves prioritats en Educaci\u00f3 fomentar l\u2019esperit emprenedor. Per qu\u00e8 ho consideren aix\u00ed?<\/span><br \/>\nL\u2019emprenedoria en l\u2019educaci\u00f3 hauria de ser un dels principals objectius actualment, si tenim en compte que cinc milions de joves estan a l\u2019atur. Ara m\u00e9s que mai \u00e9s una necessitat. Hi ha importants aven\u00e7os en alguns estats membres, especialment en el cas dels pa\u00efsos n\u00f2rdics (Finl\u00e0ndia i Su\u00e8cia, per exemple) i dels pa\u00efsos b\u00e0ltics \u2013\u00e9s esperan\u00e7ador veure els resultats a la regi\u00f3 dels Balcans\u2013. Des de la Comissi\u00f3 Europea ho intentem impulsar tamb\u00e9 a trav\u00e9s del Programa Erasmus+, amb el qual esperem que 450.000 estudiants de formaci\u00f3 professional puguin gaudir d\u2019estades a l\u2019estranger.<\/p>\n<p><span style=\"color: #719f8c; font-weight: bold;\">Qu\u00e8 pot aportar aquest esperit emprenedor en l\u2019\u00e0mbit de l\u2019educaci\u00f3?<\/span><br \/>\nPer comen\u00e7ar, millors pr\u00e0ctiques i no nom\u00e9s teoria, \u00e9s a dir, proporcionar als futurs alumnes habilitats socials, esperit constructiu, capacitat de treball en equip, de negociaci\u00f3, d\u2019arribar a noves idees, etc. No hem de tenir por a l\u2019hora d\u2019assumir que el sistema educatiu ha quedat obsolet. Per aix\u00f2 necessitem noves formes. Sempre que pensem en la nostra etapa educativa, pensem en l\u2019\u00e8poca de la joventut que oscil\u00b7la entre els sis i els 23 anys: des que anem a la prim\u00e0ria fins que sortim de la universitat. All\u00f2 que haur\u00edem d\u2019aplicar \u00e9s el que es coneix com a <i>live long learning<\/i> (aprenentatge continu durant la vida). L\u2019educaci\u00f3 en aquest aspecte hauria d\u2019esdevenir m\u00e9s flexible. Aquest \u00e9s un dels principals missatges que envio als ministres quan ens reunim: s\u2019ha d\u2019ampliar el focus, s\u2019ha de donar suport a l\u2019educaci\u00f3 en l\u2019emprenedoria. No es tracta de saber com s\u2019engega un negoci: parlem d\u2019una actitud social, d\u2019innovaci\u00f3, de creaci\u00f3. En altres paraules, d\u2019estar cont\u00ednuament aprenent.<\/p>\n<blockquote>\n<h2 style=\"color: #719f8c;\">\u201cS\u2019ha d\u2019obrir el focus i donar suport a l\u2019educaci\u00f3 en l\u2019emprenedoria\u201d<\/h2>\n<\/blockquote>\n<p><span style=\"color: #719f8c; font-weight: bold;\">Espanya \u00e9s el pa\u00eds amb el nivell m\u00e9s alt d\u2019abandonament escolar i el segon amb m\u00e9s atur juvenil de la UE. Qu\u00e8 proposa davant aquest problema?<\/span><br \/>\nS\u2019ha d\u2019identificar per qu\u00e8 els joves abandonen l\u2019escola. En el conjunt de la UE hi ha una tend\u00e8ncia positiva i esperem reduir a un 10% la taxa d\u2019abandonament escolar d\u2019aqu\u00ed al 2020. Per\u00f2 aquesta dada no \u00e9s l\u2019\u00fanica que s\u2019ha de tenir en compte, perqu\u00e8 en educaci\u00f3 totes les xifres estan relacionades. \u00c9s a dir, si es forma a ciutadans econ\u00f2micament actius, pol\u00edticament responsables i amb inquietuds \u00e9s possible que no abandonin els seus estudis. I aix\u00f2 s\u2019ha de fer aviat; \u00e9s a les escoles on preparem als ciutadans del futur. Com m\u00e9s es potenci\u00ef la capacitat d\u2019iniciativa pr\u00f2pia, m\u00e9s possibilitats tindran aquests joves a l\u2019hora de trobar feina. Per aix\u00f2 crec que \u00e9s important incentivar l\u2019emprenedoria. A Espa\u00f1a hi ha hagut aven\u00e7os importants per exemple a Andalusia, Gal\u00edcia, Ast\u00faries i el Pa\u00eds Basc. Crec que el model d\u2019aquestes regions es pot aplicar a la resta del pa\u00eds.<\/p>\n<p><span style=\"color: #719f8c; font-weight: bold;\">Quina creu que podria ser una possible soluci\u00f3 als problemes de joves llicenciats que no troben feina? Sovint es diu que actualment hi ha una disparitat entre les necessitats del mercat laboral i all\u00f2 que s\u2019estudia.<\/span><br \/>\nLes disparitats entre mercat laboral i estudis s\u00f3n tot un repte. Per\u00f2 igualment tampoc no crec que hi hagi carreres menys \u00fatils. Per exemple, tenir una llicenciatura en Filosofia no nom\u00e9s equival a haver estudiat teories filos\u00f2fiques, sin\u00f3 que tamb\u00e9 hem de tenir en compte la seva vessant pr\u00e0ctica. A moltes companyies els interessa contractar graduats en Filosofia o Ci\u00e8ncies Pol\u00edtiques perqu\u00e8 saben com millorar el treball en equip o perqu\u00e8 disposen d\u2019una \u00e0mplia capacitat anal\u00edtica. Sovint es pensa que s\u00f3n carreres molt te\u00f2riques sense una aplicaci\u00f3 en el m\u00f3n laboral i, en realitat, no \u00e9s aix\u00ed.<br \/>\n<img decoding=\"async\" loading=\"lazy\" class=\"aligncenter size-full wp-image-10118\" src=\"http:\/\/monempresarial.com\/wp-content\/uploads\/2016\/06\/mon-empresarial-006-comissari-europeu-educacio-joventut-cultura-esport.png\" alt=\"mon-empresarial-006-comissari-europeu-educacio-joventut-cultura-esport\" width=\"500\" height=\"366\" srcset=\"https:\/\/www.monempresarial.com\/wp-content\/uploads\/2016\/06\/mon-empresarial-006-comissari-europeu-educacio-joventut-cultura-esport.png 500w, https:\/\/www.monempresarial.com\/wp-content\/uploads\/2016\/06\/mon-empresarial-006-comissari-europeu-educacio-joventut-cultura-esport-300x220.png 300w\" sizes=\"(max-width: 500px) 100vw, 500px\" \/><br \/>\n<span style=\"color: #719f8c; font-weight: bold;\">El nou Programa Erasmus ha incrementat en un 40% els fons respecte l\u2019any passat. No obstant aix\u00f2, els estats membres tamb\u00e9 hi han de contribuir en els seus pressupostos, per\u00f2 no tots ho fan i aix\u00f2 impedeix que molts joves puguin marxar a estudiar fora. Ha adre\u00e7at la Comissi\u00f3 Europea aquest problema?<\/span><br \/>\nTenim un di\u00e0leg constant amb els pa\u00efsos que tenen dificultats a l\u2019hora d\u2019augmentar les beques Erasmus. Moltes vegades, els diners no s\u00f3n l\u2019\u00fanic problema. Durant aquests \u00faltims temps, hi ha hagut una \u00e8poca de consolidaci\u00f3 fiscal i en molts casos s\u2019ha retallat, per exemple, en educaci\u00f3. En general, la UE s\u2019est\u00e0 quedant enrere en la inversi\u00f3 en educaci\u00f3. Pa\u00efsos com la Xina, Nova Zelanda, Brasil o Sud-\u00c0frica inverteixen almenys un 5% en educaci\u00f3 en els seus pressupostos nacionals. Hem de conv\u00e8ncer els estats membres que la inversi\u00f3 en educaci\u00f3 avui \u00e9s una inversi\u00f3 en la societat de dem\u00e0.<\/p>\n<blockquote>\n<h2 style=\"color: #719f8c;\">\u201cNo hem de tenir por a l\u2019hora d\u2019assumir que el sistema educatiu ha quedat obsolet. Per aix\u00f2 necessitem noves formes. Haur\u00edem d\u2019aplicar \u00e9s el que es coneix com a <i>live long learning<\/i> (aprenentatge continu durant la vida).\u201d<\/h2>\n<\/blockquote>\n<p><span style=\"color: #719f8c; font-weight: bold;\">Una de les grans fites de la construcci\u00f3 europea ha estat l\u2019Erasmus. Creu que les crisis obertes a la UE, com el refer\u00e8ndum al Regne Unit o la crisi de refugiats, frenen avan\u00e7ar en termes d\u2019integraci\u00f3?<\/span><br \/>\nM\u2019agrada ser positiu. Crec que la gent, al marge de les crisis, veu l\u2019Erasmus com un pilar de la integraci\u00f3, una manera d\u2019explicar millor la UE gr\u00e0cies a viure una experi\u00e8ncia a un altre pa\u00eds. Hi ha representants de la Generaci\u00f3 Erasmus a l\u2019\u00e0mbit pol\u00edtic, cultural o econ\u00f2mic. La nostra Comissi\u00f3 compta amb tres comissaris que s\u00f3n part d\u2019aquesta generaci\u00f3. Intentarem tamb\u00e9 que amb l\u2019Erasmus+ se segueixi treballant per la integraci\u00f3 europea i per la formaci\u00f3 de la ciutadania del futur.<\/p>\n<p><span style=\"color: #719f8c; font-weight: bold;\">Llegeix tamb\u00e9: <a href=\"http:\/\/monempresarial.com\/2016\/06\/21\/generacio-erasmus-una-experiencia-encamina-futur\/\" target=\"_blank\" rel=\"noopener noreferrer\">La Generaci\u00f3 Erasmus: una experi\u00e8ncia que encamina el futur.<\/a><\/span><\/p>\n","protected":false},"excerpt":{"rendered":"<p>Hongar\u00e8s i llicenciat en Dret, Tibor Navracsics va ser ministre de Just\u00edcia i Afers Exteriors en el seu pa\u00eds abans de treballar a l\u2019Executiu de Jean Claude Juncker. Ara est\u00e0 especialment centrat en com l\u2019educaci\u00f3 pot ajudar a reduir l\u2019alt nivell d\u2019atur \u2013mitjan\u00e7ant assignatures que fomentin l\u2019esperit emprenedor\u2013 i a acabar amb l\u2019abandonament escolar.<\/p>\n","protected":false},"author":1,"featured_media":10126,"comment_status":"open","ping_status":"open","sticky":false,"template":"","format":"standard","meta":{"_mi_skip_tracking":false,"mc4wp_mailchimp_campaign":[],"jnews-multi-image_gallery":[],"jnews_single_post":[],"jnews_primary_category":[]},"categories":[9,10839,10815,10843,19],"tags":[3723,143,3724,167,3725,611,3726,765,3727,2047,3728,2161,3729,2170,2210,2330,2333,2846,3719,3720,3721,3722],"_links":{"self":[{"href":"https:\/\/www.monempresarial.com\/ca\/wp-json\/wp\/v2\/posts\/10116"}],"collection":[{"href":"https:\/\/www.monempresarial.com\/ca\/wp-json\/wp\/v2\/posts"}],"about":[{"href":"https:\/\/www.monempresarial.com\/ca\/wp-json\/wp\/v2\/types\/post"}],"author":[{"embeddable":true,"href":"https:\/\/www.monempresarial.com\/ca\/wp-json\/wp\/v2\/users\/1"}],"replies":[{"embeddable":true,"href":"https:\/\/www.monempresarial.com\/ca\/wp-json\/wp\/v2\/comments?post=10116"}],"version-history":[{"count":1,"href":"https:\/\/www.monempresarial.com\/ca\/wp-json\/wp\/v2\/posts\/10116\/revisions"}],"predecessor-version":[{"id":47435,"href":"https:\/\/www.monempresarial.com\/ca\/wp-json\/wp\/v2\/posts\/10116\/revisions\/47435"}],"wp:featuredmedia":[{"embeddable":true,"href":"https:\/\/www.monempresarial.com\/ca\/wp-json\/wp\/v2\/media\/10126"}],"wp:attachment":[{"href":"https:\/\/www.monempresarial.com\/ca\/wp-json\/wp\/v2\/media?parent=10116"}],"wp:term":[{"taxonomy":"category","embeddable":true,"href":"https:\/\/www.monempresarial.com\/ca\/wp-json\/wp\/v2\/categories?post=10116"},{"taxonomy":"post_tag","embeddable":true,"href":"https:\/\/www.monempresarial.com\/ca\/wp-json\/wp\/v2\/tags?post=10116"}],"curies":[{"name":"wp","href":"https:\/\/api.w.org\/{rel}","templated":true}]}}