{"id":10191,"date":"2016-06-27T08:30:08","date_gmt":"2016-06-27T06:30:08","guid":{"rendered":"http:\/\/monempresarial.com\/?p=10191"},"modified":"2025-06-06T10:42:07","modified_gmt":"2025-06-06T08:42:07","slug":"entrevista-daniel-faura-president-col%c2%b7legi-censors-jurats-comptes-catalunya","status":"publish","type":"post","link":"https:\/\/www.monempresarial.com\/ca\/2016\/06\/27\/entrevista-daniel-faura-president-col%c2%b7legi-censors-jurats-comptes-catalunya\/","title":{"rendered":"Entrevista a Daniel Faura, <\/span>president del Col\u00b7legi de Censors Jurats de Comptes de Catalunya."},"content":{"rendered":"<h5>L\u2019any passat el Col\u00b7legi de Censors Jurats de Comptes de Catalunya va celebrar el seu 20\u00e8 aniversari. Tot i aix\u00f2, la professi\u00f3 ve de molt m\u00e9s lluny. Precisament enguany es commemoren els 85 anys de la creaci\u00f3 del primer Col\u00b7legi de Comptadors Jurats de Catalunya, constitu\u00eft dos mesos despr\u00e9s d\u2019instaurar la Segona Rep\u00fablica. A continuaci\u00f3 parlem sobre el present i sobretot el futur dels auditors amb l\u2019actual president de l\u2019entitat, Daniel Faura.<\/h5>\n<p>&nbsp;<br \/>\nText: <a style=\"color: #282356;\" href=\"http:\/\/monempresarial.com\/author\/bseijo\/\">Berta Seijo<\/a><br \/>\nFotos: <span style=\"color: #282356;\">Cedides<\/span><br \/>\n&nbsp;<\/p>\n<hr style=\"color: #b72126; size=\"20\"\" \/>\n<figure id=\"attachment_10201\" aria-describedby=\"caption-attachment-10201\" style=\"width: 250px\" class=\"wp-caption alignleft\"><img decoding=\"async\" loading=\"lazy\" src=\"http:\/\/monempresarial.com\/wp-content\/uploads\/2016\/06\/mon-empresarial-006-daniel-faura-president-collegi-jurats-comptes.png\" alt=\"Per a Daniel Faura s\u2019han d\u2019afavorir els acords entre despatxos perqu\u00e8 \u201cles firmes esdevinguin m\u00e9s competitives i puguin afrontar la proliferaci\u00f3 de normatives i altres aspectes com la transformaci\u00f3 de l\u2019economia, el naixement de nous models de negoci o la irrupci\u00f3 tecnol\u00f2gica\u201d.\" width=\"250\" height=\"363\" class=\"size-full wp-image-10201\" srcset=\"https:\/\/www.monempresarial.com\/wp-content\/uploads\/2016\/06\/mon-empresarial-006-daniel-faura-president-collegi-jurats-comptes.png 250w, https:\/\/www.monempresarial.com\/wp-content\/uploads\/2016\/06\/mon-empresarial-006-daniel-faura-president-collegi-jurats-comptes-207x300.png 207w\" sizes=\"(max-width: 250px) 100vw, 250px\" \/><figcaption id=\"caption-attachment-10201\" class=\"wp-caption-text\">Per a Daniel Faura s\u2019han d\u2019afavorir els acords entre despatxos perqu\u00e8 \u201cles firmes esdevinguin m\u00e9s competitives i puguin afrontar la proliferaci\u00f3 de normatives i altres aspectes com la transformaci\u00f3 de l\u2019economia, el naixement de nous models de negoci o la irrupci\u00f3 tecnol\u00f2gica\u201d.<\/figcaption><\/figure><span style=\"color: #282356; font-weight: bold;\">Ara fa 85 anys que es va fundar el primer Col\u00b7legi de Comptadors Jurats de Catalunya. Tanmateix, creu que el veritable significat de l\u2019auditoria de comptes segueix intacte?<\/span><br \/>\nL\u2019origen del terme \u201cauditoria\u201dprov\u00e9 del m\u00f3n comptable i financer, i implica la verificaci\u00f3 externa dels comptes de les empreses i organitzacions feta per professionals independents. Per\u00f2 s\u00ed que \u00e9s cert que darrerament veiem com el terme \u201cauditoria\u201d s\u2019equipara a qualsevol comprovaci\u00f3 del camp que sigui i no necess\u00e0riament la fan auditors independents. <\/p>\n<p><span style=\"color: #282356; font-weight: bold;\">Davant de possibles casos de frau, com es garanteix la independ\u00e8ncia de l\u2019auditor? Com s\u2019haurien de gestionar els conflictes d\u2019inter\u00e8s?<\/span><br \/>\nAquest \u00e9s el tema clau de l\u2019auditoria, \u00e9s a dir, la independ\u00e8ncia \u00e9s l\u2019ess\u00e8ncia de la nostra feina. La mateixa Llei d\u2019auditoria ja contempla quins s\u00f3n els conflictes d\u2019inter\u00e8s que poden malmetre aquesta independ\u00e8ncia. Per exemple, no es poden acceptar enc\u00e0rrecs quan hi ha vincles familiars o financers entre l\u2019auditor i l\u2019auditat. Tampoc no podem assumir feines que suposin una part molt significativa dels nostres ingressos totals. L\u2019auditoria \u00e9s una tasca preventiva que s\u2019ha de fer regularment perqu\u00e8 no hi hagi fraus, per\u00f2 si hi ha cap sospita de frau s\u2019ha d\u2019encarregar un treball d\u2019investigaci\u00f3.<\/p>\n<blockquote>\n<h2 style=\"color: #282356;\">\u201cLa independ\u00e8ncia \u00e9s l\u2019ess\u00e8ncia de la nostra feina\u201d<\/h2>\n<\/blockquote>\n<p><img decoding=\"async\" loading=\"lazy\" src=\"http:\/\/monempresarial.com\/wp-content\/uploads\/2016\/06\/mon-empresarial-006-menys-1-minut.png\" alt=\"mon-empresarial-006-menys-1-minut\" width=\"300\" height=\"1222\" class=\"alignright size-full wp-image-10203\" srcset=\"https:\/\/www.monempresarial.com\/wp-content\/uploads\/2016\/06\/mon-empresarial-006-menys-1-minut.png 300w, https:\/\/www.monempresarial.com\/wp-content\/uploads\/2016\/06\/mon-empresarial-006-menys-1-minut-74x300.png 74w, https:\/\/www.monempresarial.com\/wp-content\/uploads\/2016\/06\/mon-empresarial-006-menys-1-minut-74x300@2x.png 148w\" sizes=\"(max-width: 300px) 100vw, 300px\" \/><span style=\"color: #282356; font-weight: bold;\">Llavors, entenc que l\u2019auditoria mai no pot oferir una seguretat absoluta.<\/span><br \/>\nExacte i aqu\u00ed entra en joc el concepte de \u201cmaterialitat\u201d: tot all\u00f2 que trobem que sigui significatiu i no concordi amb les normes hem d\u2019incloure-ho com a opini\u00f3 amb excepcions o amb reserves. Com que treballem en base a unes mostres, la seguretat no seria absoluta, sin\u00f3 raonable.  <\/p>\n<p><span style=\"color: #282356; font-weight: bold;\">Un altre dels reptes que us proposeu \u00e9s professionalitzar especialistes en el camp del control dels fons p\u00fablics. Per\u00f2 la nova Llei d\u2019auditoria de comptes ha excl\u00f2s aquest canvi. Qu\u00e8 ha fallat?<\/span><br \/>\nLa Llei \u00e9s conseq\u00fc\u00e8ncia de l\u2019aplicaci\u00f3 de la normativa comunit\u00e0ria aprovada el 2014 pel Parlament Europeu. De fet, tots els estats membres de la UE tenien temps per aprovar-la en els seus respectius parlaments fins el proper 30 de juny, per\u00f2 Espanya va tenir molta pressa i ho va fer el passat mes de juliol del 2015. Per tant, hi ha aspectes que ens preocupen perqu\u00e8 no s\u2019han decidit amb consens. A m\u00e9s, hem perdut l\u2019oportunitat d\u2019introduir mesures amb les opcions que oferia la normativa europea, com per exemple afavorir la participaci\u00f3 de diversos auditors en un mateix proc\u00e9s d\u2019auditoria \u2013que ampliaria la base de firmes auditores en el mercat\u2013 o que el sector p\u00fablic, sobretot el local, fos obligat\u00f2riament objecte d\u2019auditoria per part de professionals externs independents. En aquest sentit, no compartim que hi hagi un nivell d\u2019exig\u00e8ncia superior en el sector privat que en el p\u00fablic. <\/p>\n<p><span style=\"color: #282356; font-weight: bold;\">\u00c9s evident que parlem d\u2019una professi\u00f3 que ha d\u2019estar molt atenta als canvis legislatius. Aix\u00f2 vol dir que els despatxos amb un equip redu\u00eft ho tenen cada vegada m\u00e9s dif\u00edcil?<\/span><br \/>\nSi perseguim una professi\u00f3 s\u00f2lida i sostenible a llarg termini, \u00e9s cert que les firmes necessitaran m\u00e9s grand\u00e0ria per esdevenir m\u00e9s competitives i afrontar la proliferaci\u00f3 de normatives i altres aspectes comla transformaci\u00f3 de l\u2019economia, el naixement de nous models de negoci o la irrupci\u00f3 tecnol\u00f2gica. Per aix\u00f2, des del Col\u00b7legi estem afavorint acords entre despatxos. <\/p>\n<p><span style=\"color: #282356; font-weight: bold;\">En aquesta l\u00ednia, pensa que un despatx on hi treballi un equip multidisciplinari t\u00e9 m\u00e9s possibilitats de destacar en el mercat?<\/span><br \/>\nS\u00ed, perqu\u00e8 la informaci\u00f3 que els grups d\u2019inter\u00e8s requereixen de les organitzacions ja no \u00e9s nom\u00e9s financera, sin\u00f3 que incorpora altres \u00e0mbits: social, mediambiental, molta normativa de prevenci\u00f3 de blanqueig de capitals, de responsabilitat penal de les empreses, etc. <\/p>\n<p><span style=\"color: #282356; font-weight: bold;\">Parlant del bagatge dels auditors, actualment s\u2019exigeix m\u00e9s formaci\u00f3 continuada que abans?<\/span><br \/>\nL\u2019exig\u00e8ncia de la formaci\u00f3 continuada ja ve de lluny, des de la normativa que estableixen els organismes internacionals (la IFAC\u00e9s el m\u00e9s important). El que s\u00ed que \u00e9s cert \u00e9s que els continguts d\u2019aquesta formaci\u00f3 continuada van canviant i entrem en temes que anomenen \u201cno financers\u201d, com he comentat anteriorment.<\/p>\n<p><span style=\"color: #282356; font-weight: bold;\">Una altra de les demandes de les empreses cap als auditors \u00e9s que aquests adverteixin sobre possibles riscos a llarg termini.<\/span><br \/>\nExacte, m\u00e9s enll\u00e0 de validar unes dades passades, volen que opinem sobre la seva sostenibilitat futura. Ja forma part de la nostra feina i del nostre valor afegit avaluar si les estrat\u00e8gies que les empreses segueixen per assumir els riscos s\u00f3n adequades o no.     <\/p>\n<blockquote>\n<h2 style=\"color: #282356;\">\u201cM\u00e9s enll\u00e0 de validar unes dades passades, les empreses volen que opinem sobre la seva sostenibilitat futura. Ja forma part de la nostra feina i del nostre valor afegit avaluar si les estrat\u00e8gies que les organitzacions segueixen per assumir els riscos s\u00f3n adequades o no.\u201d <\/h2>\n<\/blockquote>\n<p><span style=\"color: #282356; font-weight: bold;\">Al Col\u00b7legi esteu molt vinculats en mat\u00e8ria de RSE. En aquest sentit, quins progressos s\u2019han dut a terme al llarg dels anys?<\/span><br \/>\nFa 10 anys que vam constituir una comissi\u00f3 de RSE com a membres actius de la organitzaci\u00f3 del Pacte Mundial de les Nacions Unides i de la <i>Global ReportingInitiative<\/i> (GRI). Aix\u00f2 ens ha perm\u00e8s impulsar l\u2019informe integrat, fruit de l\u2019exig\u00e8ncia dels grups d\u2019inter\u00e8s que demanen m\u00e9s informaci\u00f3 no financera. El 2013, el GRI va aprovar un marc internacional de normes quant a aquests informes. Tanmateix, com que s\u00f3n d\u2019aplicaci\u00f3 volunt\u00e0ria, moltes empreses els adapten a la seva manera i encara no s\u00f3n rellevants a la presa de decisions. Queda molt per fer, per\u00f2 \u00e9s un cam\u00ed sense retorn.<br \/>\n<img decoding=\"async\" loading=\"lazy\" src=\"http:\/\/monempresarial.com\/wp-content\/uploads\/2016\/06\/mon-empresarial-006-daniel-faura.png\" alt=\"mon-empresarial-006-daniel-faura\" width=\"550\" height=\"367\" class=\"aligncenter size-full wp-image-10197\" srcset=\"https:\/\/www.monempresarial.com\/wp-content\/uploads\/2016\/06\/mon-empresarial-006-daniel-faura.png 550w, https:\/\/www.monempresarial.com\/wp-content\/uploads\/2016\/06\/mon-empresarial-006-daniel-faura-300x200.png 300w, https:\/\/www.monempresarial.com\/wp-content\/uploads\/2016\/06\/mon-empresarial-006-daniel-faura-252x167.png 252w, https:\/\/www.monempresarial.com\/wp-content\/uploads\/2016\/06\/mon-empresarial-006-daniel-faura-252x167@2x.png 504w\" sizes=\"(max-width: 550px) 100vw, 550px\" \/><br \/>\n<span style=\"color: #282356; font-weight: bold;\">Quant a la Llei de Liberalitzaci\u00f3 dels Serveis, com creu que els afectar\u00e0 que els auditors no hagin d\u2019estar vinculats a una agrupaci\u00f3 professional?<\/span><br \/>\nLa liberalitzaci\u00f3 dels serveis \u00e9s una tend\u00e8ncia imparable a nivell internacional, per\u00f2 l\u2019auditoria no es veur\u00e0 afectada com altres sectors perqu\u00e8 \u00e9s una activitat d\u2019inter\u00e8s p\u00fablic i, conseq\u00fcentment, est\u00e0 h\u00edper-regulada. Mai no ha estat obligatori que els auditors fossin del Col\u00b7legi, per tant, el nostre valor afegit s\u00f3n els serveis que oferim: un departament t\u00e8cnic molt potent, l\u2019Escola d\u2019Auditoria i les nostres comissions sectorials i especialitzades.<\/p>\n","protected":false},"excerpt":{"rendered":"<p>L\u2019any passat el Col\u00b7legi de Censors Jurats de Comptes de Catalunya va celebrar el seu 20\u00e8 aniversari. Tot i aix\u00f2, la professi\u00f3 ve de molt m\u00e9s lluny. Precisament enguany es commemoren els 85 anys de la creaci\u00f3 del primer Col\u00b7legi de Comptadors Jurats de Catalunya, constitu\u00eft dos mesos despr\u00e9s d\u2019instaurar la Segona Rep\u00fablica. A continuaci\u00f3 parlem sobre el present i sobretot el futur dels auditors amb l\u2019actual president de l\u2019entitat, Daniel Faura.<\/p>\n","protected":false},"author":1,"featured_media":10199,"comment_status":"open","ping_status":"open","sticky":false,"template":"","format":"standard","meta":{"_mi_skip_tracking":false,"mc4wp_mailchimp_campaign":[],"jnews-multi-image_gallery":[],"jnews_single_post":[],"jnews_primary_category":[]},"categories":[9,10820,10821,10825,22],"tags":[2536,10876,3806,3807,3808,3809,3810,3811,3812,3813,3814,3815,3816,116,3817,118,3818,430,3819,2210,3820],"_links":{"self":[{"href":"https:\/\/www.monempresarial.com\/ca\/wp-json\/wp\/v2\/posts\/10191"}],"collection":[{"href":"https:\/\/www.monempresarial.com\/ca\/wp-json\/wp\/v2\/posts"}],"about":[{"href":"https:\/\/www.monempresarial.com\/ca\/wp-json\/wp\/v2\/types\/post"}],"author":[{"embeddable":true,"href":"https:\/\/www.monempresarial.com\/ca\/wp-json\/wp\/v2\/users\/1"}],"replies":[{"embeddable":true,"href":"https:\/\/www.monempresarial.com\/ca\/wp-json\/wp\/v2\/comments?post=10191"}],"version-history":[{"count":1,"href":"https:\/\/www.monempresarial.com\/ca\/wp-json\/wp\/v2\/posts\/10191\/revisions"}],"predecessor-version":[{"id":46273,"href":"https:\/\/www.monempresarial.com\/ca\/wp-json\/wp\/v2\/posts\/10191\/revisions\/46273"}],"wp:featuredmedia":[{"embeddable":true,"href":"https:\/\/www.monempresarial.com\/ca\/wp-json\/wp\/v2\/media\/10199"}],"wp:attachment":[{"href":"https:\/\/www.monempresarial.com\/ca\/wp-json\/wp\/v2\/media?parent=10191"}],"wp:term":[{"taxonomy":"category","embeddable":true,"href":"https:\/\/www.monempresarial.com\/ca\/wp-json\/wp\/v2\/categories?post=10191"},{"taxonomy":"post_tag","embeddable":true,"href":"https:\/\/www.monempresarial.com\/ca\/wp-json\/wp\/v2\/tags?post=10191"}],"curies":[{"name":"wp","href":"https:\/\/api.w.org\/{rel}","templated":true}]}}