{"id":10217,"date":"2016-06-28T08:30:05","date_gmt":"2016-06-28T06:30:05","guid":{"rendered":"http:\/\/monempresarial.com\/?p=10217"},"modified":"2025-09-24T10:18:27","modified_gmt":"2025-09-24T08:18:27","slug":"entrevista-josep-mayoral-alcalde-granollers","status":"publish","type":"post","link":"https:\/\/www.monempresarial.com\/ca\/2016\/06\/28\/entrevista-josep-mayoral-alcalde-granollers\/","title":{"rendered":"Entrevista a Josep Mayoral, alcalde de Granollers"},"content":{"rendered":"<h5>Amb una extensi\u00f3 de 15km\u00b2, Granollers \u00e9s la capital del Vall\u00e8s Oriental i la llar de m\u00e9s de 60.000 ve\u00efns. Des del 1999 ha estat governada pel PSC ininterrompudament, i si filem prim, Josep Mayoral ha estat qui m\u00e9s anys consecutius ha rom\u00e0s al capdavant de l\u2019alcaldia fins ara. Ni m\u00e9s ni menys que 12. La seva candidatura tamb\u00e9 va guanyar a les darreres eleccions gr\u00e0cies al suport majoritari dels granollerins i granollerines, malgrat l\u2019emersi\u00f3 de noves formacions pol\u00edtiques. Economista de vocaci\u00f3 i vicepresident primer de la Diputaci\u00f3 de Barcelona entre el 2009 i el 2011, Mayoral \u00e9s un defensor aferrissat dels projectes compartits i del di\u00e0leg permanent amb els ciutadans.<\/h5>\n<p>&nbsp;<br \/>\nText: <a style=\"color: #282356;\" href=\"http:\/\/monempresarial.com\/author\/bseijo\/\">Berta Seijo<\/a><br \/>\nFotos: <span style=\"color: #282356;\">Ajuntament de Granollers<\/span><br \/>\n&nbsp;<\/p>\n<hr style=\"color: #b72126; size=\"20\"\" \/>\n<img decoding=\"async\" loading=\"lazy\" src=\"http:\/\/monempresarial.com\/wp-content\/uploads\/2016\/06\/mon-empresarial-006-granollers-municipi.png\" alt=\"mon-empresarial-006-granollers-municipi\" width=\"300\" height=\"200\" class=\"alignleft size-full wp-image-10230\" srcset=\"https:\/\/www.monempresarial.com\/wp-content\/uploads\/2016\/06\/mon-empresarial-006-granollers-municipi.png 300w, https:\/\/www.monempresarial.com\/wp-content\/uploads\/2016\/06\/mon-empresarial-006-granollers-municipi-252x167.png 252w\" sizes=\"(max-width: 300px) 100vw, 300px\" \/><span style=\"color: #282356; font-weight: bold;\">Acaben d\u2019aprovar el cinqu\u00e8 Pla de Xoc de l&#8217;Ajuntament: un conjunt de mesures econ\u00f2miques i socials per ajudar els col\u00b7lectius m\u00e9s desafavorits per la crisi. Per\u00f2, quina \u00e9s la seva major preocupaci\u00f3 en mat\u00e8ria econ\u00f2mica?<\/span><br \/>\nLa lluita contra els efectes de la crisi econ\u00f2mica: hi ha en aquests moments uns 4.700 aturats, el 52% dels quals no cobren cap mena de subsidi. Per tant, hem de posar en marxa mesures com les del Pla de Xoc. En aquests cinc anys hem invertit uns 6,5 milions d\u2019euros per generar plans d\u2019ocupaci\u00f3, accions espec\u00edfiques d\u2019acompanyament a la contractaci\u00f3 per part de les empreses i tamb\u00e9 ajuts espec\u00edfics complementaris als habituals per a persones que ho estan passant molt malament en temes d\u2019habitatge, de beques, etc. Sense oblidar programes de formaci\u00f3 per a joves que estan fora del sistema educatiu.<br \/>\nD\u2019altra banda, la lluita contra la crisi econ\u00f2mica passa tamb\u00e9 per generar un projecte atractiu de ciutat que sigui capa\u00e7 de complementar l\u2019estructura econ\u00f2mica que hi ha a Granollers i de captar noves inversions. <\/p>\n<p><span style=\"color: #282356; font-weight: bold;\">Quin tipus de projecte de ciutat o d\u2019urbanisme capta noves inversions?<\/span><br \/>\nJa fa quasi dos anys que vam comen\u00e7ar a plantejar-nos com facilitar l\u2019arribada de noves empreses i acompanyar creixements en els pol\u00edgons industrials. I la manera de fer-ho passa per flexibilitzar l\u2019urbanisme. De la mateixa manera, hem realitzat un esfor\u00e7 per equipar aquests pol\u00edgons \u2013per exemple, estem a punt d\u2019assolir que tots tinguin fibra \u00f2ptica\u2013 i avan\u00e7ar en la seva qualitat funcional i visual.<\/p>\n<blockquote>\n<h2 style=\"color: #282356;\">\u201cLa lluita contra els efectes de la crisi econ\u00f2mica passa per posar en marxa mesures com els plans d\u2019ocupaci\u00f3, per\u00f2 tamb\u00e9 per generar un projecte atractiu de ciutat que capti inversions.\u201d<\/h2>\n<\/blockquote>\n<p><img decoding=\"async\" loading=\"lazy\" src=\"http:\/\/monempresarial.com\/wp-content\/uploads\/2016\/06\/mon-empresarial-006-municipis-c-17.png\" alt=\"mon-empresarial-006-municipis-c-17\" width=\"300\" height=\"1035\" class=\"alignright size-full wp-image-10226\" srcset=\"https:\/\/www.monempresarial.com\/wp-content\/uploads\/2016\/06\/mon-empresarial-006-municipis-c-17.png 300w, https:\/\/www.monempresarial.com\/wp-content\/uploads\/2016\/06\/mon-empresarial-006-municipis-c-17-87x300.png 87w, https:\/\/www.monempresarial.com\/wp-content\/uploads\/2016\/06\/mon-empresarial-006-municipis-c-17-297x1024.png 297w, https:\/\/www.monempresarial.com\/wp-content\/uploads\/2016\/06\/mon-empresarial-006-municipis-c-17-87x300@2x.png 174w\" sizes=\"(max-width: 300px) 100vw, 300px\" \/><span style=\"color: #282356; font-weight: bold;\">En aquesta estrat\u00e8gia tamb\u00e9 s\u2019insereix el Pla Director Urban\u00edstic del Circuit de Catalunya (PDU)?<\/span><br \/>\nEl Circuit de Catalunya \u00e9s un dels elements centrals de futur que t\u00e9 la ciutat. Fa dos anys que treballem amb l\u2019ajuntament de Montmel\u00f3, el de Parets, la Generalitat i el propi circuit perqu\u00e8 les 600 hect\u00e0rees que hi ha al voltant esdevinguin un motor econ\u00f2mic no nom\u00e9s pensat en termes de ciutat o de comarca, sin\u00f3 de pa\u00eds. \u00c9s un projecte que pret\u00e9n captar inversions del motor \u2013i m\u00e9s espec\u00edficament del <i>Motorsport<\/i>, una especialitzaci\u00f3 industrial que s\u2019ha de potenciar en el pa\u00eds\u2013, per\u00f2 tamb\u00e9 captar coneixement, a banda de generar tamb\u00e9 atractivitat en mat\u00e8ria de lleure. <\/p>\n<p><span style=\"color: #282356; font-weight: bold;\">En quin punt es troba el projecte ara?<\/span><br \/>\nEl PDU est\u00e0 aprovat definitivament des de fa escassament dos mesos i t\u00e9 un grup de treball que ha d\u2019anar desplegant aquest Pla Director i alhora buscar inversors que puguin estar interessats a ubicar-se aqu\u00ed. Per exemple, fa poc vam saber que l\u2019empresa d\u2019Adri\u00e1n Campos (antic corredor de F1) instal\u00b7lar\u00e0 ben a prop del Circuit un espai d\u2019investigaci\u00f3 i desenvolupament de vehicles de competici\u00f3 el\u00e8ctrics. Des que el PDU forma part de l\u2019agenda del territori, tenim visites interessants atretes per aspectes com la bona comunicaci\u00f3, la proximitat a Barcelona i les grans infraestructures de transport. A m\u00e9s a m\u00e9s, el Circuit de Catalunya \u00e9s un element emblem\u00e0tic en si mateix. <\/p>\n<p><span style=\"color: #282356; font-weight: bold;\">Hi ha cap possibilitat que aquest espai d\u2019oci i turisme al voltant del Circuit afecti el comer\u00e7 local de la ciutat?<\/span><br \/>\nL\u2019\u00fas comercial que pugui incloure l\u2019entorn del Circuit sempre estaria molt vinculat al motor. En cap cas no estem parlant d\u2019un complex comercial cl\u00e0ssic, sin\u00f3 d\u2019espais especialitzats i vinculats a aquest. Parlem d\u2019un espai que vol refor\u00e7ar la centralitat del Circuit. A m\u00e9s a m\u00e9s, estar-hi a prop \u00e9s un avantatge competitiu per al desplegament del nostre sector industrial.<\/p>\n<p><span style=\"color: #282356; font-weight: bold;\">Parlant de comer\u00e7 i ind\u00fastria, s\u00f3n aquests dos els sectors m\u00e9s potents a Granollers?<\/span><br \/>\nDes del punt de vista de facturaci\u00f3 i d\u2019ocupaci\u00f3, el sector majoritari \u00e9s el de serveis. Granollers ha actuat hist\u00f2ricament com a capital de comarca, t\u00e9 una gran capacitat de generar serveis, una bona oferta hotelera i un comer\u00e7 de llarga tradici\u00f3 i de primer nivell. D\u2019altra banda, Granollers t\u00e9 una estructura industrial molt important. Segons dades del 2014, aproximadament el 35% de la facturaci\u00f3 a la ciutat prov\u00e9 d\u2019aquest sector, que concentra el 21% dels llocs de treball.<br \/>\nEl nostre valor m\u00e9s important, per\u00f2, \u00e9s la diversitat de l\u2019estructura econ\u00f2mica, un compendi d\u2019ind\u00fastria, comer\u00e7 i serveis prou s\u00f2lid per afrontar el repte de construir un futur millor. I \u00e9s que no hi ha cap sector que superi el 10 % o 12 % de l\u2019activitat total. Quan algun sector ha tingut una davallada sempre n\u2019hi ha hagut un altre que li ha fet de coix\u00ed. <\/p>\n<blockquote>\n<h2 style=\"color: #282356;\">\u201cEl Circuit de Catalunya \u00e9s un dels elements centrals de futur que t\u00e9 la ciutat. El PDU pret\u00e9n captar inversions del m\u00f3n del motor i d\u2019R+D, a banda de generar tamb\u00e9 atractivitat en mat\u00e8ria de lleure.\u201d<\/h2>\n<\/blockquote>\n<p><span style=\"color: #282356; font-weight: bold;\">Vost\u00e8 presideix la Xarxa de Municipis C-17, alian\u00e7a territorial entre 28 municipis que vol promoure, defensar i enfortir l&#8217;activitat econ\u00f2mica al voltant d&#8217;aquesta via. Ara b\u00e9, quins s\u00f3n els eixos estrat\u00e8gics i com actuen en cadascun?<\/span><br \/>\n<img decoding=\"async\" loading=\"lazy\" src=\"http:\/\/monempresarial.com\/wp-content\/uploads\/2016\/06\/mon-empresarial-006-ciurcuit-montmelo.png\" alt=\"mon-empresarial-006-ciurcuit-montmelo\" width=\"450\" height=\"300\" class=\"alignleft size-full wp-image-10233\" srcset=\"https:\/\/www.monempresarial.com\/wp-content\/uploads\/2016\/06\/mon-empresarial-006-ciurcuit-montmelo.png 450w, https:\/\/www.monempresarial.com\/wp-content\/uploads\/2016\/06\/mon-empresarial-006-ciurcuit-montmelo-300x200.png 300w, https:\/\/www.monempresarial.com\/wp-content\/uploads\/2016\/06\/mon-empresarial-006-ciurcuit-montmelo-252x167.png 252w\" sizes=\"(max-width: 450px) 100vw, 450px\" \/>Fa un parell o tres d\u2019anys vam comen\u00e7ar a parlar amb alguns alcaldes i alcaldesses sobre la necessitat de mirar el pa\u00eds d\u2019una manera diferent. Sempre ens hem mogut molt per comarques, prov\u00edncies, en definitiva, \u00e0mbits territorials molt delimitats per l\u2019estructura administrativa. Malgrat aix\u00f2, hist\u00f2ricament els municipis que formem part de la Xarxa ens hem mirat i molt. Compart\u00edem alguns problemes i ens v\u00e8iem amb la necessitat de generar algunes noves estrat\u00e8gies.<br \/>\nEl primer pas fou posicionar-nos sobre el mal funcionament de dues infraestructures que uneixen tot aquest entorn. Una \u00e9s la l\u00ednia de tren R3: ara est\u00e0 tal com es va construir fa moltes d\u00e8cades, amb via \u00fanica i, per tant, els trajectes s\u00f3n llargu\u00edssims i habitualment poc puntuals. Afortunadament, avui ja hi ha sobre la taula un desdoblament parcial entre Parets i Granollers, i entre les Franqueses i la Garriga, per\u00f2 seguim reivindicant-ne m\u00e9s. Volem el desdoblament sencer de la l\u00ednia fins a Vic i m\u00e9s endavant fins a Ripoll. L\u2019altra infraestructura problem\u00e0tica s\u00f3n alguns trams de l\u2019autovia C-17.<br \/>\nA partir d\u2019aquesta reflexi\u00f3, vam incloure tres \u00e0mbits m\u00e9s que han generat els nous projectes que avui dia intentem desenvolupar.<\/p>\n<p><span style=\"color: #282356; font-weight: bold;\">Quins s\u00f3n aquests tres eixos?<\/span><br \/>\nUn \u00e9s la dinamitzaci\u00f3 econ\u00f2mica i industrial del territori: volem enfortir aquest entorn industrial connectant els municipis i els seus pol\u00edgons. Un altre eix t\u00e9 a veure amb el coneixement: impulsar la formaci\u00f3 professional dual, aprofitar el paper de la Universitat de Vic com a subministrador de recursos, i cercar complementarietats i m\u00e8todes per transferir els coneixements del m\u00f3n de l\u2019educaci\u00f3 al m\u00f3n de l\u2019empresa. Per \u00faltim, el quart eix \u00e9s la dinamitzaci\u00f3 tur\u00edstica del territori. En aquest cas, pensem en la necessitat de seguir treballant per assolir una oferta tur\u00edstica a Catalunya que sigui compacta, equilibrada, amb una visi\u00f3 m\u00e9s integral i menys sectorial que la que predomina avui dia. <\/p>\n<blockquote>\n<h2 style=\"color: #282356;\">\u201cGranollers t\u00e9 un actiu impressionant: la fortalesa de la seva societat civil i un paper hist\u00f2ric de ciutat de mercat a tota la regi\u00f3 metropolitana.\u201d<\/h2>\n<\/blockquote>\n<p><span style=\"color: #282356; font-weight: bold;\">Per \u00faltim, s\u00f3n ja 12 anys els que porta al capdavant de l\u2019alcaldia de Granollers. Quin creu que ha estat el factor decisiu de la seva perman\u00e8ncia al c\u00e0rrec? Potser el seu comprom\u00eds amb la ciutadania?<\/span><br \/>\nS\u00f3c un mal analista de mi mateix. Intentem que el nostre equip dialogui molt amb la ciutadania, condici\u00f3 essencial per tal d\u2019impulsar un projecte de ciutat, profundament granoller\u00ed i ben arrelat a les vocacions de la ciutat, un projecte amb un comprom\u00eds clar amb l\u2019equitat: treballar per fer una ciutat que no oblidi ning\u00fa. Els ciutadans opinen i han decidit que aquest equip segueixi treballant i responem de l\u2019\u00fanica manera que sabem: amb responsabilitat i treball, mirant sempre endavant, pensant com afrontarem els reptes del present i del futur.<br \/>\n<img decoding=\"async\" loading=\"lazy\" src=\"http:\/\/monempresarial.com\/wp-content\/uploads\/2016\/06\/mon-empresarial-006-mon-local-granollers.png\" alt=\"mon-empresarial-006-mon-local-granollers\" width=\"550\" height=\"367\" class=\"aligncenter size-full wp-image-10224\" srcset=\"https:\/\/www.monempresarial.com\/wp-content\/uploads\/2016\/06\/mon-empresarial-006-mon-local-granollers.png 550w, https:\/\/www.monempresarial.com\/wp-content\/uploads\/2016\/06\/mon-empresarial-006-mon-local-granollers-300x200.png 300w, https:\/\/www.monempresarial.com\/wp-content\/uploads\/2016\/06\/mon-empresarial-006-mon-local-granollers-252x167.png 252w, https:\/\/www.monempresarial.com\/wp-content\/uploads\/2016\/06\/mon-empresarial-006-mon-local-granollers-252x167@2x.png 504w\" sizes=\"(max-width: 550px) 100vw, 550px\" \/><br \/>\n<span style=\"color: #282356; font-weight: bold;\">Els majors reptes ja han passat o encara han de venir?<\/span><br \/>\nEls temps canvien i cada etapa t\u00e9 els seus reptes. Jo crec que aquest \u00e9s un mandat d\u2019oportunitats, tot i la duresa de l\u2019efecte de la crisi econ\u00f2mica. Granollers t\u00e9 un actiu impressionant: la fortalesa de la seva societat civil i un paper hist\u00f2ric de ciutat que vertebra econ\u00f2micament el nord de la regi\u00f3 metropolitana. Per\u00f2, per tal de convertir aquestes oportunitats en realitats, calen estrat\u00e8gies clares, molt d\u2019esfor\u00e7 per part del govern i un di\u00e0leg permanent amb la ciutadania. I aix\u00f2 \u00e9s el que volem fer en aquest mandat. <\/p>\n<div style=\"background-color: #282356; text-align: center;\"><span style=\"color: #ffffff; font-weight: bold;\">El poder de la paraula<\/span><\/div>\n<p><img decoding=\"async\" loading=\"lazy\" src=\"http:\/\/monempresarial.com\/wp-content\/uploads\/2016\/06\/mon-empresarial-006-josep-mayoral-alcalde-granollers.png\" alt=\"mon-empresarial-006-josep-mayoral-alcalde-granollers\" width=\"200\" height=\"224\" class=\"alignleft size-full wp-image-10222\" \/>La capacitat de lideratge de Josep Mayoral tamb\u00e9 es veu reflectida a la Xarxa d\u2019Alcaldes i Alcaldesses per la Pau de Catalunya, que agrupa els 200 municipis socis de la organitzaci\u00f3 internacional, <i>Mayors for Peace<\/i>, i de la qual n\u2019\u00e9s el president. \u201cL\u2019objectiu \u00e9s treballar per la resoluci\u00f3 pac\u00edfica dels conflictes, promoure aspectes vinculats a l\u2019educaci\u00f3 per la pau, posar veu all\u00e0 on els governs callen, i defensar el rol de la mem\u00f2ria hist\u00f2rica, fonamental perqu\u00e8 fets horribles del passat no es repeteixin en el futur\u201d, explica l\u2019alcalde de Granollers. <\/p>\n","protected":false},"excerpt":{"rendered":"<p>Amb una extensi\u00f3 de 15km\u00b2, Granollers \u00e9s la capital del Vall\u00e8s Oriental i la llar de m\u00e9s de 60.000 ve\u00efns. Des del 1999 ha estat governada pel PSC ininterrompudament, i si filem prim, Josep Mayoral ha estat qui m\u00e9s anys consecutius ha rom\u00e0s al capdavant de l\u2019alcaldia fins ara. Ni m\u00e9s ni menys que 12. La seva candidatura tamb\u00e9 va guanyar a les darreres eleccions gr\u00e0cies al suport majoritari dels granollerins i granollerines, malgrat l\u2019emersi\u00f3 de noves formacions pol\u00edtiques. Economista de vocaci\u00f3 i vicepresident primer de la Diputaci\u00f3 de Barcelona entre el 2009 i el 2011, Mayoral \u00e9s un defensor aferrissat dels projectes compartits i del di\u00e0leg permanent amb els ciutadans. <\/p>\n","protected":false},"author":1,"featured_media":10219,"comment_status":"open","ping_status":"open","sticky":false,"template":"","format":"standard","meta":{"_mi_skip_tracking":false,"mc4wp_mailchimp_campaign":[],"jnews-multi-image_gallery":[],"jnews_single_post":[],"jnews_primary_category":[]},"categories":[9],"tags":[3821,3837,3822,3838,3823,3824,3825,3826,3827,3828,3829,3830,3831,3832,1133,3833,1892,3834,2210,3835,3262,3836],"_links":{"self":[{"href":"https:\/\/www.monempresarial.com\/ca\/wp-json\/wp\/v2\/posts\/10217"}],"collection":[{"href":"https:\/\/www.monempresarial.com\/ca\/wp-json\/wp\/v2\/posts"}],"about":[{"href":"https:\/\/www.monempresarial.com\/ca\/wp-json\/wp\/v2\/types\/post"}],"author":[{"embeddable":true,"href":"https:\/\/www.monempresarial.com\/ca\/wp-json\/wp\/v2\/users\/1"}],"replies":[{"embeddable":true,"href":"https:\/\/www.monempresarial.com\/ca\/wp-json\/wp\/v2\/comments?post=10217"}],"version-history":[{"count":1,"href":"https:\/\/www.monempresarial.com\/ca\/wp-json\/wp\/v2\/posts\/10217\/revisions"}],"predecessor-version":[{"id":47433,"href":"https:\/\/www.monempresarial.com\/ca\/wp-json\/wp\/v2\/posts\/10217\/revisions\/47433"}],"wp:featuredmedia":[{"embeddable":true,"href":"https:\/\/www.monempresarial.com\/ca\/wp-json\/wp\/v2\/media\/10219"}],"wp:attachment":[{"href":"https:\/\/www.monempresarial.com\/ca\/wp-json\/wp\/v2\/media?parent=10217"}],"wp:term":[{"taxonomy":"category","embeddable":true,"href":"https:\/\/www.monempresarial.com\/ca\/wp-json\/wp\/v2\/categories?post=10217"},{"taxonomy":"post_tag","embeddable":true,"href":"https:\/\/www.monempresarial.com\/ca\/wp-json\/wp\/v2\/tags?post=10217"}],"curies":[{"name":"wp","href":"https:\/\/api.w.org\/{rel}","templated":true}]}}