{"id":10243,"date":"2016-06-29T08:30:32","date_gmt":"2016-06-29T06:30:32","guid":{"rendered":"http:\/\/monempresarial.com\/?p=10243"},"modified":"2025-06-06T10:42:00","modified_gmt":"2025-06-06T08:42:00","slug":"entrevista-carles-ayats-president-de-la-delegacio-al-valles-oriental-cambra-comerc-barcelona","status":"publish","type":"post","link":"https:\/\/www.monempresarial.com\/ca\/2016\/06\/29\/entrevista-carles-ayats-president-de-la-delegacio-al-valles-oriental-cambra-comerc-barcelona\/","title":{"rendered":"Entrevista a Carles Ayats,<\/span> president de la delegaci\u00f3 al Vall\u00e8s Oriental de la Cambra de Comer\u00e7 de Barcelona"},"content":{"rendered":"<h4 style=\"color: #000000;\">La delegaci\u00f3 al Vall\u00e8s Oriental de la Cambra de Comer\u00e7 de Barcelona t\u00e9 al seu davant diversos reptes que haur\u00e0 d\u2019afrontar de la m\u00e0 del seu nou president, Carles Ayats, que va rellevar Rosa M. Lleal fa nom\u00e9s unes setmanes i amb el qual hem parlat en aquesta entrevista. Tanmateix, sembla que les l\u00ednies d\u2019actuaci\u00f3 estan ben definides. Entre elles: donar suport als interessos generals de l\u2019economia del Vall\u00e8s Oriental i oferir serveis a les empreses, sobretot en termes d\u2019internacionalitzaci\u00f3 i formaci\u00f3.<\/h4>\n<p>&nbsp;<br \/>\nText: <a style=\"color: #5B366A;\" href=\"http:\/\/monempresarial.com\/author\/redaccio\/\">Redacci\u00f3<\/a>&nbsp;&nbsp;&nbsp;Fotos: <span style=\"color: #5B366A;\">Cedides<\/span><br \/>\n&nbsp;<\/p>\n<hr style=\"color: #b72126; size=\"20\"\" \/>\n<figure id=\"attachment_10248\" aria-describedby=\"caption-attachment-10248\" style=\"width: 250px\" class=\"wp-caption alignright\"><img decoding=\"async\" loading=\"lazy\" src=\"http:\/\/monempresarial.com\/wp-content\/uploads\/2016\/06\/mon-empresarial-006-carles-ayats-president-delegacio-valles-oriental.png\" alt=\"La delegaci\u00f3 treballa per acabar amb l\u2019atur juvenil a la comarca a trav\u00e9s del Programa de Garantia Juvenil i tamb\u00e9 gr\u00e0cies a la col\u00b7laboraci\u00f3 d\u2019altres entitats, com ara el Gremi d\u2019Hostaleria del Vall\u00e8s Oriental. \" width=\"250\" height=\"286\" class=\"size-full wp-image-10248\" \/><figcaption id=\"caption-attachment-10248\" class=\"wp-caption-text\">La delegaci\u00f3 treballa per acabar amb l\u2019atur juvenil a la comarca a trav\u00e9s del Programa de Garantia Juvenil i tamb\u00e9 gr\u00e0cies a la col\u00b7laboraci\u00f3 d\u2019altres entitats, com ara el Gremi d\u2019Hostaleria del Vall\u00e8s Oriental.<\/figcaption><\/figure><span style=\"color: #5B366A; font-weight: bold;\">Des de l\u2019abril d\u2019enguany que \u00e9s el president de la Cambra. Quines han estat les seves primeres impressions ocupant aquest c\u00e0rrec?<\/span><br \/>\nHan estat uns dies intensos atenent als mitjans de comunicaci\u00f3 i duent a terme entrevistes amb ajuntaments i altres organitzacions. D\u2019altra banda, el relleu en la presid\u00e8ncia de la delegaci\u00f3 s\u2019ha realitzat de forma molt natural i hi ha una continu\u00eftat en el Consell. Aprofito per agrair la tasca feta pels meus companys i per l\u2019anterior presidenta, Rosa M. Lleal, qui continuar\u00e0 formant part del Consell de la delegaci\u00f3.<\/p>\n<p><span style=\"color: #5B366A; font-weight: bold;\">I quines creu que s\u00f3n les prioritats de la comarca a hores d\u2019ara?<\/span><br \/>\nLes majors prioritats s\u00f3n l\u2019ocupaci\u00f3 i consolidar el creixement econ\u00f2mic de les empreses del Vall\u00e8s Oriental. Amb aquest objectiu, la Cambra treballa en dos eixos: donar suport als interessos generals de l\u2019economia de la comarca i oferir serveis dins l\u2019\u00e0rea de la internacionalitzaci\u00f3, la formaci\u00f3 i el Programa de Garantia Juvenil.<\/p>\n<p><span style=\"color: #5B366A; font-weight: bold;\">Parli\u2019m del Programa de Garantia Juvenil de la Cambra. De quina manera apropeu els joves a les empreses?<\/span><br \/>\nLa Cambra de Comer\u00e7 de Barcelona gestiona des del juny de l\u2019any passat el Programa de Garantia Juvenil adre\u00e7at a nois i noies d\u2019entre 16 i 29 anys que no estudien ni treballen. Es tracta d\u2019un programa que ofereix formaci\u00f3 espec\u00edfica, gratu\u00efta i de qualitat als joves, orientada a facilitar la seva incorporaci\u00f3 en el m\u00f3n laboral. A tota la Cambra de Barcelona ja s\u00f3n 1.800 els joves que s\u2019han inscrit al programa. En concret, 1.400 han fet l\u2019orientaci\u00f3 laboral, 800 han seguit la formaci\u00f3 en compet\u00e8ncies i un 75% d\u2019aquests han seguit la formaci\u00f3 espec\u00edfica.<br \/>\nA la delegaci\u00f3 i als punts de servei tamb\u00e9 estem treballant molt activament amb 220 joves participant en el programa. Hem impartit 11 formacions en compet\u00e8ncies b\u00e0siques i orientaci\u00f3 laboral i vuit formacions espec\u00edfiques. Actualment m\u00e9s de 50 joves estan rebent formaci\u00f3 dins l\u2019\u00e0rea d\u2019auxiliar de cuina i t\u00e8cniques de pastisseria i operacions b\u00e0siques de restaurant i bar, en col\u00b7laboraci\u00f3 amb el Gremi d\u2019Hostaleria del Vall\u00e8s Oriental.<\/p>\n<blockquote>\n<h2 style=\"color: #5B366A;\">\u201cL\u2019ocupaci\u00f3 i la consolidaci\u00f3 del creixement econ\u00f2mic de les empreses s\u00f3n una prioritat a la comarca\u201d.<\/h2>\n<\/blockquote>\n<p><span style=\"color: #5B366A; font-weight: bold;\">Qu\u00e8 ha suposat per a la Cambra la posada en marxa de cursos de formaci\u00f3 per a empreses a Can Muntanyola? Quan es va iniciar aquesta col\u00b7laboraci\u00f3 amb l\u2019Ajuntament de Granollers?<\/span><br \/>\nLa  delegaci\u00f3 de la Cambra al Vall\u00e8s Oriental sempre ha treballat al costat de les entitats de promoci\u00f3 econ\u00f2mica dels ajuntaments. Mostra d\u2019aix\u00f2 s\u00f3n els punts de servei que tenim a Mollet del Vall\u00e8s i Sant Celoni, fruit de la col\u00b7laboraci\u00f3 amb els ajuntaments d\u2019aquestes poblacions. En el cas concret de Granollers aquesta col\u00b7laboraci\u00f3 amb l\u2019ajuntament es va materialitzar amb la posada en marxa del Centre de serveis a les empreses de Can Muntanyola, el 2012, que ha perm\u00e8s unir sin\u00e8rgies i ha esdevingut un punt de refer\u00e8ncia per a l\u2019emprenedoria i l\u2019empresa de Granollers i de la comarca. Malgrat la crisi, l\u2019oferta formativa de la delegaci\u00f3 de la Cambra ha experimentat un creixement exponencial en els darrers anys, recolzat sens dubte per la qualitat de la nostra oferta formativa i pel marc immillorable que ofereixen les instal\u00b7lacions de Can Muntanyola.<br \/>\n<img decoding=\"async\" loading=\"lazy\" src=\"http:\/\/monempresarial.com\/wp-content\/uploads\/2016\/06\/mon-empresarial-006-carles-ayats.png\" alt=\"mon-empresarial-006-carles-ayats\" width=\"550\" height=\"346\" class=\"aligncenter size-full wp-image-10255\" srcset=\"https:\/\/www.monempresarial.com\/wp-content\/uploads\/2016\/06\/mon-empresarial-006-carles-ayats.png 550w, https:\/\/www.monempresarial.com\/wp-content\/uploads\/2016\/06\/mon-empresarial-006-carles-ayats-300x189.png 300w\" sizes=\"(max-width: 550px) 100vw, 550px\" \/><br \/>\n<span style=\"color: #5B366A; font-weight: bold;\">Quin \u00e9s el procediment quan un emprenedor t\u00e9 una idea de negoci? Com ajudeu al llarg de les diverses etapes de construcci\u00f3 d\u2019una empresa?<\/span><br \/>\nLa delegaci\u00f3 de la Cambra al Vall\u00e8s Oriental \u00e9s Punt d\u2019Atenci\u00f3 a l\u2019Emprenedor (PAE) del Ministeri d\u2019Ind\u00fastria, Energia i Turisme. Aix\u00f2, juntament amb la col\u00b7laboraci\u00f3 dels diferents t\u00e8cnics en emprenedoria dels ajuntaments i d\u2019altres entitats com SECOT, ens permet donar una atenci\u00f3 global a l\u2019emprenedor. A la delegaci\u00f3 tramitem l\u2019alta d\u2019aut\u00f2noms en 24 hores i la constituci\u00f3 d\u2019empreses en 48 hores. No es cobra res per la tramitaci\u00f3 i en el cas de les societats limitades les constitucions que es tramiten a trav\u00e9s del PAE es beneficien d\u2019uns aranzels notarials i registrals molt redu\u00efts.<br \/>\nUn cop donada d\u2019alta l\u2019activitat, a la Cambra tamb\u00e9 podran tramitar els registres de la Generalitat vinculats a la seva activitat espec\u00edfica i presentar la documentaci\u00f3 per accedir als ajuts vigents en aquell moment. M\u00e9s endavant, tamb\u00e9 estarem all\u00e0 per assessorar-los en Comer\u00e7 Internacional, si ho necessiten, i oferir-los formaci\u00f3 de qualitat. Com pots veure \u00e9s una assist\u00e8ncia global a l\u2019emprenedor.<\/p>\n<blockquote>\n<h2 style=\"color: #5B366A;\">\u201c[Al Vall\u00e8s Oriental] s\u2019han de millorar les infraestructures i la comunicaci\u00f3 ferrovi\u00e0ria i per carretera, i tamb\u00e9 cal potenciar la internacionalitzaci\u00f3 i l\u2019especialitzaci\u00f3\u201d.<\/h2>\n<\/blockquote>\n<p><span style=\"color: #5B366A; font-weight: bold;\">Qu\u00e8 fa la Cambra per pal\u00b7liar els danys que ha patit el teixit industrial i empresarial de la comarca a causa de la crisi?<\/span><br \/>\n<img decoding=\"async\" loading=\"lazy\" src=\"http:\/\/monempresarial.com\/wp-content\/uploads\/2016\/06\/mon-empresarial-006-valles-oriental.png\" alt=\"mon-empresarial-006-valles-oriental\" width=\"450\" height=\"496\" class=\"alignright size-full wp-image-10250\" srcset=\"https:\/\/www.monempresarial.com\/wp-content\/uploads\/2016\/06\/mon-empresarial-006-valles-oriental.png 450w, https:\/\/www.monempresarial.com\/wp-content\/uploads\/2016\/06\/mon-empresarial-006-valles-oriental-272x300.png 272w\" sizes=\"(max-width: 450px) 100vw, 450px\" \/>Potenciar la formaci\u00f3 i l\u2019exportaci\u00f3 com a eines imprescindibles per al futur de les empreses, acostant i simplificant, des de les nostres oficines, els tr\u00e0mits amb l\u2019administraci\u00f3 a la comarca;  formant els joves dins el Programa de Garantia Juvenil per lluitar contra l\u2019atur, i tamb\u00e9 donant veu als empresaris davant les institucions i el govern.<\/p>\n<p><span style=\"color: #5B366A; font-weight: bold;\">Per \u00faltim, quins s\u00f3n els eixos en els quals ha de treballar (i invertir) m\u00e9s el Vall\u00e8s Oriental per potenciar els seus punts forts?<\/span><br \/>\nEn primer lloc, s\u2019han de millorar les infraestructures i la comunicaci\u00f3 ferrovi\u00e0ria i per carretera. D\u2019altra banda, cal potenciar encara m\u00e9s la internacionalitzaci\u00f3 i impulsar un tipus de formaci\u00f3 m\u00e9s especialitzada per atendre les necessitats de cada empresa. I no ens oblidem de l\u2019economia digital; fa falta que les nostres empreses aprofitin les oportunitats que aquesta tend\u00e8ncia est\u00e0 generant gr\u00e0cies al desplegament total de la fibra \u00f2ptica als pol\u00edgons de la comarca.<\/p>\n<div style=\"background-color: #846d8a; text-align: center;\"><span style=\"color: #ffffff; font-weight: bold;\">La internacionalitzaci\u00f3, tamb\u00e9 present al Vall\u00e8s Oriental <\/span><\/div>\n<p><span style=\"color: #000000; font-weight: bold; text-transform:uppercase;\">Ja fa anys que la internacionalitzaci\u00f3 es consolida com a motor<\/span> fonamental de la recuperaci\u00f3 econ\u00f2mica a Catalunya. Parlem d\u2019un canvi estructural, reflectit en l\u2019augment del pes de les exportacions de b\u00e9ns i serveis sobre el PIB (del 30,3% el 2005 al 37,7% el 2013) i, molt especialment, en l\u2019augment del nombre d\u2019empreses exportadores regulars, que van assolir un m\u00e0xim hist\u00f2ric de gaireb\u00e9 16.000 empreses l\u2019any 2014. Per aquest motiu, les cambres catalanes han volgut donar a la internacionalitzaci\u00f3 el protagonisme que li pertoca a trav\u00e9s del Pla d\u2019Acci\u00f3 Internacional, que contempla 51 accions a 91 pa\u00efsos, amb \u00c0frica i Orient Mitj\u00e0 com a destinacions principals. Segons la mateixa entitat, es preveu que m\u00e9s d\u201911.000 empreses del Vall\u00e8s Oriental es puguin beneficiar d\u2019aquesta estrat\u00e8gia.<br \/>\n<img decoding=\"async\" loading=\"lazy\" src=\"http:\/\/monempresarial.com\/wp-content\/uploads\/2016\/06\/mon-emrpesarial-006-internacionalitzacio-valles-oriental.png\" alt=\"mon-emrpesarial-006-internacionalitzacio--valles-oriental\" width=\"550\" height=\"300\" class=\"aligncenter size-full wp-image-10252\" srcset=\"https:\/\/www.monempresarial.com\/wp-content\/uploads\/2016\/06\/mon-emrpesarial-006-internacionalitzacio-valles-oriental.png 550w, https:\/\/www.monempresarial.com\/wp-content\/uploads\/2016\/06\/mon-emrpesarial-006-internacionalitzacio-valles-oriental-300x164.png 300w\" sizes=\"(max-width: 550px) 100vw, 550px\" \/><\/p>\n<div style=\"background-color: #846d8a; text-align: center;\"><span style=\"color: #ffffff; font-weight: bold;\">La formaci\u00f3 a Can Muntanyola <\/span><\/div>\n<p>Per a la delegaci\u00f3 al Vall\u00e8s Oriental de la Cambra de Comer\u00e7 de Barcelona la formaci\u00f3 cont\u00ednua dels promotors empresarials, futurs empresaris i de les empreses de nova creaci\u00f3 \u00e9s un factor clau per a la consolidaci\u00f3 de les companyies de la comarca. Per aix\u00f2, la delegaci\u00f3 juntament amb Granollers Mercat programa peri\u00f2dicament tallers, jornades i seminaris gratu\u00efts, normalment de curta durada (entre dues i quatre hores), sobre una tem\u00e0tica espec\u00edfica. Les activitats es duen a terme a Can Muntanyola, centre de serveis a les empreses del Vall\u00e8s Oriental.<\/p>\n","protected":false},"excerpt":{"rendered":"<p>La delegaci\u00f3 al Vall\u00e8s Oriental de la Cambra de Comer\u00e7 de Barcelona t\u00e9 al seu davant diversos reptes que haur\u00e0 d\u2019afrontar de la m\u00e0 del seu nou president, Carles Ayats, que va rellevar Rosa M. Lleal fa nom\u00e9s unes setmanes i amb el qual hem parlat en aquesta entrevista. Tanmateix, sembla que les l\u00ednies d\u2019actuaci\u00f3 estan ben definides. Entre elles: donar suport als interessos generals de l\u2019economia del Vall\u00e8s Oriental i oferir serveis a les empreses, sobretot en termes d\u2019internacionalitzaci\u00f3 i formaci\u00f3. <\/p>\n","protected":false},"author":1,"featured_media":10246,"comment_status":"open","ping_status":"open","sticky":false,"template":"","format":"standard","meta":{"_mi_skip_tracking":false,"mc4wp_mailchimp_campaign":[],"jnews-multi-image_gallery":[],"jnews_single_post":[],"jnews_primary_category":[]},"categories":[9,10820,10821,23,10825],"tags":[3856,3857,3858,3859,3860,3861,3862,898,1092,1174,1366,2210,3824,3854,3855],"_links":{"self":[{"href":"https:\/\/www.monempresarial.com\/ca\/wp-json\/wp\/v2\/posts\/10243"}],"collection":[{"href":"https:\/\/www.monempresarial.com\/ca\/wp-json\/wp\/v2\/posts"}],"about":[{"href":"https:\/\/www.monempresarial.com\/ca\/wp-json\/wp\/v2\/types\/post"}],"author":[{"embeddable":true,"href":"https:\/\/www.monempresarial.com\/ca\/wp-json\/wp\/v2\/users\/1"}],"replies":[{"embeddable":true,"href":"https:\/\/www.monempresarial.com\/ca\/wp-json\/wp\/v2\/comments?post=10243"}],"version-history":[{"count":1,"href":"https:\/\/www.monempresarial.com\/ca\/wp-json\/wp\/v2\/posts\/10243\/revisions"}],"predecessor-version":[{"id":46272,"href":"https:\/\/www.monempresarial.com\/ca\/wp-json\/wp\/v2\/posts\/10243\/revisions\/46272"}],"wp:featuredmedia":[{"embeddable":true,"href":"https:\/\/www.monempresarial.com\/ca\/wp-json\/wp\/v2\/media\/10246"}],"wp:attachment":[{"href":"https:\/\/www.monempresarial.com\/ca\/wp-json\/wp\/v2\/media?parent=10243"}],"wp:term":[{"taxonomy":"category","embeddable":true,"href":"https:\/\/www.monempresarial.com\/ca\/wp-json\/wp\/v2\/categories?post=10243"},{"taxonomy":"post_tag","embeddable":true,"href":"https:\/\/www.monempresarial.com\/ca\/wp-json\/wp\/v2\/tags?post=10243"}],"curies":[{"name":"wp","href":"https:\/\/api.w.org\/{rel}","templated":true}]}}