{"id":10466,"date":"2016-07-14T08:30:18","date_gmt":"2016-07-14T06:30:18","guid":{"rendered":"http:\/\/monempresarial.com\/?p=10466"},"modified":"2025-06-06T10:41:08","modified_gmt":"2025-06-06T08:41:08","slug":"entrevista-caterina-biscari-directora-sincrotro-alba","status":"publish","type":"post","link":"https:\/\/www.monempresarial.com\/ca\/2016\/07\/14\/entrevista-caterina-biscari-directora-sincrotro-alba\/","title":{"rendered":"Entrevista a Caterina Biscari,<\/span> directora del Sincrotr\u00f3 ALBA"},"content":{"rendered":"<p><strong>Si existeix un col\u00b7lectiu que, malgrat les retallades, ha sabut mantenir el llist\u00f3 ben alt durant els anys de crisi, aquest ha estat la comunitat cient\u00edfica del nostre pa\u00eds. Una gesta que ha estat possible gr\u00e0cies al talent dels professionals que la conformen i a infraestructures com el Sincrotr\u00f3 ALBA, ubicat a Cerdanyola del Vall\u00e8s. Parlem amb la seva directora, la f\u00edsica Caterina Biscari.<\/strong><\/p>\n<h4><strong>\u00a0<\/strong><strong><a style=\"color: #00542d;\" href=\"https:\/\/monempresarial.com\/author\/eescolan\/\"><span style=\"color: #00542d;\">Esther Escol<\/span>\u00e1n.<\/a><\/strong><\/h4>\n<p><strong><span style=\"color: #00542d;\">Fotos: <span style=\"color: #000000;\">cedides<\/span><\/span><\/strong><\/p>\n<hr style=\"color: #b72126;\" \/>\n<p><span style=\"color: #00542d; font-weight: bold;\">Creu que la recerca de Catalunya es troba a l\u2019altura d\u2019un complex cient\u00edfic com el Sincrotr\u00f3 ALBA?<\/span><br \/>\nAbsolutament. El 65% dels investigadors que fan \u00fas de les nostres instal\u00b7lacions provenen d\u2019institucions espanyoles i la meitat d\u2019aquests, de Catalunya. Al nostre pa\u00eds disposem d\u2019una estructura cient\u00edfica i de centres de recerca molt competitius que s\u2019han vist afectats per la crisi econ\u00f2mica, per\u00f2 que tot i aix\u00ed continuen sent pioners. Tenim m\u00e9s de 3.000 usuaris registrats en la nostra base de dades, el 50% dels quals provenen d\u2019Espanya, un percentatge que il\u00b7lustra el potencial cient\u00edfic del nostre pa\u00eds. Quan els usuaris envien propostes d\u2019experiments, aquestes s\u00f3n avaluades per un panell d\u2019experts internacional i s\u2019ordenen en funci\u00f3 de la seva excel\u00b7l\u00e8ncia cient\u00edfica. Finalment, el centre aconsegueix donar sortida aproximadament a la meitat.<\/p>\n<blockquote>\n<h4 style=\"color: #00542d;\">\u201cPerseguim tenir 20 l\u00ednies de llum a ple rendiment en el mitj\u00e0 termini.\u201d<\/h4>\n<\/blockquote>\n<p><img decoding=\"async\" loading=\"lazy\" class=\"alignright size-full wp-image-10474\" src=\"https:\/\/monempresarial.com\/wp-content\/uploads\/2016\/07\/mon-empresarial-006-en-detall-1.png\" alt=\"mon-empresarial-006-en-detall\" width=\"350\" height=\"1072\" srcset=\"https:\/\/www.monempresarial.com\/wp-content\/uploads\/2016\/07\/mon-empresarial-006-en-detall-1.png 350w, https:\/\/www.monempresarial.com\/wp-content\/uploads\/2016\/07\/mon-empresarial-006-en-detall-1-98x300.png 98w, https:\/\/www.monempresarial.com\/wp-content\/uploads\/2016\/07\/mon-empresarial-006-en-detall-1-334x1024.png 334w, https:\/\/www.monempresarial.com\/wp-content\/uploads\/2016\/07\/mon-empresarial-006-en-detall-1-98x300@2x.png 196w\" sizes=\"(max-width: 350px) 100vw, 350px\" \/><span style=\"color: #00542d; font-weight: bold;\">Quins usos i aplicacions es deriven de la generaci\u00f3 de llum de sincrotr\u00f3?<\/span><br \/>\nSimplificant-lo d\u2019alguna manera, podr\u00edem dir que una part es dedica a les ci\u00e8ncies de la vida i l\u2019altra a les ci\u00e8ncies dels materials. D\u2019una banda pot analitzar-se, per exemple, com es comporten les c\u00e8l\u00b7lules \u2013ja siguin humanes, animals o vegetals- quan estan infectades per un virus o quan s\u00f3n tractades amb algun f\u00e0rmac. La llum de sincrotr\u00f3 tamb\u00e9 \u00e9s clau en el desenvolupament dels f\u00e0rmacs. Ja en l\u2019\u00e0mbit dels materials, s\u2019estudien les seves propietats f\u00edsiques, qu\u00edmiques, conductives, magn\u00e8tiques, etc. Existeixen materials magn\u00e8tics per a bateries, claus per emmagatzemar i transportar dades; materials superconductors, o materials per a l\u2019emmagatzematge o transport d\u2019energies, etc. Estudiem aspectes que influeixen en la contaminaci\u00f3, la fabricaci\u00f3 de combustible, el patrimoni art\u00edstic, etc.<\/p>\n<p><span style=\"color: #00542d; font-weight: bold;\">Posen les seves instal\u00b7lacions a l\u2019abast de la comunitat acad\u00e8mica i del sector industrial. Cal fer m\u00e9s \u00e8mfasi en la transfer\u00e8ncia universitat-empresa\/ind\u00fastria?<\/span><br \/>\nPer descomptat. \u00c9s quelcom sobre el qu\u00e8 s\u2019est\u00e0 treballant per\u00f2 que cal potenciar. S\u2019ha d\u2019actuar administrativament: a Catalunya ja disposem d\u2019ACC1\u00d3 i a Espanya de la FECYT i el CDTI, per\u00f2 tamb\u00e9 s\u00f3n necess\u00e0ries m\u00e9s fonts de finan\u00e7ament que promoguin de manera m\u00e9s significativa aquesta transfer\u00e8ncia.<\/p>\n<p><span style=\"color: #00542d; font-weight: bold;\">Quin valor afegit representa per a vost\u00e8s la seva ubicaci\u00f3 al Vall\u00e8s Occidental, on es genera riquesa en base al coneixement (UAB), l\u2019empresa (Sant Cugat) i la ind\u00fastria (Rub\u00ed)?<\/span><br \/>\nAix\u00f2 ha estat un benefici des del primer moment. Estar a tocar d\u2019una de les millors universitats que hi ha a Espanya en termes cient\u00edfics i tecnol\u00f2gics \u00e9s clau. Tamb\u00e9 col\u00b7laborem estretament amb la UPC, puntera pel que fa a les enginyeries. M\u00e9s enll\u00e0 de la universitat, tamb\u00e9 disposem ben a prop de centres de recerca molt potents, amb els quals tamb\u00e9 treballem. Una altra de les nostres l\u00ednies d\u2019actuaci\u00f3 consisteix a desenvolupar i patentar instrumentaci\u00f3 per despr\u00e9s posar-la a l\u2019abast de la ind\u00fastria, ja sigui la de m\u00e9s a prop o la de la resta d\u2019Espanya, com fem amb el Pa\u00eds Basc, molt potent en temes d\u2019enginyeria mec\u00e0nica de precisi\u00f3.<\/p>\n<blockquote>\n<h4 style=\"color: #00542d;\">\u201cEl 65% dels investigadors que fan \u00fas de les nostres instal\u00b7lacions provenen d\u2019institucions espanyoles.\u201d<\/h4>\n<\/blockquote>\n<p><span style=\"color: #00542d; font-weight: bold;\">El 35% dels seus usuaris s\u00f3n estrangers. Com beneficia aquesta visi\u00f3 global a l\u2019activitat del Sincrotr\u00f3?<\/span><br \/>\nLa vocaci\u00f3 internacionalitzadora del Sincrotr\u00f3 comen\u00e7a per nosaltres mateixos, ja que un 20% dels nostres 205 empleats s\u00f3n estrangers, percentatge que s\u2019eleva fins al 50% en el cas dels cient\u00edfics que es troben al capdavant de les l\u00ednies de llum. Els nostres processos de selecci\u00f3 tamb\u00e9 s\u00f3n d\u2019abast internacional.<br \/>\nEl Sincrotr\u00f3 Alba tamb\u00e9 col\u00b7labora en projectes europeus d\u2019acc\u00e9s transnacional, \u00e9s a dir, projectes duts a terme per cient\u00edfics que tenen al seu abast les instal\u00b7lacions de la resta de sincrotrons que existeixen al m\u00f3n. Al nostre treballa un grup de cient\u00edfics dedicats a la f\u00edsica d\u2019acceleraci\u00f3 que col\u00b7labora en projectes d\u2019abast internacional com el del futur col\u00b7lisionador circular que s\u2019est\u00e0 estudiant al CERN de Ginebra, aix\u00ed com en la posada en marxa del sincrotr\u00f3 SESAME, a Jord\u00e0nia.<\/p>\n<p><span style=\"color: #00542d; font-weight: bold;\">Quins reptes de futur persegueixen en el m\u00e9s curt termini?<\/span><br \/>\nAra que estem a punt d\u2019inaugurar la nostra vuitena l\u00ednia de llum \u2013fet que suposa entrar en una segona fase-, el primer d\u2019ells seria arribar a tenir 20 l\u00ednies a ple rendiment en el mitj\u00e0 termini. Tamb\u00e9 ens agradaria que al nostre voltant es desenvolupessin centres de recerca en biologia estructural i microsc\u00f2pia avan\u00e7ada, fet que actuaria com a germen del qu\u00e8 despr\u00e9s podria esdevenir un pol cient\u00edfic encara m\u00e9s ampli.<\/p>\n","protected":false},"excerpt":{"rendered":"<p>Si existeix un col\u00b7lectiu que, malgrat les retallades, ha sabut mantenir el llist\u00f3 ben alt durant els anys de crisi, aquest ha estat la comunitat cient\u00edfica del nostre pa\u00eds. Una gesta que ha estat possible gr\u00e0cies al talent dels professionals que la conformen i a infraestructures com el Sincrotr\u00f3 ALBA, ubicat a Cerdanyola del Vall\u00e8s. Parlem amb la seva directora, la f\u00edsica Caterina Biscari.<\/p>\n","protected":false},"author":1,"featured_media":10470,"comment_status":"open","ping_status":"open","sticky":false,"template":"","format":"standard","meta":{"_mi_skip_tracking":false,"mc4wp_mailchimp_campaign":[],"jnews-multi-image_gallery":[],"jnews_single_post":{"source_name":"","source_url":"","via_name":"","via_url":"","override_template":"0","override":[{"template":"1","single_blog_custom":"","parallax":"1","fullscreen":"1","layout":"right-sidebar","sidebar":"default-sidebar","second_sidebar":"default-sidebar","sticky_sidebar":"1","share_position":"bottom","share_float_style":"share-monocrhome","show_share_counter":"1","show_view_counter":"1","show_featured":"1","show_post_meta":"1","show_post_author":"1","show_post_author_image":"1","show_post_date":"1","post_date_format":"default","post_date_format_custom":"Y\/m\/d","show_post_category":"0","show_post_reading_time":"1","post_reading_time_wpm":"300","show_zoom_button":"0","zoom_button_out_step":"2","zoom_button_in_step":"3","show_post_tag":"1","show_prev_next_post":"0","show_popup_post":"1","number_popup_post":"2","show_author_box":"1","show_post_related":"1","show_inline_post_related":"1"}],"override_image_size":"0","image_override":[{"single_post_thumbnail_size":"crop-715","single_post_gallery_size":"crop-500"}],"trending_post":"0","trending_post_position":"meta","trending_post_label":"Trending","sponsored_post":"0","sponsored_post_label":"Sponsored by","sponsored_post_name":"","sponsored_post_url":"","sponsored_post_logo_enable":"0","sponsored_post_logo":"","sponsored_post_desc":"","disable_ad":"0"},"jnews_primary_category":{"id":"10907","hide":""}},"categories":[10820,10821,10,31,10825,30],"tags":[4036,4037,4038,115,4039,1152,4040,2462,4041,2775,4042,3968,4043,4028,4044,4029,4030,4031,4032,4033,4034,4035],"_links":{"self":[{"href":"https:\/\/www.monempresarial.com\/ca\/wp-json\/wp\/v2\/posts\/10466"}],"collection":[{"href":"https:\/\/www.monempresarial.com\/ca\/wp-json\/wp\/v2\/posts"}],"about":[{"href":"https:\/\/www.monempresarial.com\/ca\/wp-json\/wp\/v2\/types\/post"}],"author":[{"embeddable":true,"href":"https:\/\/www.monempresarial.com\/ca\/wp-json\/wp\/v2\/users\/1"}],"replies":[{"embeddable":true,"href":"https:\/\/www.monempresarial.com\/ca\/wp-json\/wp\/v2\/comments?post=10466"}],"version-history":[{"count":4,"href":"https:\/\/www.monempresarial.com\/ca\/wp-json\/wp\/v2\/posts\/10466\/revisions"}],"predecessor-version":[{"id":46267,"href":"https:\/\/www.monempresarial.com\/ca\/wp-json\/wp\/v2\/posts\/10466\/revisions\/46267"}],"wp:featuredmedia":[{"embeddable":true,"href":"https:\/\/www.monempresarial.com\/ca\/wp-json\/wp\/v2\/media\/10470"}],"wp:attachment":[{"href":"https:\/\/www.monempresarial.com\/ca\/wp-json\/wp\/v2\/media?parent=10466"}],"wp:term":[{"taxonomy":"category","embeddable":true,"href":"https:\/\/www.monempresarial.com\/ca\/wp-json\/wp\/v2\/categories?post=10466"},{"taxonomy":"post_tag","embeddable":true,"href":"https:\/\/www.monempresarial.com\/ca\/wp-json\/wp\/v2\/tags?post=10466"}],"curies":[{"name":"wp","href":"https:\/\/api.w.org\/{rel}","templated":true}]}}