{"id":10521,"date":"2016-07-20T08:30:03","date_gmt":"2016-07-20T06:30:03","guid":{"rendered":"http:\/\/monempresarial.com\/?p=10521"},"modified":"2025-06-06T10:40:53","modified_gmt":"2025-06-06T08:40:53","slug":"entrevista-german-ramon-cortes-president-patronat-fundacio-catalunya-pedrera-patronat-fundacio-alicia","status":"publish","type":"post","link":"https:\/\/www.monempresarial.com\/ca\/2016\/07\/20\/entrevista-german-ramon-cortes-president-patronat-fundacio-catalunya-pedrera-patronat-fundacio-alicia\/","title":{"rendered":"Entrevista a Germ\u00e1n Ram\u00f3n-Cort\u00e9s,<\/span> president del Patronat de la Fundaci\u00f3 Catalunya &#8211; La Pedrera i del Patronat de la Fundaci\u00f3 Al\u00edcia"},"content":{"rendered":"<p><strong>Al capdavant d\u2019unes fundacions privades sense \u00e0nim de lucre amb una clara vocaci\u00f3 social, treballa dia a dia per a continuar fomentant la recerca i la innovaci\u00f3 perqu\u00e8 els col\u00b7lectius m\u00e9s vulnerables puguin trobar solucions als seus problemes i tirar endavant.<\/strong><\/p>\n<h4><strong><a style=\"color: #00542d;\" href=\"https:\/\/monempresarial.com\/author\/afabregas\/\">Al\u00edcia <span style=\"color: #00542d;\">F\u00e0b<\/span>regas.<\/a><\/strong><\/h4>\n<p><strong><span style=\"color: #00542d;\">Fotos: <span style=\"color: #000000;\">cedides<\/span><\/span><\/strong><\/p>\n<hr style=\"color: #b72126;\" \/>\n<p><img decoding=\"async\" loading=\"lazy\" class=\"alignright size-full wp-image-10523\" src=\"https:\/\/monempresarial.com\/wp-content\/uploads\/2016\/07\/mon-empresarial-006-german-ramon-cortes.png\" alt=\"mon-empresarial-006-german-ramon-cortes\" width=\"300\" height=\"451\" srcset=\"https:\/\/www.monempresarial.com\/wp-content\/uploads\/2016\/07\/mon-empresarial-006-german-ramon-cortes.png 300w, https:\/\/www.monempresarial.com\/wp-content\/uploads\/2016\/07\/mon-empresarial-006-german-ramon-cortes-200x300.png 200w\" sizes=\"(max-width: 300px) 100vw, 300px\" \/><span style=\"color: #256542; font-weight: bold;\">Recentment ha estat guardonat doblement. Ha rebut el Premi Nacional de Mecenatge Cient\u00edfic a la Fundaci\u00f3 Catalunya-La Pedrera i el Premi Nacional al Partenariat Publicoprivat en R+I a la Fundaci\u00f3 Al\u00edcia. Qu\u00e8 representen aquests reconeixements per a aquestes dues fundacions?<\/span><br \/>\nUna motivaci\u00f3 extraordin\u00e0ria, perqu\u00e8 des de les dues fundacions sempre hem tingut la vocaci\u00f3 de fomentar el treball de recerca per aconseguir un futur millor i m\u00e9s just. Millor no \u00e9s nom\u00e9s aconseguir una societat m\u00e9s desenvolupada, sin\u00f3 m\u00e9s sana, m\u00e9s sostenible. Just\u00edcia \u00e9s igualtat d\u2019oportunitats, que tothom pugui accedir a all\u00f2 que la societat t\u00e9 per donar.<\/p>\n<p><span style=\"color: #256542; font-weight: bold;\">I aix\u00f2 de quina manera s\u2019aconsegueix?<\/span><br \/>\nDes de la Fundaci\u00f3 Catalunya &#8211; La Pedrera ho fem a trav\u00e9s d\u2019una vessant de foment de la vocaci\u00f3 cient\u00edfica, intentant acostar la recerca als joves, des de 4t d\u2019ESO fins al final de la seva carrera. Per exemple, al 2015 vam aconseguir 3.600 beneficiaris per a les nostres beques de recerca.<br \/>\nDes de la Fundaci\u00f3 Al\u00edcia ho fem a trav\u00e9s de la recerca sanit\u00e0ria en alimentaci\u00f3 i \u00e9s per a nosaltres sens dubte un dels millors centres a Europa en aquest sector. Cuiners i cient\u00edfics treballen junts per aconseguir donar soluci\u00f3 a problemes tant de malalties com de col\u00b7lectius en risc d\u2019exclusi\u00f3 social.<br \/>\nPer\u00f2 \u00e9s important dir, tamb\u00e9, que no nom\u00e9s som nosaltres, aqu\u00ed a Catalunya hi ha moltes fundacions que estan fent molt bona feina. En aquests moments dif\u00edcils estem ajudant als governs a pal\u00b7liar el patiment dels col\u00b7lectius m\u00e9s desafavorits. Cal recordar, perqu\u00e8 de vegades s\u2019oblida, que les fundacions privades som entitats sense \u00e0nim de lucre i tamb\u00e9 estem al servei de la societat.<\/p>\n<blockquote>\n<h4 style=\"color: #256542;\">\u201cLa innovaci\u00f3 \u00e9s la recerca aplicada.\u201d<\/h4>\n<\/blockquote>\n<p><span style=\"color: #256542; font-weight: bold;\">Quina import\u00e0ncia t\u00e9 i quin paper juga el mecenatge dins del teixit empresarial?<\/span><br \/>\nPer a nosaltres \u00e9s clau. Sabem que la societat est\u00e0 vivint uns moments complicats per poder aconseguir recursos per a investigaci\u00f3 i desenvolupament. Els governs estan molt lligats de mans i peus i ja no poden destinar el mateix finan\u00e7ament, per aix\u00f2 crec que ara les fundacions privades estan tenint un paper cabdal, a trav\u00e9s del mecenatge, a no deixar de banda aquests centres de recerca, perqu\u00e8 puguin seguir funcionant, atraient talent internacional i formant als professionals d\u2019aqu\u00ed. S\u00f3n fruits que no recollirem a curt termini, per\u00f2 a mitj\u00e0 termini aniran conformant la riquesa del pa\u00eds.<\/p>\n<p><span style=\"color: #256542; font-weight: bold;\">Quina relaci\u00f3 t\u00e9 el mecenatge amb la innovaci\u00f3? <\/span><br \/>\nLa innovaci\u00f3, d\u2019alguna manera, \u00e9s la recerca aplicada. Per posar un exemple, nosaltres tenim el Premi Vanguardia de la Ci\u00e8ncia que atorguem a projectes que parteixen de la recerca b\u00e0sica i van a buscar una aplicaci\u00f3 directa a la societat, tant en el camp econ\u00f2mic com sanitari, etc. Tamb\u00e9 des d\u2019aquest punt de vista, el nostre programa de M\u00e0sters d\u2019Excel\u00b7l\u00e8ncia el que fa \u00e9s apostar per aquells centres que inclouen la innovaci\u00f3 en els seus estudis, sigui quin sigui el seu \u00e0mbit d\u2019actuaci\u00f3, des de ci\u00e8ncia pura i dura fins a humanitats.<\/p>\n<p><span style=\"color: #256542; font-weight: bold;\">Com es converteix en mecenes una entitat?<\/span><br \/>\nNo \u00e9s un circuit amb una f\u00f3rmula m\u00e0gica. Nosaltres treballem a partir de la informaci\u00f3 que ens aporten els centres de recerca de la xarxa catalana, no fem mecenatge directe a les empreses, ho fem a les universitats p\u00fabliques i als centres de recerca. Tamb\u00e9 oferim beques per a la recerca a centres com l\u2019Hospital Cl\u00ednic o Can Ruti, l\u2019Universitat Rovira i Virgili, etc. S\u00f3n ells qui es posen en contacte amb nosaltres i ens presenten els seus projectes. Tot aix\u00f2 ho valora un comit\u00e8 cient\u00edfic i fa la tria.<\/p>\n<blockquote>\n<h4 style=\"color: #256542;\">\u201cLes fundacions privades estan tenint un paper cabdal, a trav\u00e9s del mecenatge, a no deixar de banda els centres de recerca, perqu\u00e8 puguin seguir funcionant, atraient talent internacional i formant als professionals d\u2019aqu\u00ed. S\u00f3n fruits que no recollirem a curt termini, per\u00f2 a mitj\u00e0 termini aniran conformant la riquesa del pa\u00eds.\u201d<\/h4>\n<\/blockquote>\n<p><span style=\"color: #256542; font-weight: bold;\">La Fundaci\u00f3 Al\u00edcia est\u00e0 m\u00e9s enfocada a l\u2019alimentaci\u00f3. Qu\u00e8 s\u2019est\u00e0 fent a nivell de recerca per ajudar a pal\u00b7liar malalties aliment\u00e0ries?<\/span><br \/>\nDe fet, el seu \u00e0mbit d\u2019actuaci\u00f3 va m\u00e9s enll\u00e0 de les malalties aliment\u00e0ries. \u00c9s un cas molt important de recerca sanit\u00e0ria aplicada per donar solucions als col\u00b7lectius m\u00e9s desafavorits o amb m\u00e9s riscos. Per exemple, d\u2019una banda, fem investigaci\u00f3 sobre qu\u00e8 \u00e9s el que poden i no poden menjar els malalts de c\u00e0ncer, quina \u00e9s la millor alimentaci\u00f3 per als diab\u00e8tics o la gent amb cardiopaties. De l\u2019altra, tamb\u00e9 tenim programes com el que fem amb la Creu Roja que es focalitza a trobar receptes equilibrades de menys d\u2019un euro diari per a la gent en situacions econ\u00f2miques molt prec\u00e0ries. Aix\u00ed mateix, un altre dels nostres projectes est\u00e0 enfocat a la gent que no pot deglutir i mastegar b\u00e9, \u00e9s a dir, a persones de la tercera edat. Des d\u2019Al\u00edcia hem desenvolupat tot una s\u00e8rie de receptes que permeten que la gent amb aquests problemes pugui menjar una altra vegada de tot.<\/p>\n","protected":false},"excerpt":{"rendered":"<p>Al capdavant d\u2019unes fundacions privades sense \u00e0nim de lucre amb una clara vocaci\u00f3 social,  treballa dia a dia per a continuar fomentant la recerca i la innovaci\u00f3 perqu\u00e8 els col\u00b7lectius m\u00e9s vulnerables puguin trobar solucions als seus problemes i tirar endavant.  <\/p>\n","protected":false},"author":1,"featured_media":10525,"comment_status":"open","ping_status":"open","sticky":false,"template":"","format":"standard","meta":{"_mi_skip_tracking":false,"mc4wp_mailchimp_campaign":[],"jnews-multi-image_gallery":[],"jnews_single_post":{"source_name":"","source_url":"","via_name":"","via_url":"","override_template":"0","override":[{"template":"1","single_blog_custom":"","parallax":"1","fullscreen":"1","layout":"right-sidebar","sidebar":"default-sidebar","second_sidebar":"default-sidebar","sticky_sidebar":"1","share_position":"bottom","share_float_style":"share-monocrhome","show_share_counter":"1","show_view_counter":"1","show_featured":"1","show_post_meta":"1","show_post_author":"1","show_post_author_image":"1","show_post_date":"1","post_date_format":"default","post_date_format_custom":"Y\/m\/d","show_post_category":"0","show_post_reading_time":"1","post_reading_time_wpm":"300","show_zoom_button":"0","zoom_button_out_step":"2","zoom_button_in_step":"3","show_post_tag":"1","show_prev_next_post":"0","show_popup_post":"1","number_popup_post":"2","show_author_box":"1","show_post_related":"1","show_inline_post_related":"1"}],"override_image_size":"0","image_override":[{"single_post_thumbnail_size":"crop-715","single_post_gallery_size":"crop-500"}],"trending_post":"0","trending_post_position":"meta","trending_post_label":"Trending","sponsored_post":"0","sponsored_post_label":"Sponsored by","sponsored_post_name":"","sponsored_post_url":"","sponsored_post_logo_enable":"0","sponsored_post_logo":"","sponsored_post_desc":"","disable_ad":"0"},"jnews_primary_category":{"id":"10825","hide":""}},"categories":[10820,10821,31,10825,10,30],"tags":[240,4119,310,2378,2462,2762,2775,3968,4110,4111,4112,4113,4114,4115,4116,4117,181,4118],"_links":{"self":[{"href":"https:\/\/www.monempresarial.com\/ca\/wp-json\/wp\/v2\/posts\/10521"}],"collection":[{"href":"https:\/\/www.monempresarial.com\/ca\/wp-json\/wp\/v2\/posts"}],"about":[{"href":"https:\/\/www.monempresarial.com\/ca\/wp-json\/wp\/v2\/types\/post"}],"author":[{"embeddable":true,"href":"https:\/\/www.monempresarial.com\/ca\/wp-json\/wp\/v2\/users\/1"}],"replies":[{"embeddable":true,"href":"https:\/\/www.monempresarial.com\/ca\/wp-json\/wp\/v2\/comments?post=10521"}],"version-history":[{"count":5,"href":"https:\/\/www.monempresarial.com\/ca\/wp-json\/wp\/v2\/posts\/10521\/revisions"}],"predecessor-version":[{"id":46266,"href":"https:\/\/www.monempresarial.com\/ca\/wp-json\/wp\/v2\/posts\/10521\/revisions\/46266"}],"wp:featuredmedia":[{"embeddable":true,"href":"https:\/\/www.monempresarial.com\/ca\/wp-json\/wp\/v2\/media\/10525"}],"wp:attachment":[{"href":"https:\/\/www.monempresarial.com\/ca\/wp-json\/wp\/v2\/media?parent=10521"}],"wp:term":[{"taxonomy":"category","embeddable":true,"href":"https:\/\/www.monempresarial.com\/ca\/wp-json\/wp\/v2\/categories?post=10521"},{"taxonomy":"post_tag","embeddable":true,"href":"https:\/\/www.monempresarial.com\/ca\/wp-json\/wp\/v2\/tags?post=10521"}],"curies":[{"name":"wp","href":"https:\/\/api.w.org\/{rel}","templated":true}]}}