{"id":1056,"date":"2014-05-30T08:00:52","date_gmt":"2014-05-30T06:00:52","guid":{"rendered":"http:\/\/monempresarial.com\/?p=1056"},"modified":"2022-12-22T02:37:15","modified_gmt":"2022-12-22T01:37:15","slug":"la-forca-del-coneixement-local","status":"publish","type":"post","link":"https:\/\/www.monempresarial.com\/ca\/2014\/05\/30\/la-forca-del-coneixement-local\/","title":{"rendered":"La for\u00e7a del coneixement local"},"content":{"rendered":"<h5>Les administracions locals com a \u00f2rgans administratius m\u00e9s propers als ciutadans s\u00f3n les millors coneixedores dels territoris i la poblaci\u00f3 sobre els que tenen compet\u00e8ncies i responsabilitats. Aquesta singularitat d\u2019unitat territorial b\u00e0sica converteix als ajuntaments en una eina estrat\u00e8gica de dinamitzaci\u00f3 econ\u00f2mica si la seva pol\u00edtica en aquest \u00e0mbit \u00e9s decidida i valenta i es fonamenta en la col\u00b7laboraci\u00f3 i coordinaci\u00f3 franca amb dos sectors claus per la creaci\u00f3 d\u2019ocupaci\u00f3 i riquesa: els agents socioecon\u00f2mics i els centres de formaci\u00f3 i de generaci\u00f3 de coneixement.<\/h5>\n<p><img decoding=\"async\" loading=\"lazy\" class=\"alignright wp-image-1057\" title=\"Josep M\u00aa Arias\" src=\"http:\/\/monempresarial.com\/wp-content\/uploads\/2014\/06\/monempresarial-josep-m-arias.png\" alt=\"Josep M\u00aa Arias\" width=\"180\" height=\"235\" srcset=\"https:\/\/www.monempresarial.com\/wp-content\/uploads\/2014\/06\/monempresarial-josep-m-arias.png 600w, https:\/\/www.monempresarial.com\/wp-content\/uploads\/2014\/06\/monempresarial-josep-m-arias-230x300.png 230w, https:\/\/www.monempresarial.com\/wp-content\/uploads\/2014\/06\/monempresarial-josep-m-arias-230x300@2x.png 460w\" sizes=\"(max-width: 180px) 100vw, 180px\" \/><\/p>\n<p style=\"text-align: right;\"><strong>Josep M\u00aa Arias Gim\u00e9nez<\/strong><br \/>\nPeriodista<\/p>\n<p>La proximitat de l\u2019administraci\u00f3 local amb els administrats en general \u00e9s el marc de confian\u00e7a, di\u00e0leg i treball ideal en el qual els emprenedors, els innovadors i els gestors p\u00fablics poden definir necessitats i oportunitats d\u2019un territori determinat del qual n\u2019han de tenir apamat tot el seu potencial, els punts forts i tamb\u00e9 els febles.<br \/>\nLa crisi econ\u00f2mica que des del 2008 encara ens tenalla tamb\u00e9 ha castigat les administracions locals, per\u00f2 malgrat tot, moltes corporacions municipals segueixen apostant -amb els ajustos inevitables- per mantenir els programes de formaci\u00f3 i de foment de l\u2019emprenedoria i les mesures de suport a la reactivaci\u00f3 econ\u00f2mica amb bonificacions fiscals i agilitzaci\u00f3 de tr\u00e0mits administratius. I aquest esfor\u00e7, compaginat amb la garantia dels serveis p\u00fablics als ciutadans, tot i ser molt important no \u00e9s suficient. La recessi\u00f3, de la que estem sortint lentament, ha trencat les din\u00e0miques del mercat laboral amb una atomitzaci\u00f3 dels n\u00ednxols de negoci i l\u2019explosi\u00f3 de les microempreses, i aix\u00f2 exigeix a les administracions locals ser proactives i fer un pas endavant per coordinar esfor\u00e7os i recursos i no deixar perdre la m\u00e9s m\u00ednima oportunitat.<br \/>\n<figure id=\"attachment_1058\" aria-describedby=\"caption-attachment-1058\" style=\"width: 600px\" class=\"wp-caption aligncenter\"><img decoding=\"async\" loading=\"lazy\" src=\"http:\/\/monempresarial.com\/wp-content\/uploads\/2014\/06\/monempresarial-153-coneixement-local.png\" alt=\"Els ajuntaments han de jugar un paper de catalitzador i facilitador de di\u00e0leg per impulsar projectes dissenyats a partir de les capacitats de la gent del territori que serveixi.\" title=\"Els ajuntaments han de jugar un paper de catalitzador i facilitador de di\u00e0leg per impulsar projectes dissenyats a partir de les capacitats de la gent del territori que serveixi.\" width=\"600\" height=\"371\" class=\"size-full wp-image-1058\" srcset=\"https:\/\/www.monempresarial.com\/wp-content\/uploads\/2014\/06\/monempresarial-153-coneixement-local.png 600w, https:\/\/www.monempresarial.com\/wp-content\/uploads\/2014\/06\/monempresarial-153-coneixement-local-300x186.png 300w\" sizes=\"(max-width: 600px) 100vw, 600px\" \/><figcaption id=\"caption-attachment-1058\" class=\"wp-caption-text\">Els ajuntaments han de jugar un paper de catalitzador i facilitador de di\u00e0leg per impulsar projectes dissenyats a partir de les capacitats de la gent del territori que serveixi.&nbsp;&nbsp;&nbsp;&nbsp;&nbsp;\/&nbsp;SHUTTERSTOCK.<\/figcaption><\/figure><br \/>\n<strong>Pensar en local, mirar en global<\/strong><br \/>\nAra m\u00e9s que mai, cal tocar de peus a terra en l\u2019\u00e0mbit local, per\u00f2 mirant al m\u00f3n. Els ciutadans continuen tenint com a primer referent natural el seu municipi i l\u2019administraci\u00f3 p\u00fablica que els gestiona, i aquest vincle \u00e9s un magn\u00edfic punt de partida per construir una estrat\u00e8gia compartida de dinamitzaci\u00f3 socioecon\u00f2mica que tingui com a punt de sortida i d\u2019arribada les persones. Al sud de Catalunya, s\u2019ha desenvolupat una iniciativa mod\u00e8lica d\u2019aquesta estrat\u00e8gia de sumar per multiplicar amb la innovaci\u00f3 com a punta de llan\u00e7a. Es tracta de \u201cTarragona, regi\u00f3 del coneixement\u201d, un programa impulsat per la Universitat Rovira i Virgili i la Diputaci\u00f3 de Tarragona, per\u00f2 tamb\u00e9 amb la participaci\u00f3 i complicitat dels principals ajuntaments i agents socioecon\u00f2mics del territori. \u00c9s una plataforma per posar a l\u2019abast de les empreses el coneixement de la universitat i dels centres de recerca i per facilitar l\u2019acc\u00e9s als programes de finan\u00e7ament nacionals, estatals i europeus que promouen la transfer\u00e8ncia del coneixement cap al sector productiu, siguin grans empreses o microiniciatives.<\/p>\n<blockquote>\n<h2>La recessi\u00f3 (&#8230;) ha trencat din\u00e0miques del mercat laboral amb una atomitzaci\u00f3 dels n\u00ednxols de negoci i l\u2019explosi\u00f3 de les microempreses, i aix\u00f2 exigeix a les administracions locals ser proactives i fer un pas endavant per coordinar esfor\u00e7os i recursos i no deixar perdre la m\u00e9s m\u00ednima oportunitat<\/h2>\n<\/blockquote>\n<p>I \u00e9s en aquestes din\u00e0miques de col\u00b7laboraci\u00f3 transversal publico-privada on els ajuntaments han de jugar un paper de catalitzador i facilitador de di\u00e0leg per impulsar projectes dissenyats a partir de les capacitats de la gent del territori que serveixi, sobretot, per implicar les generacions m\u00e9s joves. Els reptes de futur es podran v\u00e8ncer amb una sabia alian\u00e7a de les mirades m\u00e9s tradicionals i les m\u00e9s transgressores. \u201cQuan arribi la inspiraci\u00f3, que em trobi treballant\u201d, deia el pintor Pablo Picasso. Manllevant aquesta frase, podr\u00edem dir: \u201cQuan arribin les inversions externes, que ens trobin treballant\u201d. I, preferentment, treballant junts. La for\u00e7a mobilitzadora i pedag\u00f2gica dels ajuntaments pot accelerar la presa de consci\u00e8ncia entre els ciutadans de que el futur comen\u00e7a a casa i que no t\u00e9 altres l\u00edmits que el treball i la imaginaci\u00f3. La crisi ens ha fet aterrar bruscament i ja ning\u00fa amb dos dits de seny creu que tot tornar\u00e0 a ser igual. Ser\u00e0 diferent i basat en la col\u00b7laboraci\u00f3, la complicitat i la visi\u00f3. La mateixa visi\u00f3 que van tenir els impulsors de \u201cTarragona, regi\u00f3 del coneixement\u201d, que va comen\u00e7ar a caminar l\u2019any 2008, justament en el moment de l\u2019esclat de la crisi a Catalunya i a l\u2019Estat espanyol. La seva f\u00f3rmula, en la qual l\u2019ingredient municipal \u00e9s vital, \u00e9s una bona pr\u00e0ctica per orientar les respostes que des del territori hem de saber donar als efectes de la crisi per desenvolupar una nova economia basada en el coneixement no nom\u00e9s compatible amb els sectors tradicionals, sin\u00f3 capa\u00e7 de potenciar-los i transformar-los.<\/p>\n<p>&nbsp;<\/p>\n","protected":false},"excerpt":{"rendered":"<p>Les administracions locals com a \u00f2rgans administratius m\u00e9s propers als ciutadans s\u00f3n les millors coneixedores dels territoris i la poblaci\u00f3 sobre els que tenen compet\u00e8ncies i responsabilitats. Aquesta singularitat d\u2019unitat territorial b\u00e0sica converteix als ajuntaments en una eina estrat\u00e8gica de dinamitzaci\u00f3 econ\u00f2mica si la seva pol\u00edtica en aquest \u00e0mbit \u00e9s decidida i valenta i es fonamenta en la col\u00b7laboraci\u00f3 i coordinaci\u00f3 franca amb dos sectors claus per la creaci\u00f3 d\u2019ocupaci\u00f3 i riquesa: els agents socioecon\u00f2mics i els centres de formaci\u00f3 i de generaci\u00f3 de coneixement.<\/p>\n","protected":false},"author":8,"featured_media":1058,"comment_status":"closed","ping_status":"open","sticky":false,"template":"","format":"standard","meta":{"_mi_skip_tracking":false,"mc4wp_mailchimp_campaign":[],"jnews-multi-image_gallery":[],"jnews_single_post":[],"jnews_primary_category":[]},"categories":[9,10839,10840,10815,18],"tags":[],"_links":{"self":[{"href":"https:\/\/www.monempresarial.com\/ca\/wp-json\/wp\/v2\/posts\/1056"}],"collection":[{"href":"https:\/\/www.monempresarial.com\/ca\/wp-json\/wp\/v2\/posts"}],"about":[{"href":"https:\/\/www.monempresarial.com\/ca\/wp-json\/wp\/v2\/types\/post"}],"author":[{"embeddable":true,"href":"https:\/\/www.monempresarial.com\/ca\/wp-json\/wp\/v2\/users\/8"}],"replies":[{"embeddable":true,"href":"https:\/\/www.monempresarial.com\/ca\/wp-json\/wp\/v2\/comments?post=1056"}],"version-history":[{"count":0,"href":"https:\/\/www.monempresarial.com\/ca\/wp-json\/wp\/v2\/posts\/1056\/revisions"}],"wp:featuredmedia":[{"embeddable":true,"href":"https:\/\/www.monempresarial.com\/ca\/wp-json\/wp\/v2\/media\/1058"}],"wp:attachment":[{"href":"https:\/\/www.monempresarial.com\/ca\/wp-json\/wp\/v2\/media?parent=1056"}],"wp:term":[{"taxonomy":"category","embeddable":true,"href":"https:\/\/www.monempresarial.com\/ca\/wp-json\/wp\/v2\/categories?post=1056"},{"taxonomy":"post_tag","embeddable":true,"href":"https:\/\/www.monempresarial.com\/ca\/wp-json\/wp\/v2\/tags?post=1056"}],"curies":[{"name":"wp","href":"https:\/\/api.w.org\/{rel}","templated":true}]}}