{"id":10647,"date":"2016-08-02T08:30:21","date_gmt":"2016-08-02T06:30:21","guid":{"rendered":"http:\/\/monempresarial.com\/?p=10647"},"modified":"2025-09-24T10:26:03","modified_gmt":"2025-09-24T08:26:03","slug":"avaluacio-recerca","status":"publish","type":"post","link":"https:\/\/www.monempresarial.com\/ca\/2016\/08\/02\/avaluacio-recerca\/","title":{"rendered":"Avaluaci\u00f3 de la recerca (R+D)"},"content":{"rendered":"<p><img decoding=\"async\" loading=\"lazy\" src=\"http:\/\/monempresarial.com\/wp-content\/uploads\/2016\/07\/mon-empresarial-006-jordi-mas.png\" alt=\"mon-empresarial-006-jordi-mas\" width=\"300\" height=\"310\" class=\"alignright size-full wp-image-10651\" srcset=\"https:\/\/www.monempresarial.com\/wp-content\/uploads\/2016\/07\/mon-empresarial-006-jordi-mas.png 300w, https:\/\/www.monempresarial.com\/wp-content\/uploads\/2016\/07\/mon-empresarial-006-jordi-mas-290x300.png 290w\" sizes=\"(max-width: 300px) 100vw, 300px\" \/><\/p>\n<h4 style=\"color: #602D11;\">En l\u2019economia del coneixement, l\u2019R+D \u00e9s la principal activitat que genera valor afegit. En una situaci\u00f3 de recursos escassos cal que esmercem el finan\u00e7ament p\u00fablic de l\u2019R+D amb la m\u00e0xima efic\u00e0cia i efici\u00e8ncia. Hem de tenir a punt sistemes per a l\u2019avaluaci\u00f3 de l\u2019R+D.<\/h4>\n<p>&nbsp;<br \/>\n&nbsp;<br \/>\n&nbsp;<br \/>\n<span style=\"color: #663300; font-weight: bold; text-transform:uppercase;\">Dr. Jordi Mas. <\/span> Director executiu d\u2019AGAUR.<\/p>\n<hr style=\"color: #b72126; size=\"20\"\" \/>\n&nbsp;<br \/>\n<span style=\"color: #636362; font-weight: bold; text-transform:uppercase;\">L\u2019avaluaci\u00f3 de l\u2019R+D \u00e9s una eina indispensable de la pol\u00edtica cient\u00edfica<\/span> ja que contribueix a la presa de decisions sobre el funcionament dels programes en curs. A la vegada, una correcta avaluaci\u00f3 de l\u2019R+D ha de donar plenes garanties al finan\u00e7ament privat, m\u00e9s focalitzat en la cerca de resultats comercialitzables.<\/p>\n<p>Dels procediments existents, el m\u00e9s \u00e0mpliament utilitzat per les ag\u00e8ncies avaluadores del m\u00f3n \u00e9s el panel d\u2019experts o <i>peer review<\/i>. Es basa a recavar l\u2019opini\u00f3 qualitativa d\u2019experts del tema en q\u00fcesti\u00f3 sota uns criteris objectius. Permet incorporar l\u2019experi\u00e8ncia acumulada dels avaluadors en la presa de decisions.<\/p>\n<p>En el cas de Catalunya, l\u2019Ag\u00e8ncia de Gesti\u00f3 d\u2019Ajuts Universitaris i de Recerca (AGAUR) disposa d\u2019una base de dades de m\u00e9s de 5.000 avaluadors, tant nacionals com internacionals, experts en tots els \u00e0mbits del coneixement. De manera informatitzada recull les opinions i els consells dels avaluadors seleccionats sobre els processos en marxa. Totes les avaluacions es documenten seguint un proc\u00e9s normativitzat i rigor\u00f3s.<\/p>\n<p>Les noves tend\u00e8ncies en avaluaci\u00f3 provenen de la capacitat tecnol\u00f2gica d\u2019accedir i analitzar grans quantitats de dades que superen els m\u00e8todes bibliom\u00e8trics tradicionals, contribuint aix\u00ed a complementar la informaci\u00f3 que tenen els experts a l\u2019hora d\u2019avaluar. En un altre sentit, recavar l\u2019opini\u00f3 del p\u00fablic en general sobre els projectes pot contribuir a refor\u00e7ar la comunicaci\u00f3 cient\u00edfica envers la promoci\u00f3 de la funci\u00f3 social de la ci\u00e8ncia.<\/p>\n<hr style=\"color: #b72126; size=\"20\"\" \/>\n<h4>L\u2019avaluaci\u00f3 de l\u2019R+D<img decoding=\"async\" loading=\"lazy\" src=\"http:\/\/monempresarial.com\/wp-content\/uploads\/2016\/07\/mon-empresarial-006-idees-innovacio.png\" alt=\"mon-empresarial-006-idees-innovacio\" width=\"145\" height=\"193\" class=\"alignleft size-full wp-image-10649\" \/> \u00e9s una activitat complexa. Com a eina indispensable en la definici\u00f3 i execuci\u00f3 de l\u2019estrat\u00e8gia d\u2019R+D, ens permet garantir que els programes en curs compleixen els objectius fixats. Per\u00f2, a la vegada, s\u2019ha de tenir present que l\u2019impacte immediat de l\u2019R+D t\u00e9 car\u00e0cter intangible i que els seus beneficis reals no es materialitzaran fins passats anys.<\/h4>\n","protected":false},"excerpt":{"rendered":"<p>En l\u2019economia del coneixement, l\u2019R+D \u00e9s la principal activitat que genera valor afegit. En una situaci\u00f3 de recursos escassos cal que esmercem el finan\u00e7ament p\u00fablic de l\u2019R+D amb la m\u00e0xima efic\u00e0cia i efici\u00e8ncia. Hem de tenir a punt sistemes per a l\u2019avaluaci\u00f3 de l\u2019R+D.<\/p>\n","protected":false},"author":1,"featured_media":10653,"comment_status":"open","ping_status":"open","sticky":false,"template":"","format":"standard","meta":{"_mi_skip_tracking":false,"mc4wp_mailchimp_campaign":[],"jnews-multi-image_gallery":[],"jnews_single_post":[],"jnews_primary_category":[]},"categories":[11,10817,10833,37,41],"tags":[617,4303,635,4304,1149,4305,1818,4306,2435,4307,2605,3023,4294,4295,4296,4297,4298,113,4299,116,4300,181,4301,240,4302],"_links":{"self":[{"href":"https:\/\/www.monempresarial.com\/ca\/wp-json\/wp\/v2\/posts\/10647"}],"collection":[{"href":"https:\/\/www.monempresarial.com\/ca\/wp-json\/wp\/v2\/posts"}],"about":[{"href":"https:\/\/www.monempresarial.com\/ca\/wp-json\/wp\/v2\/types\/post"}],"author":[{"embeddable":true,"href":"https:\/\/www.monempresarial.com\/ca\/wp-json\/wp\/v2\/users\/1"}],"replies":[{"embeddable":true,"href":"https:\/\/www.monempresarial.com\/ca\/wp-json\/wp\/v2\/comments?post=10647"}],"version-history":[{"count":1,"href":"https:\/\/www.monempresarial.com\/ca\/wp-json\/wp\/v2\/posts\/10647\/revisions"}],"predecessor-version":[{"id":47448,"href":"https:\/\/www.monempresarial.com\/ca\/wp-json\/wp\/v2\/posts\/10647\/revisions\/47448"}],"wp:featuredmedia":[{"embeddable":true,"href":"https:\/\/www.monempresarial.com\/ca\/wp-json\/wp\/v2\/media\/10653"}],"wp:attachment":[{"href":"https:\/\/www.monempresarial.com\/ca\/wp-json\/wp\/v2\/media?parent=10647"}],"wp:term":[{"taxonomy":"category","embeddable":true,"href":"https:\/\/www.monempresarial.com\/ca\/wp-json\/wp\/v2\/categories?post=10647"},{"taxonomy":"post_tag","embeddable":true,"href":"https:\/\/www.monempresarial.com\/ca\/wp-json\/wp\/v2\/tags?post=10647"}],"curies":[{"name":"wp","href":"https:\/\/api.w.org\/{rel}","templated":true}]}}