{"id":10663,"date":"2016-08-03T08:30:37","date_gmt":"2016-08-03T06:30:37","guid":{"rendered":"http:\/\/monempresarial.com\/?p=10663"},"modified":"2025-09-24T10:25:43","modified_gmt":"2025-09-24T08:25:43","slug":"interessos-demora-pla-pagament-proveidors","status":"publish","type":"post","link":"https:\/\/www.monempresarial.com\/ca\/2016\/08\/03\/interessos-demora-pla-pagament-proveidors\/","title":{"rendered":"Interessos de demora del Pla de Pagament a Prove\u00efdors<\/span>"},"content":{"rendered":"<p><img decoding=\"async\" loading=\"lazy\" src=\"http:\/\/monempresarial.com\/wp-content\/uploads\/2016\/07\/mon-empresarial-006-antonio-canyete.png\" alt=\"mon-empresarial-006-antonio-canyete\" width=\"300\" height=\"310\" class=\"alignright size-full wp-image-10665\" srcset=\"https:\/\/www.monempresarial.com\/wp-content\/uploads\/2016\/07\/mon-empresarial-006-antonio-canyete.png 300w, https:\/\/www.monempresarial.com\/wp-content\/uploads\/2016\/07\/mon-empresarial-006-antonio-canyete-290x300.png 290w\" sizes=\"(max-width: 300px) 100vw, 300px\" \/><\/p>\n<h4 style=\"color: #602D11;\">L\u2019increment en els costos de finan\u00e7ament per a l\u2019execuci\u00f3 o realitzaci\u00f3 d\u2019un servei o producte cal assumir-los o repercutir-los a priori sense con\u00e8ixer el seu abast? La major necessitat de recursos financers ser\u00e0 necess\u00e0riament limitativa del percentatge de dedicaci\u00f3 d\u2019activitat productiva de l\u2019empresa al sector p\u00fablic?<\/h4>\n<p>&nbsp;<br \/>\n&nbsp;<br \/>\n&nbsp;<br \/>\n<span style=\"color: #663300; font-weight: bold; text-transform:uppercase;\">Antoni Ca\u00f1ete.<\/span> President de la PMcM i secretari general de PIMEC.<\/p>\n<hr style=\"color: #b72126; size=\"20\"\" \/>\n&nbsp;<br \/>\n<span style=\"color: #636362; font-weight: bold; text-transform:uppercase;\">El dia 12 de maig es va publicar<\/span> l&#8217;escrit de conclusions de l&#8217;advocada general del Tribunal de Just\u00edcia Europeu sobre la q\u00fcesti\u00f3 prejudicial C-555\/14 que plantejava si la ren\u00fancia als interessos de demora era condici\u00f3 necess\u00e0ria per adherir-se als plans de pagament a prove\u00efdors promoguts pel Govern d&#8217;Espanya i si incomplia o no la Directiva europea en mat\u00e8ria de morositat. <\/p>\n<p>En les directives 2000\/35 \/ CE i 2011\/7 \/ UE del Parlament Europeu i del Consell, de 16 de febrer de 2011, s&#8217;estableixen mesures de lluita contra la morositat en les operacions comercials. A priori no s&#8217;oposen a una norma nacional que atorgui al creditor el dret a adherir-se a un mecanisme de pagament \u201caccelerat\u201d.<\/p>\n<p>El controvertit car\u00e0cter &#8220;voluntari&#8221; que l&#8217;advocada atribu\u00efa a l&#8217;adhesi\u00f3 \u00e9s la clau de les conclusions. Tot i que la mateixa Comissi\u00f3 Europea va intentar replicar vehementment que, en certa manera, el mecanisme no era voluntari i que, de fet, els creditors no tenien gaire elecci\u00f3, entre altres q\u00fcestions perqu\u00e8 d\u2019alguna forma ignoraven el temps que haurien d\u2019esperar. <\/p>\n<p>Unes dilacions que anteriorment ja havien generat l&#8217;agonitzant situaci\u00f3 econ\u00f2mica vinculada amb el tancament de m\u00e9s de 500.000 empreses.<\/p>\n<hr style=\"color: #b72126; size=\"20\"\" \/>\n<h4>\u00c9s evident que <img decoding=\"async\" loading=\"lazy\" src=\"http:\/\/monempresarial.com\/wp-content\/uploads\/2016\/07\/mon-empresarial-006-morositat-proveidors.png\" alt=\"mon-empresarial-006-morositat-proveidors\" width=\"244\" height=\"227\" class=\"alignleft size-full wp-image-10669\" \/>sufocar les empreses va ser positiu, per\u00f2 no tenim cap dubte que en el procediment s\u2019incorria, en negar els interessos, un clar ab\u00fas de poder que conculcava l\u2019esperit de les lleis europees.  Des de la PMcM i PIMEC sempre hem confiat en les Institucions Europees, i en no poques ocasions hem trobat en elles el suport i la protecci\u00f3 que moltes vegades no hem aconseguit en les nostres institucions i representats. Desitgem que es trobin les solucions necess\u00e0ries pel b\u00e9 de tothom.<\/h4>\n","protected":false},"excerpt":{"rendered":"<p>L\u2019increment en els costos de finan\u00e7ament per a l\u2019execuci\u00f3 o realitzaci\u00f3 d\u2019un servei o producte cal assumir-los o repercutir-los a priori sense con\u00e8ixer el seu abast? La major necessitat de recursos financers ser\u00e0 necess\u00e0riament limitativa del percentatge de dedicaci\u00f3 d\u2019activitat productiva de l\u2019empresa al sector p\u00fablic? <\/p>\n","protected":false},"author":1,"featured_media":10667,"comment_status":"open","ping_status":"open","sticky":false,"template":"","format":"standard","meta":{"_mi_skip_tracking":false,"mc4wp_mailchimp_campaign":[],"jnews-multi-image_gallery":[],"jnews_single_post":[],"jnews_primary_category":[]},"categories":[11,37],"tags":[2605,4331,2622,4332,3645,4333,4318,4334,4319,7675,4320,4321,4322,4323,4324,4325,4326,611,4327,997,4328,1818,4329,2432,4330],"_links":{"self":[{"href":"https:\/\/www.monempresarial.com\/ca\/wp-json\/wp\/v2\/posts\/10663"}],"collection":[{"href":"https:\/\/www.monempresarial.com\/ca\/wp-json\/wp\/v2\/posts"}],"about":[{"href":"https:\/\/www.monempresarial.com\/ca\/wp-json\/wp\/v2\/types\/post"}],"author":[{"embeddable":true,"href":"https:\/\/www.monempresarial.com\/ca\/wp-json\/wp\/v2\/users\/1"}],"replies":[{"embeddable":true,"href":"https:\/\/www.monempresarial.com\/ca\/wp-json\/wp\/v2\/comments?post=10663"}],"version-history":[{"count":1,"href":"https:\/\/www.monempresarial.com\/ca\/wp-json\/wp\/v2\/posts\/10663\/revisions"}],"predecessor-version":[{"id":47447,"href":"https:\/\/www.monempresarial.com\/ca\/wp-json\/wp\/v2\/posts\/10663\/revisions\/47447"}],"wp:featuredmedia":[{"embeddable":true,"href":"https:\/\/www.monempresarial.com\/ca\/wp-json\/wp\/v2\/media\/10667"}],"wp:attachment":[{"href":"https:\/\/www.monempresarial.com\/ca\/wp-json\/wp\/v2\/media?parent=10663"}],"wp:term":[{"taxonomy":"category","embeddable":true,"href":"https:\/\/www.monempresarial.com\/ca\/wp-json\/wp\/v2\/categories?post=10663"},{"taxonomy":"post_tag","embeddable":true,"href":"https:\/\/www.monempresarial.com\/ca\/wp-json\/wp\/v2\/tags?post=10663"}],"curies":[{"name":"wp","href":"https:\/\/api.w.org\/{rel}","templated":true}]}}