{"id":10773,"date":"2016-08-18T08:30:21","date_gmt":"2016-08-18T06:30:21","guid":{"rendered":"http:\/\/monempresarial.com\/?p=10773"},"modified":"2021-04-22T14:36:15","modified_gmt":"2021-04-22T12:36:15","slug":"entrevista-a-miquel-valls-economista-i-president-de-la-cambra-de-comerc-industria-i-navegacio-de-barcelona","status":"publish","type":"post","link":"https:\/\/www.monempresarial.com\/ca\/2016\/08\/18\/entrevista-a-miquel-valls-economista-i-president-de-la-cambra-de-comerc-industria-i-navegacio-de-barcelona\/","title":{"rendered":"Entrevista a <span style=\"color: # b8b4b4; font-weight: bold; text-transform:uppercase;\">Miquel Valls.<\/span> Economista i president de La Cambra de Comer\u00e7, Ind\u00fastria i Navegaci\u00f3 de Barcelona"},"content":{"rendered":"<h5 style=\"color: #000000;\">Ferm defensor del valors tradicionals com l\u2019esfor\u00e7, el treball, la perseveran\u00e7a, i l\u2019honestedat, Miquel Valls \u00e9s un optimista de mena que sempre es mostrat avesat a veure el got mig ple. Aix\u00ed, al seu parer, xacres com ara la corrupci\u00f3, l\u2019atur o fins i tot problemes globals com el canvi clim\u00e0tic i la crisi de refugiats han de tenir una lectura positiva: ens encaminen \u2013necess\u00e0riament- cap a una societat m\u00e9s solid\u00e0ria i conscienciada. I \u00e9s que per a aquest lletraferit amant de l\u2019art que de jove sentia fascinaci\u00f3 pel Capit\u00e1n Trueno, Ladislao Kubala i la Vivien Leigh d\u2019<i>All\u00f2 que el vent s\u2019endugu\u00e9<\/i>, \u201cel millor encara ha d\u2019arribar\u201d. El seu proper repte? Aconseguir una nova llei de cambres catalana.<\/h5>\n<p>&nbsp;<br \/>\nText: <a style=\"color: #AEB100;\" href=\"http:\/\/monempresarial.com\/author\/ebouisset\/\">Emma Bouisset<\/a>&nbsp;Fotos: <span style=\"color: #AEB100; \">cedides<\/span><br \/>\n&nbsp;<br \/>\n&nbsp;<\/p>\n<hr style=\"color: #b72126; size=\"20\"\" \/>\n<img decoding=\"async\" loading=\"lazy\" src=\"http:\/\/monempresarial.com\/wp-content\/uploads\/2016\/07\/mon-empresarial-006-miquel-valls-004.png\" alt=\"mon-empresarial-006-miquel-valls-004\" width=\"215\" height=\"321\" class=\"alignleft size-full wp-image-10789\" srcset=\"https:\/\/www.monempresarial.com\/wp-content\/uploads\/2016\/07\/mon-empresarial-006-miquel-valls-004.png 215w, https:\/\/www.monempresarial.com\/wp-content\/uploads\/2016\/07\/mon-empresarial-006-miquel-valls-004-201x300.png 201w\" sizes=\"(max-width: 215px) 100vw, 215px\" \/><span style=\"color: #AEB100; font-weight: bold;\">\u00c9s Llicenciat en Econ\u00f2miques. Sempre va voler ser economista?<\/span><br \/>\nS\u00ed, de bon principi em vaig plantejar ser economista i dedicar-me al m\u00f3n de l\u2019empresa. Sempre ho vaig tenir molt clar.<\/p>\n<p><span style=\"color: #AEB100; font-weight: bold;\">Era bon estudiant?<\/span><br \/>\nMolt, la veritat. \u00c9s clar que no treia deus en totes les assignatures, per\u00f2 els podia treure en mat\u00e8ries tan dispars com les matem\u00e0tiques o la filosofia.<\/p>\n<p><span style=\"color: #AEB100; font-weight: bold;\">En qu\u00e8 es gastava la paga setmanal?<\/span><br \/>\nEn llibres. No feia altra cosa que comprar llibres. I no nom\u00e9s relacionats amb l\u2019economia i els seus cl\u00e0ssics; tamb\u00e9 en comprava molts d\u2019hist\u00f2ria de l\u2019art. A Batxillerat em va arribar a atraure molt el m\u00f3n de l\u2019art i, de fet, encara ara m\u2019atrau.<\/p>\n<blockquote>\n<h2 style=\"color: #AEB100;\">\u201cA la vida del que treballa i t\u00e9 il\u00b7lusi\u00f3, sempre hi ha oportunitats\u201d<\/h2>\n<\/blockquote>\n<p><figure id=\"attachment_10778\" aria-describedby=\"caption-attachment-10778\" style=\"width: 300px\" class=\"wp-caption alignright\"><img decoding=\"async\" loading=\"lazy\" src=\"http:\/\/monempresarial.com\/wp-content\/uploads\/2016\/07\/mon-empresarial-006-miquel-valls-001.png\" alt=\"Per aconseguir una conciliaci\u00f3 laboral i familiar efectiva \u201ccal un canvi a la societat i a la cultura empresarial\u201d, segons Valls. Perqu\u00e8 n\u2019opcions \u201cn\u2019hi ha\u201d. La reforma hor\u00e0ria seria una d\u2019elles, segons un estudi de l\u2019Observatori Dona, Empresa i Economia de La Cambra.\" width=\"300\" height=\"448\" class=\"size-full wp-image-10778\" srcset=\"https:\/\/www.monempresarial.com\/wp-content\/uploads\/2016\/07\/mon-empresarial-006-miquel-valls-001.png 300w, https:\/\/www.monempresarial.com\/wp-content\/uploads\/2016\/07\/mon-empresarial-006-miquel-valls-001-201x300.png 201w\" sizes=\"(max-width: 300px) 100vw, 300px\" \/><figcaption id=\"caption-attachment-10778\" class=\"wp-caption-text\">Per aconseguir una conciliaci\u00f3 laboral i familiar efectiva \u201ccal un canvi a la societat i a la cultura empresarial\u201d, segons Valls. Perqu\u00e8 n\u2019opcions \u201cn\u2019hi ha\u201d. La reforma hor\u00e0ria seria una d\u2019elles, segons un estudi de l\u2019Observatori Dona, Empresa i Economia de La Cambra.<\/figcaption><\/figure><span style=\"color: #AEB100; font-weight: bold;\">De petit, a qui admirava?<\/span><br \/>\nEl primer que em ve al cap \u00e9s el Capit\u00e1n Trueno [riu]. Per\u00f2 com que sempre es diu alg\u00fa relacionat amb l\u2019esport i alg\u00fa relacionat amb el cine, li dir\u00e9 Kubala i Vivien Leigh, que em va fascinar a <i>All\u00f2 que el vent s\u2019endugu\u00e9<\/i>.<\/p>\n<p><span style=\"color: #AEB100; font-weight: bold;\">I ara?<\/span><br \/>\nAra a Janet Yellen, la presidenta de la Reserva Federals dels EUA, per la seva prud\u00e8ncia.<\/p>\n<p><span style=\"color: #AEB100; font-weight: bold;\">La Barcelona de la seva infantesa i l\u2019actual no tenen res a veure. Hem anat a millor o a pitjor?<\/span><br \/>\nSense cap dubte, a molt millor en tots els sentits. <\/p>\n<p><span style=\"color: #AEB100; font-weight: bold;\">Qu\u00e8 li manca i qu\u00e8 li sobra a la ciutat que el va veure n\u00e9ixer?<\/span><br \/>\nLi manquen zones verdes i li sobren pol\u00edtiques intervencionistes.<\/p>\n<p><span style=\"color: #AEB100; font-weight: bold;\">Barcelona (amb l\u2019actual boom del turisme, el Mobile World Congress&#8230;)  morir\u00e0 d\u2019\u00e8xit?<\/span><br \/>\nEn cap cas. Cap ciutat mor d\u2019\u00e8xit per ser m\u00e9s rica i per oferir un millor nivell de vida als seus ciutadans. Les ciutats poden morir per exc\u00e9s de regulaci\u00f3 i de control, per\u00f2 no per generar riquesa.<\/p>\n<p><span style=\"color: #AEB100; font-weight: bold;\">El seu curr\u00edculum \u00e9s molt extens. A banda de desenvolupar la seva activitat professional principalment a La Cambra de Comer\u00e7, Ind\u00fastria i Navegaci\u00f3 de Barcelona, vost\u00e8 ha estat vinculat a Fira de Barcelona, Fichet, la Corporaci\u00f3 Catalana de Comunicaci\u00f3 i  la Fundaci\u00f3 Conservatori del Liceu, a m\u00e9s d\u2019exercir funcions executives en el grup familiar d&#8217;empreses Valls. Quina considera que ha estat la seva m\u00e0xima fita?<\/span><br \/>\nHe aconseguit molts \u00e8xits al llarg de la meva vida professional, per\u00f2 la m\u00e0xima fita \u00e9s sempre la propera. S\u00f3c dels que penso que el millor encara ha d\u2019arribar. <\/p>\n<blockquote>\n<h2 style=\"color: #AEB100;\">Sobre Barcelona: \u201cCap ciutat mor d\u2019\u00e8xit per ser m\u00e9s rica i per oferir un millor nivell de vida als seus ciutadans. Les ciutats poden morir per exc\u00e9s de regulaci\u00f3 i de control, per\u00f2 no per generar riquesa.\u201d<\/h2>\n<\/blockquote>\n<p><figure id=\"attachment_10782\" aria-describedby=\"caption-attachment-10782\" style=\"width: 300px\" class=\"wp-caption alignleft\"><img decoding=\"async\" loading=\"lazy\" src=\"http:\/\/monempresarial.com\/wp-content\/uploads\/2016\/07\/mon-empresarial-006-miquel-valls-003.png\" alt=\"El president de La Cambra considera que \u201cles condicions que ofereix la societat espanyola no s\u00f3n prou atractives per a determinats professionals\u201d. Per aix\u00f2, per evitar la fuga de talents, al seu parer \u201cs\u2019hauria d\u2019incentivar la investigaci\u00f3, la innovaci\u00f3 i el coneixement\u201d.\" width=\"300\" height=\"448\" class=\"size-full wp-image-10782\" srcset=\"https:\/\/www.monempresarial.com\/wp-content\/uploads\/2016\/07\/mon-empresarial-006-miquel-valls-003.png 300w, https:\/\/www.monempresarial.com\/wp-content\/uploads\/2016\/07\/mon-empresarial-006-miquel-valls-003-201x300.png 201w\" sizes=\"(max-width: 300px) 100vw, 300px\" \/><figcaption id=\"caption-attachment-10782\" class=\"wp-caption-text\">El president de La Cambra considera que \u201cles condicions que ofereix la societat espanyola no s\u00f3n prou atractives per a determinats professionals\u201d. Per aix\u00f2, per evitar la fuga de talents, al seu parer \u201cs\u2019hauria d\u2019incentivar la investigaci\u00f3, la innovaci\u00f3 i el coneixement\u201d.<\/figcaption><\/figure><span style=\"color: #AEB100; font-weight: bold;\">I el seu proper repte?<\/span><br \/>\nAssolir amb \u00e8xit una nova llei de cambres catalana. <\/p>\n<p><span style=\"color: #AEB100; font-weight: bold;\">Ha pensat mai a llen\u00e7ar la tovallola?<\/span><br \/>\nMai. En els moments dif\u00edcils, que n\u2019hi ha hagut, l\u2019optimisme m\u2019ha fet tirar endavant. Crec que sempre m\u2019he caracteritzat per una actitud positiva enfront de les adversitats i aix\u00f2 m\u2019ha ajudat molt a no tirar la tovallola.<\/p>\n<p><span style=\"color: #AEB100; font-weight: bold;\">Creu que si nasqu\u00e9s ara tindria les mateixes oportunitats?<\/span><br \/>\nS\u00ed. Considero que les oportunitats no depenen del moment, sin\u00f3 de l\u2019actitud i de la capacitat de treball. A la vida del que treballa i t\u00e9 il\u00b7lusi\u00f3, sempre hi ha oportunitats.<\/p>\n<p><span style=\"color: #AEB100; font-weight: bold;\">Vost\u00e8 ha tingut cinc fills. Quins valors podem inculcar a les noves generacions si vivim en un pa\u00eds on, segons el bar\u00f2metre del passat mes de febrer del Centre d\u2019Investigacions Sociol\u00f2giques (CIS), la corrupci\u00f3 \u00e9s el segon motiu de preocupaci\u00f3 dels espanyols, tan sols superat per l\u2019atur?<\/span><br \/>\nCrec que els valors que s\u2019han d\u2019inculcar s\u00f3n els valors de sempre, els tradicionals. \u00c9s a dir, l\u2019esfor\u00e7, el treball, la perseveran\u00e7a, l\u2019optimisme i l\u2019honestedat. <\/p>\n<blockquote>\n<h2 style=\"color: #AEB100;\">\u201cEn els moments dif\u00edcils, que n\u2019hi ha hagut, l\u2019optimisme m\u2019ha fet tirar endavant. Sempre m\u2019he caracteritzat per una actitud positiva enfront de les adversitats i aix\u00f2 m\u2019ha ajudat molt a no tirar la tovallola.\u201d<\/h2>\n<\/blockquote>\n<p><span style=\"color: #AEB100; font-weight: bold;\">Aquest mateix informe indica que la crisi dels refugiats \u2013el primer problema global- no est\u00e0 entre les  preocupacions dels espanyols&#8230; Cap a on anem?<\/span><br \/>\nEn el futur, cap a una societat m\u00e9s solid\u00e0ria. Finalment tothom ser\u00e0 conscient d\u2019aquest problema.<\/p>\n<p><img decoding=\"async\" loading=\"lazy\" src=\"http:\/\/monempresarial.com\/wp-content\/uploads\/2016\/07\/mon-empresarial-006-eleccions-26-j.png\" alt=\"mon-empresarial-006-eleccions-26-j\" width=\"250\" height=\"424\" class=\"alignright size-full wp-image-10787\" srcset=\"https:\/\/www.monempresarial.com\/wp-content\/uploads\/2016\/07\/mon-empresarial-006-eleccions-26-j.png 250w, https:\/\/www.monempresarial.com\/wp-content\/uploads\/2016\/07\/mon-empresarial-006-eleccions-26-j-177x300.png 177w\" sizes=\"(max-width: 250px) 100vw, 250px\" \/><span style=\"color: #AEB100; font-weight: bold;\">D\u2019altra banda, l&#8217;Institut de Pol\u00edtica Familiar assenyala en el seu informe de desembre de 2015 sobre conciliaci\u00f3 laboral i familiar a Espanya que aquesta \u00e9s cada vegada &#8220;m\u00e9s defectuosa&#8221; a causa de la incorporaci\u00f3 dels dos c\u00f2njuges al mercat de treball i l&#8217;allargament dels horaris laborals. Com podem trobar una soluci\u00f3 a aquest problema?<\/span><br \/>\nLa soluci\u00f3 es troba, crec, en qu\u00e8 tots dos c\u00f2njuges aportin generositat i que es produeixi un canvi a la societat i a la cultura empresarial. D\u2019opcions n\u2019hi ha. La Cambra va crear l\u2019any 2008 l\u2019Observatori Dona, Empresa i Economia, i un dels \u00faltims estudis justament analitzava les mesures de conciliaci\u00f3. Entre les conclusions, s\u2019apuntava que la reforma hor\u00e0ria beneficiaria sobretot l\u2019educaci\u00f3 dels fills i la carrera professional de les dones. A m\u00e9s, gaireb\u00e9 el 40% d\u2019empreses ja apliquen l\u2019horari laboral europeu, total o parcialment; i en el cas de les que no ho fan, el 78% estarien disposades a fer-ho.<\/p>\n<p><span style=\"color: #AEB100; font-weight: bold;\">Li preocupa el futur que deixarem als nostres fills? Els impactes del canvi clim\u00e0tic s\u00f3n, any rere any, m\u00e9s evidents. Des de la seva posici\u00f3 com a pare i com a president del Consell General de Cambres de Catalunya, se\u2019n sent responsable?<\/span><br \/>\nTota la societat en som responsables. Per\u00f2 tamb\u00e9 en aquest terreny s\u2019est\u00e0 avan\u00e7ant i cada vegada est\u00e0 tothom m\u00e9s conscienciat. Ara als nens ja els inculquen a l\u2019escola la necessitat de reciclar.<\/p>\n<p><span style=\"color: #AEB100; font-weight: bold;\">I qu\u00e8 n\u2019opina de la fuga de cervells? Els <i>millennials<\/i>, la generaci\u00f3 m\u00e9s preparada de la hist\u00f2ria \u00e9s, alhora, la m\u00e9s castigada laboralment. Com ho hem de fer perqu\u00e8 el talent arribi a l\u2019empresa, s\u2019hi quedi i innovi?<\/span><br \/>\nLes condicions que ofereix la societat espanyola no s\u00f3n prou atractives per a determinats professionals que s\u2019han estat preparant durant molts anys i que no tenen a l\u2019abast les oportunitats o els incentius que esperaven del sistema. Crec que el que s\u2019hauria de fer \u00e9s incentivar la investigaci\u00f3, la innovaci\u00f3 i el coneixement. D\u2019aquesta manera, el talent podria quedar-se aqu\u00ed i no es veuria obligat a marxar.<\/p>\n<blockquote>\n<h2 style=\"color: #AEB100;\">\u201c[Sobre el 26J] El que hem vist els \u00faltims quatre mesos, les diverg\u00e8ncies di\u00e0ries entre els diferents partits i el fet que no es posin d\u2019acord en gaireb\u00e9 res, provoca cansament i desenc\u00eds en la poblaci\u00f3 i fa pensar en una abstenci\u00f3 important el 26J. Malgrat aix\u00f2, confio que no afecti tant com est\u00e0 previst i que a la nit puguem parlar d\u2019una participaci\u00f3 significativa.\u201d<\/h2>\n<\/blockquote>\n<p><span style=\"color: #AEB100; font-weight: bold;\">Un altre col\u00b7lectiu castigat per la crisi \u00e9s el dels majors de 45 anys&#8230;<\/span><br \/>\nL\u2019economia i l\u2019entorn econ\u00f2mic, empresarial i laboral canvien. L\u2019\u00fanica alternativa que t\u00e9 aquesta generaci\u00f3 \u00e9s reciclar-se per adquirir els coneixements que reclama la nova realitat econ\u00f2mica i, finalment, poder tornar a formar part del mercat de treball.<\/p>\n<p><span style=\"color: #AEB100; font-weight: bold;\">Iniciatives com la Plataforma CTI, a la qual s\u2019ha adherit el Consell General de Cambres de Catalunya, i que promou la interacci\u00f3 i la cooperaci\u00f3 estable entre les universitats i el m\u00f3n empresarial poden donar resposta a aquestes problem\u00e0tiques?<\/span><br \/>\nEl Consell de Cambres es va adherir a la plataforma Coneixement Territori i Innovaci\u00f3 que impulsa l\u2019Associaci\u00f3 d\u2019Universitats P\u00fabliques de Catalunya perqu\u00e8 creiem que una de les assignatures pendents de Catalunya \u00e9s bastir els ponts que traslladin a les empreses, i especialment les pimes catalanes, la gran quantitat de recerca que es fa a les universitats i que imperativament s\u2019ha de convertir en guanys de productivitat i millores dels productes oferts pel teixit empresarial que els permetin augmentar l\u2019oferta de llocs de treball, exportar m\u00e9s i contribuir a la millora del benestar i la cohesi\u00f3 social.<\/p>\n<p><span style=\"color: #AEB100; font-weight: bold;\">Per acabar, deixi\u2019m preguntar-li sobre pol\u00edtica: finalitzada la legislatura m\u00e9s breu de la hist\u00f2ria de la democr\u00e0cia espanyola, ja tenim data per a les eleccions generals. El proper 26 de juny, creu que els ciutadans aniran en massa a les urnes o als pol\u00edtics ja no se\u2019ls creu ning\u00fa?<\/span><br \/>\nSeria molt positiu que els ciutadans acudissin massivament a les urnes. Per\u00f2 el que hem vist els \u00faltims quatre mesos, les diverg\u00e8ncies di\u00e0ries entre els diferents partits i el fet que no es posin d\u2019acord en gaireb\u00e9 res, provoca cansament i desenc\u00eds en la poblaci\u00f3 i fan pensar en una abstenci\u00f3 important el 26J. Malgrat aix\u00f2, confio que no afecti tant com est\u00e0 previst i que el 26J a la nit puguem parlar d\u2019una participaci\u00f3 significativa.<\/p>\n<div style=\"background-color: #AEB100; text-align: center;\"><span style=\"color: #ffffff; font-weight: bold; text-transform:uppercase;\">A fons<\/span><\/div>\n<p><img decoding=\"async\" loading=\"lazy\" src=\"http:\/\/monempresarial.com\/wp-content\/uploads\/2016\/07\/mon-empresarial-006-miquel-valls-002.png\" alt=\"mon-empresarial-006-miquel-valls-002\" width=\"250\" height=\"373\" class=\"alignright size-full wp-image-10780\" srcset=\"https:\/\/www.monempresarial.com\/wp-content\/uploads\/2016\/07\/mon-empresarial-006-miquel-valls-002.png 250w, https:\/\/www.monempresarial.com\/wp-content\/uploads\/2016\/07\/mon-empresarial-006-miquel-valls-002-201x300.png 201w\" sizes=\"(max-width: 250px) 100vw, 250px\" \/>Miquel Valls i Maseda (Barcelona, 1943) presideix La Cambra de Comer\u00e7, Ind\u00fastria i Navegaci\u00f3 de Barcelona des del 2002 (\u00e9s membre de la instituci\u00f3 des del 1996). Llicenciat en Ci\u00e8ncies Econ\u00f2miques per la UB, tamb\u00e9 \u00e9s M\u00e0ster en Gesti\u00f3 Gerencial (EADA) i Diplomat en Direcci\u00f3 d&#8217;Empreses (IESE). Entre el 1970 i el 1984 va exercir funcions executives en el grup familiar d\u2019empreses VALLS, que operaven en el sector metal\u00b7l\u00fargic, i entre el 1985 i el 2000 va ser accionista majoritari i President Executiu de COMERCIAL DVP -despr\u00e9s ACCIAI SPECIALI TERNI-, tamb\u00e9 del sector metal\u00b7l\u00fargic. Valls, que \u00e9s membre del Consell d\u2019Administraci\u00f3 de FICHET, S.A. des del 1970 (actualment GUNNEBO ESPA\u00d1A, S.A.), va incorporar-se l\u2019any 2000 a la Junta Directiva de MUTUAL CYCLOPS i des del 2001 \u00e9s membre de la Comissi\u00f3 Permanent; des  de 2005 \u00e9s president de MUTUAL MIDAT CYCLOPS.<br \/>\nPer altra banda, entre 1998 i el 2000 va ser membre del Comit\u00e8 Executiu de la Fira de Barcelona i president de la Comissi\u00f3 Econ\u00f2mica. Ha format part de la Pon\u00e8ncia Estrat\u00e8gica de la Fira i del seu Consell d\u2019Administraci\u00f3.<br \/>\nActualment, \u00e9s vicepresident del Consell General, a m\u00e9s de president del Consell General de Cambres de Catalunya i vicepresident de la C\u00e1mara de Espa\u00f1a, vicepresident d\u2019ASCAME (Asociaci\u00f3n de C\u00e1maras de Comercio del Mediterr\u00e1neo), vicepresident d\u2019Eurochambres, president del Comit\u00e8 Espanyol de la Chambre de Commerce Internationale (CCI) i membre del Consell General de la World Chamber Federation. Tamb\u00e9 \u00e9s president del Barcelona Centre de Disseny, i membre del Consell assessor d\u2019Abertis, del Consell d\u2019Administraci\u00f3 de GAS NATURAL-UNION FENOSA, del Consell d\u2019Administraci\u00f3 de VidaCaixa Grupo, del Consell d\u2019Administraci\u00f3 d\u2019EMERGIA, del Consell Assessor de Foment del Treball Nacional i del Comit\u00e8 Executiu del Consorci de la Zona Franca.<\/p>\n","protected":false},"excerpt":{"rendered":"<p>Ferm defensor del valors tradicionals com l\u2019esfor\u00e7, el treball, la perseveran\u00e7a, i l\u2019honestedat, Miquel Valls \u00e9s un optimista de mena que sempre es mostrat avesat a veure el got mig ple. Aix\u00ed, al seu parer, xacres com ara la corrupci\u00f3, l\u2019atur o fins i tot problemes globals com el canvi clim\u00e0tic i la crisi de refugiats han de tenir una lectura positiva: ens encaminen \u2013necess\u00e0riament- cap a una societat m\u00e9s solid\u00e0ria i conscienciada. I \u00e9s que per a aquest lletraferit amant de l\u2019art que de jove sentia fascinaci\u00f3 pel Capit\u00e1n Trueno, Ladislao Kubala i la Vivien Leigh d\u2019All\u00f2 que el vent s\u2019endugu\u00e9, \u201cel millor encara ha d\u2019arribar\u201d. El seu proper repte? Aconseguir una nova llei de cambres catalana. <\/p>\n","protected":false},"author":1,"featured_media":10776,"comment_status":"open","ping_status":"open","sticky":false,"template":"","format":"standard","meta":{"_mi_skip_tracking":false,"mc4wp_mailchimp_campaign":[],"jnews-multi-image_gallery":[],"jnews_single_post":[],"jnews_primary_category":[]},"categories":[12,55],"tags":[566,4580,708,4581,763,4582,915,4583,1384,4584,1502,4585,2158,4586,3360,4587,3630,4588,4573,4589,4574,4590,4575,4591,4576,4592,4577,4578,175,4579],"_links":{"self":[{"href":"https:\/\/www.monempresarial.com\/ca\/wp-json\/wp\/v2\/posts\/10773"}],"collection":[{"href":"https:\/\/www.monempresarial.com\/ca\/wp-json\/wp\/v2\/posts"}],"about":[{"href":"https:\/\/www.monempresarial.com\/ca\/wp-json\/wp\/v2\/types\/post"}],"author":[{"embeddable":true,"href":"https:\/\/www.monempresarial.com\/ca\/wp-json\/wp\/v2\/users\/1"}],"replies":[{"embeddable":true,"href":"https:\/\/www.monempresarial.com\/ca\/wp-json\/wp\/v2\/comments?post=10773"}],"version-history":[{"count":0,"href":"https:\/\/www.monempresarial.com\/ca\/wp-json\/wp\/v2\/posts\/10773\/revisions"}],"wp:featuredmedia":[{"embeddable":true,"href":"https:\/\/www.monempresarial.com\/ca\/wp-json\/wp\/v2\/media\/10776"}],"wp:attachment":[{"href":"https:\/\/www.monempresarial.com\/ca\/wp-json\/wp\/v2\/media?parent=10773"}],"wp:term":[{"taxonomy":"category","embeddable":true,"href":"https:\/\/www.monempresarial.com\/ca\/wp-json\/wp\/v2\/categories?post=10773"},{"taxonomy":"post_tag","embeddable":true,"href":"https:\/\/www.monempresarial.com\/ca\/wp-json\/wp\/v2\/tags?post=10773"}],"curies":[{"name":"wp","href":"https:\/\/api.w.org\/{rel}","templated":true}]}}