{"id":10937,"date":"2016-09-16T08:00:59","date_gmt":"2016-09-16T06:00:59","guid":{"rendered":"http:\/\/monempresarial.com\/?p=10937"},"modified":"2025-06-06T10:38:30","modified_gmt":"2025-06-06T08:38:30","slug":"entrevista-lars-peter-hansen-premi-nobel-economia-2013","status":"publish","type":"post","link":"https:\/\/www.monempresarial.com\/ca\/2016\/09\/16\/entrevista-lars-peter-hansen-premi-nobel-economia-2013\/","title":{"rendered":"Entrevista a Lars Peter Hansen<\/span>, Premi Nobel d\u2019Economia 2013"},"content":{"rendered":"<h4>L\u2019Acad\u00e8mia sueca ha reconegut el treball de l\u2019economista nord-americ\u00e0 Lars Peter Hansen en dues ocasions. El 2011, el va citar per la seva contribuci\u00f3 quan els premiats van ser Thomas J. Sargent i Christopher A. Sims, dos dels seus mentors i companys de professi\u00f3. Dos anys despr\u00e9s va aconseguir el guard\u00f3 juntament amb Eugene F. Fama i Robert J. Shiller per haver creat t\u00e8cniques econom\u00e8triques avan\u00e7ades que permetien als investigadors de dissenyar millors models matem\u00e0tics. Actualment, continua fent progressos en una gran diversitat de projectes perqu\u00e8 el seu objectiu, com ha demostrat al llarg dels anys amb la seva perseveran\u00e7a, \u00e9s \u201canar avan\u00e7ant encara que no es pugui fer tot alhora\u201d.<\/h4>\n<p>Text: <a style=\"color: #9d9c9c;\" href=\"https:\/\/monempresarial.com\/author\/bseijo\/\">Berta Seijo<\/a><br \/>\nFotos: <span style=\"color: #9d9c9c;\">Becker Friedman Institute<\/span><\/p>\n<hr style=\"color: #b72126;\" \/>\n<p><span style=\"color: #000000; font-weight: bold;\">Per comen\u00e7ar, parli\u2019m una mica sobre els seus inicis acad\u00e8mics. Com es va interessar per l&#8217;economia? Va ser la millor opci\u00f3 a l\u2019hora de combinar dues de les seves grans passions: les matem\u00e0tiques i les ci\u00e8ncies pol\u00edtiques?<\/span><br \/>\nB\u00e9, em va portar un temps descobrir l&#8217;economia. Jo no era un estudiant excel\u00b7lent quan anava a l&#8217;institut&#8230; La meva fita m\u00e9s notable fou portar a casa les notes del curs amb el seg\u00fcent comentari a totes les assignatures: \u201cNo respecta l&#8217;autoritat\u201d. Per tant, quan va tocar anar a la universitat, la meva primera opci\u00f3 fou inscriure\u2019m a la Universitat Estatal de Utah. All\u00e0 hi va estudiar i hi exercia de rector el meu pare, bioqu\u00edmic de professi\u00f3. No obstant aix\u00f2, vaig tenir la sort que alguns dels meus professors van observar que tenia una habilitat natural per a les activitats acad\u00e8miques, i em van animar a perseguir les meves aspiracions. Durant el meus tres primers anys vaig provar diferents carreres (matem\u00e0tiques i ci\u00e8ncies pol\u00edtiques) abans de decantar-me finalment per l\u2019economia. Ja al darrer curs, vaig optar per realitzar el Doctorat en Economia.<\/p><div class=\"jpw-truncate-btn\"><div class=\"jpw-truncate-header\"><h2>Dona suport al contingut de qualitat<\/h2><p>Aquest article \u00e9s Premium. Subscriu-te en l\u00ednia per poder llegir-lo sencer.<\/p><div class=\"jpw_login\"><span><a href=\"#\">Inicia sessi\u00f3<\/a> si ja formes part de la comunitat<\/span><\/div><\/div><div class=\"jpw_btn_wrapper\"><div class=\"jpw_subscribe\">\n\t\t\t\t\t<div class=\"jpw_btn_inner_wrapper\">\n\t\t\t\t\t\t<h3>Subscriu-te<\/h3>\n\t\t\t\t\t\t<span>Aconsegueix un any d\u2019acc\u00e9s a contingut Premium. <br \/><strong>Preu anual de 20\u20ac<\/strong><\/span>\n\t\t\t\t\t\t<div class=\"btn_wrapper\">\n\t\t\t\t\t\t\t<a href=\"https:\/\/www.monempresarial.com\/ca\/2014\/01\/30\/recuperar-el-credit\/\" class=\"btn\">Subscriu-te Ara<\/a>\n\t\t\t\t\t\t<\/div>\n\t\t\t\t\t<\/div>\n\t\t\t\t<\/div><div class=\"jpw_unlock\">\n\t\t\t\t\t<div class=\"jpw_btn_inner_wrapper\">\n\t\t\t\t\t\t<h3>Compra l\u2019article<\/h3>\n\t\t\t\t\t\t<span>Desbloqueja l\u2019article permanentment. <br \/><strong>Preu de 2\u20ac pagament \u00fanic<\/strong><\/span>\n\t\t\t\t\t\t<div class=\"btn_wrapper\">\n\t\t\t\t\t\t\t<a href=\"https:\/\/www.monempresarial.com\/ca\/2014\/01\/30\/recuperar-el-credit\/\" class=\"btn \" data-id=\"10937\">Desbloqueja Ara<\/a>\n\t\t\t\t\t\t<\/div>\n\t\t\t\t\t<\/div>\n\t\t\t\t<\/div><\/div><\/div>","protected":false},"excerpt":{"rendered":"<p>L\u2019Acad\u00e8mia sueca ha reconegut el treball de l\u2019economista nord-americ\u00e0 Lars Peter Hansen en dues ocasions. El 2011, el va citar per la seva contribuci\u00f3 quan els premiats van ser Thomas J. Sargent i Christopher A. Sims, dos dels seus mentors i companys de professi\u00f3. Dos anys despr\u00e9s va aconseguir el guard\u00f3 juntament amb Eugene F. Fama i Robert J. Shiller per haver creat t\u00e8cniques econom\u00e8triques avan\u00e7ades que permetien als investigadors de dissenyar millors models matem\u00e0tics. Actualment, continua fent progressos en una gran diversitat de projectes perqu\u00e8 el seu objectiu, com ha demostrat al llarg dels anys amb la seva perseveran\u00e7a, \u00e9s \u201canar avan\u00e7ant encara que no es pugui fer tot alhora\u201d<\/p>\n","protected":false},"author":1,"featured_media":10942,"comment_status":"open","ping_status":"open","sticky":false,"template":"","format":"standard","meta":{"_mi_skip_tracking":false,"mc4wp_mailchimp_campaign":[],"jnews-multi-image_gallery":[],"jnews_single_post":{"source_name":"","source_url":"","via_name":"","via_url":"","override_template":"0","override":[{"template":"1","single_blog_custom":"","parallax":"1","fullscreen":"1","layout":"right-sidebar","sidebar":"default-sidebar","second_sidebar":"default-sidebar","sticky_sidebar":"1","share_position":"bottom","share_float_style":"share-monocrhome","show_share_counter":"1","show_view_counter":"1","show_featured":"1","show_post_meta":"1","show_post_author":"1","show_post_author_image":"1","show_post_date":"1","post_date_format":"default","post_date_format_custom":"Y\/m\/d","show_post_category":"0","show_post_reading_time":"1","post_reading_time_wpm":"300","show_zoom_button":"0","zoom_button_out_step":"2","zoom_button_in_step":"3","show_post_tag":"1","show_prev_next_post":"0","show_popup_post":"1","number_popup_post":"2","show_author_box":"1","show_post_related":"1","show_inline_post_related":"1"}],"override_image_size":"0","image_override":[{"single_post_thumbnail_size":"crop-715","single_post_gallery_size":"crop-500"}],"trending_post":"0","trending_post_position":"meta","trending_post_label":"Trending","sponsored_post":"0","sponsored_post_label":"Sponsored by","sponsored_post_name":"","sponsored_post_url":"","sponsored_post_logo_enable":"0","sponsored_post_logo":"","sponsored_post_desc":"","disable_ad":"0"},"jnews_primary_category":{"id":"","hide":""}},"categories":[11148,9,10820,10821,10824,15],"tags":[],"_links":{"self":[{"href":"https:\/\/www.monempresarial.com\/ca\/wp-json\/wp\/v2\/posts\/10937"}],"collection":[{"href":"https:\/\/www.monempresarial.com\/ca\/wp-json\/wp\/v2\/posts"}],"about":[{"href":"https:\/\/www.monempresarial.com\/ca\/wp-json\/wp\/v2\/types\/post"}],"author":[{"embeddable":true,"href":"https:\/\/www.monempresarial.com\/ca\/wp-json\/wp\/v2\/users\/1"}],"replies":[{"embeddable":true,"href":"https:\/\/www.monempresarial.com\/ca\/wp-json\/wp\/v2\/comments?post=10937"}],"version-history":[{"count":4,"href":"https:\/\/www.monempresarial.com\/ca\/wp-json\/wp\/v2\/posts\/10937\/revisions"}],"predecessor-version":[{"id":46260,"href":"https:\/\/www.monempresarial.com\/ca\/wp-json\/wp\/v2\/posts\/10937\/revisions\/46260"}],"wp:featuredmedia":[{"embeddable":true,"href":"https:\/\/www.monempresarial.com\/ca\/wp-json\/wp\/v2\/media\/10942"}],"wp:attachment":[{"href":"https:\/\/www.monempresarial.com\/ca\/wp-json\/wp\/v2\/media?parent=10937"}],"wp:term":[{"taxonomy":"category","embeddable":true,"href":"https:\/\/www.monempresarial.com\/ca\/wp-json\/wp\/v2\/categories?post=10937"},{"taxonomy":"post_tag","embeddable":true,"href":"https:\/\/www.monempresarial.com\/ca\/wp-json\/wp\/v2\/tags?post=10937"}],"curies":[{"name":"wp","href":"https:\/\/api.w.org\/{rel}","templated":true}]}}