{"id":10965,"date":"2016-09-21T09:06:29","date_gmt":"2016-09-21T07:06:29","guid":{"rendered":"http:\/\/monempresarial.com\/es\/?p=10965"},"modified":"2023-05-30T10:04:32","modified_gmt":"2023-05-30T08:04:32","slug":"evolucio-del-creixement-economic-a-catalunya-2001-2015-corporate-entrepreneurship-2","status":"publish","type":"post","link":"https:\/\/www.monempresarial.com\/ca\/2016\/09\/21\/evolucio-del-creixement-economic-a-catalunya-2001-2015-corporate-entrepreneurship-2\/","title":{"rendered":"<span style=\"color: # b8b4b4; font-weight: bold;\">Evoluci\u00f3 del creixement econ\u00f2mic<\/span> <span style=\"color: # b8b4b4; font-weight: bold;\">a Catalunya 2001-2015<\/span>"},"content":{"rendered":"<p style=\"color: #602d11;\"><span style=\"color: #000000;\"><strong>Entre els anys 2001 i 2007 el creixement econ\u00f2mic a Catalunya va ser notable. Del 2001 al 2006 el creixement del PIB es va accelerar fins a assolir el 4,2% aquest darrer any. L\u2019arribada de la crisi -finals del 2007, i sobretot el 2008-, va truncar aquest fort creixement, que en q\u00fcesti\u00f3 de dos anys va passar de ser positiu a ser negatiu.<\/strong><\/span><\/p>\n<h4><span style=\"color: #663300; font-weight: bold; text-transform: uppercase;\"><strong>L<span style=\"color: #663300;\">lu\u00eds Franco i<\/span> Sala<\/strong>.<\/span> <strong>President del Consell de Treball, Econ\u00f2mic i Social de Catalunya.<\/strong><\/h4>\n<hr style=\"color: #b72126;\" \/>\n<p><span style=\"color: #636362; font-weight: bold; text-transform: uppercase;\">A CATALUNYA, COM EN EL CONJUNT D&#8217;ESPANYA,<\/span>\u00a0durant els anys d\u2019expansi\u00f3 de la d\u00e8cada del 2000, el sector industrial va concatenar petites aportacions al creixement, tant positives com negatives, mentre que la demanda exterior va registrar detraccions sistem\u00e0tiques. Fins a l\u2019any 2007 la construcci\u00f3 i els serveis van ser els puntals d\u2019un fort creixement basat en la demanda interna.<\/p>\n<p>L&#8217;esclat de la bombolla immobili\u00e0ria i la crisi de les hipoteques <em>subprime<\/em> expliquen en bona mesura el descens del PIB els anys 2008 i 2009. Una situaci\u00f3 que s\u2019est\u00e9n fins al 2013, amb una recuperaci\u00f3 t\u00edmida l\u2019any 2010. Aquest mateix any, per\u00f2, es produ\u00ed\u00a0 l\u2019inici d\u2019una pol\u00edtica de correcci\u00f3 del d\u00e8ficit de les administracions p\u00fabliques i d\u2019una necessitat de despalanquejament del deute del sector privat de l\u2019economia, fets que van incidir en una posterior contracci\u00f3 econ\u00f2mica. A partir de llavors, la pol\u00edtica monet\u00e0ria s\u2019ha fet progressivament m\u00e9s acomodat\u00edcia, i des del 2014 s\u2019ha retornat al creixement positiu.<\/p>\n<p><span style=\"color: #602d11; font-weight: bold;\">An\u00e0lisi per sectors<\/span><br \/>\nEl sector de la construcci\u00f3 ha estat el que ha experimentat una evoluci\u00f3 m\u00e9s negativa en el per\u00edode de crisi. La ind\u00fastria, en canvi, ha mostrat un comportament molt m\u00e9s proc\u00edclic: el seu paper va ser clau l\u2019any 2010, en el primer canvi de tend\u00e8ncia, i en la recuperaci\u00f3 dels darrers anys, tot i que ha fet aportacions positives, aquestes han estat m\u00e9s modestes, especialment si es comparen amb les d\u2019altres sectors.<\/p>\n<p>El sector serveis, per la seva banda, ha mostrat una tend\u00e8ncia m\u00e9s estable i positiva. Aix\u00ed, la categoria del comer\u00e7, hoteleria, finances i altres ha registrat aportacions negatives nom\u00e9s en els anys de m\u00e9s contracci\u00f3.<\/p>\n<p>Finalment, pel que fa al sector Administraci\u00f3 p\u00fablica, educaci\u00f3, sanitat i serveis socials en canvi, molt relacionat amb la despesa p\u00fablica, ha realitzat contribucions negatives des del 2011 al 2013. Una evoluci\u00f3 que ha coincidit amb els anys de major consolidaci\u00f3 fiscal.<\/p>\n<h4 style=\"text-align: center;\"><span style=\"color: #663300;\"><strong>A difer\u00e8ncia de la breu recuperaci\u00f3 del 2010, els darrers dos anys (2014 i 2015) el PIB ha experimentat un creixement m\u00e9s intens; en el darrer any, molt basat en la demanda interna, un fet que ha perm\u00e8s que tots els sectors hagin contribu\u00eft positivament a la recuperaci\u00f3. Pel que fa al creixement econ\u00f2mic per a l\u2019any 2016, segons les fonts del Departament de la Vicepresid\u00e8ncia i d&#8217;Economia i Hisenda, la perspectiva \u00e9s que sigui del 2,8%, una dada lleugerament menys intensa que la del 2015. Amb les previsions del Govern, el creixement anual d\u2019enguany sembla que s\u2019assolir\u00e0 sobre la base d\u2019una aportaci\u00f3 positiva tant de la demanda interna (2,5pp) com de la demanda exterior (0,3pp).<\/strong><\/span><\/h4>\n","protected":false},"excerpt":{"rendered":"<p>Entre els anys 2001 i 2007 el creixement econ\u00f2mic a Catalunya va ser notable. Del 2001 al 2006 el creixement del PIB es va accelerar fins a assolir el 4,2% aquest darrer any. L\u2019arribada de la crisi -finals del 2007, i sobretot el 2008-, va truncar aquest fort creixement, que en q\u00fcesti\u00f3 de dos anys [&hellip;]<\/p>\n","protected":false},"author":116,"featured_media":10083,"comment_status":"open","ping_status":"open","sticky":false,"template":"","format":"standard","meta":{"_mi_skip_tracking":false,"mc4wp_mailchimp_campaign":[],"jnews-multi-image_gallery":[],"jnews_single_post":{"source_name":"","source_url":"","via_name":"","via_url":"","override_template":"0","override":[{"template":"1","single_blog_custom":"","parallax":"1","fullscreen":"1","layout":"right-sidebar","sidebar":"default-sidebar","second_sidebar":"default-sidebar","sticky_sidebar":"1","share_position":"bottom","share_float_style":"share-monocrhome","show_share_counter":"1","show_view_counter":"1","show_featured":"1","show_post_meta":"1","show_post_author":"1","show_post_author_image":"1","show_post_date":"1","post_date_format":"default","post_date_format_custom":"Y\/m\/d","show_post_category":"0","show_post_reading_time":"1","post_reading_time_wpm":"300","show_zoom_button":"0","zoom_button_out_step":"2","zoom_button_in_step":"3","show_post_tag":"1","show_prev_next_post":"0","show_popup_post":"1","number_popup_post":"2","show_author_box":"1","show_post_related":"1","show_inline_post_related":"1"}],"override_image_size":"0","image_override":[{"single_post_thumbnail_size":"crop-715","single_post_gallery_size":"crop-500"}],"trending_post":"0","trending_post_position":"meta","trending_post_label":"Trending","sponsored_post":"0","sponsored_post_label":"Sponsored by","sponsored_post_name":"","sponsored_post_url":"","sponsored_post_logo_enable":"0","sponsored_post_logo":"","sponsored_post_desc":"","disable_ad":"0"},"jnews_primary_category":{"id":"10844","hide":""}},"categories":[11,10815,37,4679],"tags":[4680,113,328,1366],"_links":{"self":[{"href":"https:\/\/www.monempresarial.com\/ca\/wp-json\/wp\/v2\/posts\/10965"}],"collection":[{"href":"https:\/\/www.monempresarial.com\/ca\/wp-json\/wp\/v2\/posts"}],"about":[{"href":"https:\/\/www.monempresarial.com\/ca\/wp-json\/wp\/v2\/types\/post"}],"author":[{"embeddable":true,"href":"https:\/\/www.monempresarial.com\/ca\/wp-json\/wp\/v2\/users\/116"}],"replies":[{"embeddable":true,"href":"https:\/\/www.monempresarial.com\/ca\/wp-json\/wp\/v2\/comments?post=10965"}],"version-history":[{"count":8,"href":"https:\/\/www.monempresarial.com\/ca\/wp-json\/wp\/v2\/posts\/10965\/revisions"}],"predecessor-version":[{"id":42137,"href":"https:\/\/www.monempresarial.com\/ca\/wp-json\/wp\/v2\/posts\/10965\/revisions\/42137"}],"wp:featuredmedia":[{"embeddable":true,"href":"https:\/\/www.monempresarial.com\/ca\/wp-json\/wp\/v2\/media\/10083"}],"wp:attachment":[{"href":"https:\/\/www.monempresarial.com\/ca\/wp-json\/wp\/v2\/media?parent=10965"}],"wp:term":[{"taxonomy":"category","embeddable":true,"href":"https:\/\/www.monempresarial.com\/ca\/wp-json\/wp\/v2\/categories?post=10965"},{"taxonomy":"post_tag","embeddable":true,"href":"https:\/\/www.monempresarial.com\/ca\/wp-json\/wp\/v2\/tags?post=10965"}],"curies":[{"name":"wp","href":"https:\/\/api.w.org\/{rel}","templated":true}]}}