{"id":10975,"date":"2016-09-23T09:06:27","date_gmt":"2016-09-23T07:06:27","guid":{"rendered":"http:\/\/monempresarial.com\/es\/?p=10975"},"modified":"2025-09-25T10:51:40","modified_gmt":"2025-09-25T08:51:40","slug":"el-concurs-expres-com-a-solucio-a-la-insolvencia-de-lemprenedor-2","status":"publish","type":"post","link":"https:\/\/www.monempresarial.com\/ca\/2016\/09\/23\/el-concurs-expres-com-a-solucio-a-la-insolvencia-de-lemprenedor-2\/","title":{"rendered":"El concurs expr\u00e9s com a soluci\u00f3 a la insolv\u00e8ncia de l\u2019emprenedor<\/span>"},"content":{"rendered":"<p><img decoding=\"async\" loading=\"lazy\" class=\"alignright wp-image-10980\" src=\"http:\/\/monempresarial.com\/wp-content\/uploads\/2016\/09\/foto-jos\u00e9-maria-cardellach.png\" alt=\"Jos\u00e9_Mar\u00eda_Cardellach\" width=\"293\" height=\"388\" \/><\/p>\n<h4 style=\"color: #602d11;\">La\u00a0legislaci\u00f3 mercantil regula molts sup\u00f2sits de responsabilitat, si b\u00e9 les \u00faltimes reformes en mat\u00e8ria concursal donen soluci\u00f3 a la insolv\u00e8ncia empresarial de l\u2019emprenedor mitjan\u00e7ant, entre altres, el denominat concurs expr\u00e9s.<\/h4>\n<p><span style=\"color: #663300; font-weight: bold; text-transform: uppercase;\"><strong>JOS\u00c9 MAR\u00cdA CARDELLACH<\/strong>.<\/span>\u00a0Advocat.<\/p>\n<hr style=\"color: #b72126;\" \/>\n<p><span style=\"color: #636362; font-weight: bold; text-transform: uppercase;\">LA INSOLV\u00c8NCIA DE L&#8217;EMPRESA, O EL QUE \u00c9S EL MATEIX,<\/span>\u00a0no poder fer front de forma regular a les obligacions o despeses de la mateixa, obliga a demanar el concurs de creditors per tal de cautelar el seu tancament o la continu\u00eftat mitjan\u00e7ant una reestructuraci\u00f3. I si l\u2019empresa tanca i no disposa de fons per fer front als costos del procediment concursal, at\u00e8s que la responsabilitat \u00e9s de l\u2019emprenedor -perqu\u00e8 \u00e9s qui fa d\u2019administrador-, \u00e9s ell o ella qui ha de fer-se c\u00e0rrec dels costos que comporta la sol\u00b7licitud del concurs.<\/p>\n<p>L\u2019article 176 bis apartat 4\u00ba de la Llei Concursal, per\u00f2, preveu un mecanisme que permet de tancar l\u2019empresa fallida sense actius: el denominat concurs expr\u00e9s. Aix\u00ed, l\u2019emprenedor, mitjan\u00e7ant la sol\u00b7licitud al jutjat, demana alhora el concurs de creditors i la seva conclusi\u00f3, i evita aix\u00ed la tramitaci\u00f3 del procediment en cas de fallida. O el que \u00e9s el mateix: l\u00b4administrador compleix la seva obligaci\u00f3 de demanar el concurs, ra\u00f3 per la qual no se\u2019l pot fer responsable dels deutes socials derivats de no demanar el concurs, i at\u00e8s que la empresa no disposa d\u2019actius, el jutge mercantil resol al mateix auto de declaraci\u00f3 del procediment concursal la seva conclusi\u00f3 per insufici\u00e8ncia de massa activa, extingint la personalitat jur\u00eddica de la societat al Registre Mercantil.<\/p>\n<p>La condici\u00f3 de la inexist\u00e8ncia d\u2019actius \u00e9s la ra\u00f3 per la qual es permet de fer aquest tancament, ja que no t\u00e9 cap sentit desenvolupar un procediment que t\u00e9 per finalitat protegir els creditors, quan no en trauran res perqu\u00e8 ni tan sols \u00e9s podran pagar les despeses del mateix procediment.<\/p>\n<hr style=\"color: #b72126;\" \/>\n<h4><img decoding=\"async\" loading=\"lazy\" class=\"wp-image-5322 alignleft\" src=\"http:\/\/monempresarial.com\/wp-content\/uploads\/2015\/06\/mon-empresarial-002-expert-legal.png\" alt=\"mon-empresarial-002-expert-legal\" width=\"176\" height=\"138\" \/>El concurs expr\u00e9s evita la tramitaci\u00f3 del procediment i, per tant, els costos del mateix. Aquesta soluci\u00f3 a la insolv\u00e8ncia de l\u00b4emprenedor compleix amb les obligacions legals, tanca l\u2019empresa que no ha funcionat i evita que una mala experi\u00e8ncia professional impedeixi el desenvolupament de l\u2019activitat econ\u00f2mica.<\/h4>\n","protected":false},"excerpt":{"rendered":"<p>La\u00a0legislaci\u00f3 mercantil regula molts sup\u00f2sits de responsabilitat, si b\u00e9 les \u00faltimes reformes en mat\u00e8ria concursal donen soluci\u00f3 a la insolv\u00e8ncia empresarial de l\u2019emprenedor mitjan\u00e7ant, entre altres, el denominat concurs expr\u00e9s. JOS\u00c9 MAR\u00cdA CARDELLACH.\u00a0Advocat. LA INSOLV\u00c8NCIA DE L&#8217;EMPRESA, O EL QUE \u00c9S EL MATEIX,\u00a0no poder fer front de forma regular a les obligacions o despeses de [&hellip;]<\/p>\n","protected":false},"author":1,"featured_media":11137,"comment_status":"open","ping_status":"open","sticky":false,"template":"","format":"standard","meta":{"_mi_skip_tracking":false,"mc4wp_mailchimp_campaign":[],"jnews-multi-image_gallery":[],"jnews_single_post":[],"jnews_primary_category":[]},"categories":[11,10817,37,10838,46],"tags":[252,297,300,2925,3012,4678],"_links":{"self":[{"href":"https:\/\/www.monempresarial.com\/ca\/wp-json\/wp\/v2\/posts\/10975"}],"collection":[{"href":"https:\/\/www.monempresarial.com\/ca\/wp-json\/wp\/v2\/posts"}],"about":[{"href":"https:\/\/www.monempresarial.com\/ca\/wp-json\/wp\/v2\/types\/post"}],"author":[{"embeddable":true,"href":"https:\/\/www.monempresarial.com\/ca\/wp-json\/wp\/v2\/users\/1"}],"replies":[{"embeddable":true,"href":"https:\/\/www.monempresarial.com\/ca\/wp-json\/wp\/v2\/comments?post=10975"}],"version-history":[{"count":1,"href":"https:\/\/www.monempresarial.com\/ca\/wp-json\/wp\/v2\/posts\/10975\/revisions"}],"predecessor-version":[{"id":48208,"href":"https:\/\/www.monempresarial.com\/ca\/wp-json\/wp\/v2\/posts\/10975\/revisions\/48208"}],"wp:featuredmedia":[{"embeddable":true,"href":"https:\/\/www.monempresarial.com\/ca\/wp-json\/wp\/v2\/media\/11137"}],"wp:attachment":[{"href":"https:\/\/www.monempresarial.com\/ca\/wp-json\/wp\/v2\/media?parent=10975"}],"wp:term":[{"taxonomy":"category","embeddable":true,"href":"https:\/\/www.monempresarial.com\/ca\/wp-json\/wp\/v2\/categories?post=10975"},{"taxonomy":"post_tag","embeddable":true,"href":"https:\/\/www.monempresarial.com\/ca\/wp-json\/wp\/v2\/tags?post=10975"}],"curies":[{"name":"wp","href":"https:\/\/api.w.org\/{rel}","templated":true}]}}