{"id":1121,"date":"2014-09-04T08:00:30","date_gmt":"2014-09-04T06:00:30","guid":{"rendered":"http:\/\/monempresarial.com\/?p=1121"},"modified":"2022-12-22T02:37:14","modified_gmt":"2022-12-22T01:37:14","slug":"comerc-internacional-present-i-futur","status":"publish","type":"post","link":"https:\/\/www.monempresarial.com\/ca\/2014\/09\/04\/comerc-internacional-present-i-futur\/","title":{"rendered":"El comer\u00e7 internacional: present i futur"},"content":{"rendered":"<h5>Les dades i previsions del comer\u00e7 mundial presentades a la primavera per l\u2019Organitzaci\u00f3 Mundial del Comer\u00e7 (OMC) s\u00f3n m\u00e9s modestes i m\u00e9s prudents que en altres ocasions.<\/h5>\n<p><a href=\"http:\/\/www.monempresarial.com\/wp-content\/uploads\/monempresarial-joan-tugores.jpg\"><img decoding=\"async\" loading=\"lazy\" class=\"alignright  wp-image-222\" src=\"http:\/\/www.monempresarial.com\/wp-content\/uploads\/monempresarial-joan-tugores-244x300.jpg\" alt=\"Joan Tugores, Catedr\u00e0tic d'Economia de la UB\" width=\"171\" height=\"210\" \/><\/a><\/p>\n<p style=\"text-align: right;\"><strong>Joan Tugores<\/strong><br \/>\nCatedr\u00e0tic d&#8217;Economia de la UB<\/p>\n<p>Tradicionalment durant el mes d\u2019abril, l\u2019Organitzaci\u00f3 Mundial de Comer\u00e7 (OMC) presenta les dades i previsions sobre la din\u00e0mica dels intercanvis comercials globals. Aquest any la moderaci\u00f3 i la cautela han estat perceptiblement m\u00e9s grans que en edicions anteriors. Una resposta assenyada a un comportament m\u00e9s feble? Una prud\u00e8ncia m\u00e9s gran derivada de la personalitat del seu nou director general, menys <em>exuberant<\/em> que el seu antecessor? Una aposta per un creixement del comer\u00e7 en qu\u00e8 la quantitat no es vol sacrificar per damunt de la solidesa i la qualitat?<br \/>\nLa figura 1 mostra les principals dades.<img decoding=\"async\" loading=\"lazy\" class=\"alignright wp-image-1123\" title=\"Comer\u00e7 internaciona i Activitat econ\u00f2mica, 2005-2015. Taxes de variaci\u00f3 anual\" src=\"http:\/\/monempresarial.com\/wp-content\/uploads\/2014\/09\/monempresarial-154-comerc-internacional-activitat-economica.png\" alt=\"Comer\u00e7 internaciona i Activitat econ\u00f2mica, 2005-2015. Taxes de variaci\u00f3 anual\" width=\"375\" height=\"330\" srcset=\"https:\/\/www.monempresarial.com\/wp-content\/uploads\/2014\/09\/monempresarial-154-comerc-internacional-activitat-economica-300x264@2x.png 600w, https:\/\/www.monempresarial.com\/wp-content\/uploads\/2014\/09\/monempresarial-154-comerc-internacional-activitat-economica-300x264.png 300w\" sizes=\"(max-width: 375px) 100vw, 375px\" \/> \u00c9s una gr\u00e0fica ja habitual als informes de l\u2019OMC on es comparen els ritmes de variaci\u00f3 del volum de comer\u00e7 i del PIB mundial per a cadascun dels anys representats. Les l\u00ednies horitzontals discont\u00ednues mostren la mitjana d\u2019ambdues variables entre el 1990 i el 2013, i obtenen el resultat tradicional: el dinamisme del comer\u00e7 internacional pr\u00e0cticament havia estat duplicant el del PIB mundial.<br \/>\nAquesta regularitat emp\u00edrica que semblava for\u00e7a estable, per\u00f2, es va trencar de forma estrepitosa en esclatar la crisi, amb la gran caiguda del 2009 i la gran recuperaci\u00f3 inicial del 2010. L\u2019any 2011, a m\u00e9s, quan ja semblava que es comen\u00e7ava a restablir la <em>normalitat<\/em>, fou seguit per uns exercicis 2012 i 2013 durant els quals s\u2019ha compartit un creixement del comer\u00e7 inferior al de l\u2019activitat econ\u00f2mica global mesurada pel PIB, amb ambdues variables per sota de la mitjana del 5,3% assolida des del 1990.<br \/>\nQuant a les dades de l\u2019OMC referents a l\u2019any 2013 parlen d\u2019un creixement del comer\u00e7 en termes reals del 2,1% (una xifra que s\u2019assoleix despr\u00e9s de successives revisions a la baixa durant el mateix per\u00edode), mentre que les previsions efectuades pel 2014 s\u00f3n d\u2019un creixement del 4,7%, que hauria de ser l\u2019antesala per recuperar, ja el 2015, la mitjana de les darreres d\u00e8cades.<\/p>\n<blockquote>\n<h2>L\u2019OMC expressa la seva preocupaci\u00f3 perqu\u00e8 el comer\u00e7 internacional estigui perdent pistonada; recuperar la tend\u00e8ncia precrisi est\u00e0 costant m\u00e9s del que l\u2019organitzaci\u00f3 esperava<\/h2>\n<\/blockquote>\n<p><strong>Europa dins del m\u00f3n global<\/strong><br \/>\nA l\u2019hora de donar explicacions sobre la mod\u00e8stia dels resultats i la prud\u00e8ncia de les previsions s\u2019apunten diversos factors. D\u2019una banda, de forma una mica crua, i fins i tot no gaire pol\u00edticament correcta, l\u2019OMC constata com la feblesa de l\u2019economia europea esdev\u00e9 un llast pel conjunt del comer\u00e7 mundial. Aix\u00f2 t\u00e9 una lectura positiva, ja que el pes de l\u2019economia europea en el comer\u00e7 continua essent cabdal, i per aix\u00f2 el que succeeix al Vell Continent conforma les dades agregades. De fet, segons les estad\u00edstiques presentades aquest abril, quan les xifres de comer\u00e7 es presenten amb la Uni\u00f3 Europea com una \u00fanica entitat, aquesta encara lidera les exportacions mundials de mercaderies, amb un 15,3% del total mundial l\u2019any 2013, encara per davant de la Xina, que tindria un 14,2%. Aquest \u00e9s un actiu de l\u2019economia europea que no podem oblidar i que no haur\u00edem de deixar perdre afeblint el posicionament global d\u2019Europa dins del m\u00f3n global.<\/p>\n<blockquote>\n<h2>La qualitat i la sostenibilitat dels fluxos comercials tenen tanta import\u00e0ncia com els indicadors m\u00e9s quantitatius, per aix\u00f2 cal mantenir l\u2019aposta per un sistema comercial obert<\/h2>\n<\/blockquote>\n<p>D\u2019altra banda, per\u00f2, caldria endegar un debat m\u00e9s de fons per establir si el comer\u00e7 internacional realment est\u00e0 <em>perdent pistonada<\/em> com a motor de l\u2019economia mundial. La figura 2 mostra com l\u2019OMC expressa la seva preocupaci\u00f3 respecte a aix\u00f2 i evidencia com recuperar la tend\u00e8ncia precrisi est\u00e0 costant m\u00e9s del que s\u2019esperava.<img decoding=\"async\" loading=\"lazy\" class=\"alignright wp-image-1124\" title=\"Tend\u00e8ncies i realitats recents del comer\u00e7 internacional\" src=\"http:\/\/monempresarial.com\/wp-content\/uploads\/2014\/09\/monempresarial-154-comerc-internacional-tendencies-realitats.png\" alt=\"Tend\u00e8ncies i realitats recents del comer\u00e7 internacional\" width=\"376\" height=\"328\" srcset=\"https:\/\/www.monempresarial.com\/wp-content\/uploads\/2014\/09\/monempresarial-154-comerc-internacional-tendencies-realitats-300x262@2x.png 600w, https:\/\/www.monempresarial.com\/wp-content\/uploads\/2014\/09\/monempresarial-154-comerc-internacional-tendencies-realitats-300x262.png 300w\" sizes=\"(max-width: 376px) 100vw, 376px\" \/> Segons aquestes dades, fins i tot semblaria que el diferencial respecte a la traject\u00f2ria anterior al <em>gran col\u00b7lapse del comer\u00e7<\/em> de l\u2019any 2009 s\u2019amplia. \u00c9s cert que hi ha factors t\u00e8cnics que contribueixen a explicar aquestes dificultats, especialment la caiguda m\u00e9s que proporcional d\u2019alguns \u00edtems de consum i inversi\u00f3 amb m\u00e9s pres\u00e8ncia al comer\u00e7 internacional que la mitjana de b\u00e9ns i serveis (autom\u00f2bils, alguns tipus de maquin\u00e0ria, etc\u00e8tera). Per\u00f2 aquestes dades tamb\u00e9 mostrarien la import\u00e0ncia dels esfor\u00e7os que cal fer per mantenir obert el sistema comercial mundial i per avan\u00e7ar en els resultats positius \u2013 modestos, per\u00f2 positius \u2013 de la cimera de Bali de desembre de 2013, especialment en \u00e0mbits com els de la facilitaci\u00f3 del comer\u00e7 i la resist\u00e8ncia a temptacions proteccionistes, tal vegada no gaire <em>glamurosos<\/em>, per\u00f2 s\u00ed molt importants a la pr\u00e0ctica. Dit amb d\u2019altres paraules, la qualitat i la sostenibilitat dels fluxos comercials tenen tanta import\u00e0ncia com els indicadors m\u00e9s quantitatius i per aix\u00f2 cal mantenir l\u2019aposta per un sistema comercial obert en qu\u00e8 el posicionament competitiu transparent sigui cabdal.<\/p>\n","protected":false},"excerpt":{"rendered":"<p>Les dades i previsions del comer\u00e7 mundial presentades a la primavera per l\u2019Organitzaci\u00f3 Mundial del Comer\u00e7 (OMC) s\u00f3n m\u00e9s modestes i m\u00e9s prudents que en altres ocasions. [Joan Tugores]<\/p>\n","protected":false},"author":8,"featured_media":1123,"comment_status":"closed","ping_status":"open","sticky":false,"template":"","format":"standard","meta":{"_mi_skip_tracking":false,"mc4wp_mailchimp_campaign":[],"jnews-multi-image_gallery":[],"jnews_single_post":[],"jnews_primary_category":[]},"categories":[10839,10840,9,10815,18],"tags":[],"_links":{"self":[{"href":"https:\/\/www.monempresarial.com\/ca\/wp-json\/wp\/v2\/posts\/1121"}],"collection":[{"href":"https:\/\/www.monempresarial.com\/ca\/wp-json\/wp\/v2\/posts"}],"about":[{"href":"https:\/\/www.monempresarial.com\/ca\/wp-json\/wp\/v2\/types\/post"}],"author":[{"embeddable":true,"href":"https:\/\/www.monempresarial.com\/ca\/wp-json\/wp\/v2\/users\/8"}],"replies":[{"embeddable":true,"href":"https:\/\/www.monempresarial.com\/ca\/wp-json\/wp\/v2\/comments?post=1121"}],"version-history":[{"count":0,"href":"https:\/\/www.monempresarial.com\/ca\/wp-json\/wp\/v2\/posts\/1121\/revisions"}],"wp:featuredmedia":[{"embeddable":true,"href":"https:\/\/www.monempresarial.com\/ca\/wp-json\/wp\/v2\/media\/1123"}],"wp:attachment":[{"href":"https:\/\/www.monempresarial.com\/ca\/wp-json\/wp\/v2\/media?parent=1121"}],"wp:term":[{"taxonomy":"category","embeddable":true,"href":"https:\/\/www.monempresarial.com\/ca\/wp-json\/wp\/v2\/categories?post=1121"},{"taxonomy":"post_tag","embeddable":true,"href":"https:\/\/www.monempresarial.com\/ca\/wp-json\/wp\/v2\/tags?post=1121"}],"curies":[{"name":"wp","href":"https:\/\/api.w.org\/{rel}","templated":true}]}}