{"id":119,"date":"2014-01-10T11:20:46","date_gmt":"2014-01-10T10:20:46","guid":{"rendered":"http:\/\/moneconomic.com\/?p=119"},"modified":"2015-01-19T19:54:59","modified_gmt":"2015-01-19T18:54:59","slug":"119","status":"publish","type":"post","link":"https:\/\/www.monempresarial.com\/ca\/2014\/01\/10\/119\/","title":{"rendered":"La ind\u00fastria, clau per a una economia independent"},"content":{"rendered":"<p style=\"text-align: right;\"><strong>Ariadna Cort\u00e9s<\/strong><\/p>\n<p><strong><a href=\"http:\/\/www.monempresarial.com\/wp-content\/uploads\/Seminari_1a-taula-rodona.jpg\"><img decoding=\"async\" loading=\"lazy\" class=\"alignleft\" alt=\"Seminari_1a-taula-rodona\" src=\"http:\/\/www.monempresarial.com\/wp-content\/uploads\/Seminari_1a-taula-rodona.jpg\" width=\"243\" height=\"166\" \/><\/a><\/strong>Abans de la massiva manifestaci\u00f3 de l&#8217;11 de setembre del 2012, en que un mili\u00f3 i mig de persones van sortir al carrer per demanar que Catalunya fos un nou estat d&#8217;Europa, era dif\u00edcil trobar un empresari o un representant patronal que volgu\u00e9s opinar sobre la q\u00fcesti\u00f3 de la independ\u00e8ncia. Des de llavors, per\u00f2, molts d&#8217;ells han comen\u00e7at a fer-ho p\u00fablicament. I ara han fet un pas m\u00e9s: des de les organitzacions empresarials han comen\u00e7at a plantejar-se quines conseq\u00fc\u00e8ncies per a l&#8217;economia catalana tindria un proc\u00e9s sobiranista i quin model productiu seria el m\u00e9s adient per a una futurible Catalunya independent. Els \u00faltims en plantejar-se aquestes q\u00fcestions han estat els joves empresaris i directius del sector industrial de l&#8217;Institut Sallar\u00e8s i Pla, que, amb el suport de la Fundaci\u00f3 Gremi de Fabricants de Sabadell i la C\u00e0tedra Josep Termes de Lideratge, Ciutadania i Identitats de la Universitat de Barcelona, van organitzar un seminari \u2013que va tenir lloc el passat 29 d&#8217;abril\u2013 en el que reconeguts experts van reflexionar sobre aquests temes.<\/p>\n<p>D&#8217;entrada, la majoria de ponents van voler desmuntar alguns dels mites associats a la independ\u00e8ncia, especialment l&#8217;hipot\u00e8tic boicot al que Espanya sotmetria Catalunya si s&#8217;independitz\u00e9s, una de les\u00a0principals preocupacions dels empresaris. I \u00e9s que, encara que ens els \u00faltims anys ha disminu\u00eft el percentatge, quasi la meitat de les exportacions catalanes es fan a la resta de l&#8217;Estat. \u201cNo crec que es produ\u00eds un boicot\u201d, va afirmar durant el seminari Jaume Ventura, investigador s\u00e8nior del Centre de Recerca en Economia Internacional (CREI), catedr\u00e0tic de la Universitat Pompeu Fabra (UPF) i professor d\u2019investigaci\u00f3 de la Barcelona Graduate School of Economics (GSE).<\/p>\n<p style=\"text-align: left;\"><em>[one_half last=&#8221;no&#8221;]<\/em><em><br \/>\n<\/em><\/p>\n<blockquote>\n<h2 style=\"text-align: left;\"><strong>\u00a0\u201cLa independ\u00e8ncia \u00e9s l&#8217;\u00fanic cam\u00ed possible per sortir de la crisi\u201d<\/strong><\/h2>\n<\/blockquote>\n<p><strong><a href=\"http:\/\/www.monempresarial.com\/wp-content\/uploads\/Seminari_Tremosa.jpg\"><img decoding=\"async\" loading=\"lazy\" class=\"aligncenter\" alt=\"Seminari_Tremosa\" src=\"http:\/\/www.monempresarial.com\/wp-content\/uploads\/Seminari_Tremosa.jpg\" width=\"230\" height=\"241\" \/><\/a><\/strong><em><\/em><\/p>\n<p><em>Ramon Tremosa, eurodiputat de CiU al Parlament Europeu i professor del departament de Teoria Econ\u00f2mica de la UB <\/em><\/p>\n<p><strong>Es poden fer prediccions amb un nivell raonable d&#8217;encert sobre l&#8217;economia d&#8217;una possible Catalunya independent?<\/strong><\/p>\n<p>B\u00e9, jo no s\u00f3c expert en aquest tema, per\u00f2 s\u2019han fet estudis elaborats per catedr\u00e0tics de renom, com els del Col\u00b7lectiu Wilson, que s\u00f3n fiables.<\/p>\n<p><strong>Est\u00e0 fonamentada la por al boicot del mercat espanyol?<\/strong><\/p>\n<p>Jo crec que no. Espanya no t\u00e9 capacitat per produir tot el que ara compra a Catalunya, i comprar-ho a un altre lloc li sortiria m\u00e9s car; per tant, encara que inicialment es pogu\u00e9s donar un boicot, acabaria tornant a comprar els productes aqu\u00ed. Aix\u00f2 ja va passar amb el que van fer a Argentina despr\u00e9s del cas Repsol: Espanya els va deixar de comprar soja, per\u00f2 nom\u00e9s durant tres mesos. I el boicot al cava catal\u00e0 va durar un any.<\/p>\n<p><strong>El teixit empresarial catal\u00e0 est\u00e0 preparat per absorbir els canvis que comportaria la independ\u00e8ncia?<\/strong><\/p>\n<p>Molts empresaris catalans exporten gran part de la seva producci\u00f3, per tant es podria dir que ja s\u2019han adaptat a aquesta possible situaci\u00f3. Les empreses catalanes han fet els deures en mat\u00e8ria d\u2019internacionalitzaci\u00f3.<\/p>\n<p><strong>Quin pes hauria de tenir la ind\u00fastria en l&#8217;economia d&#8217;una Catalunya independent?<\/strong><\/p>\n<p>Jo s\u00f3c molt\u00a0<i>industrialista<\/i>, per mi hauria de representar un 25-30% del PIB. De fet, a Europa es diu que com m\u00e9s manufactura ha tingut un pa\u00eds, millor ha aguantat la crisi. Els pa\u00efsos del nord i del centre del continent han experimentat una recuperaci\u00f3 espectacular gr\u00e0cies a les exportacions industrials: des del 2010 i fins al 2012 el seu PIB ha crescut i la taxa d\u2019atur ha baixat. Ara hi ha hagut una recaiguda, per\u00f2 aquests pa\u00efsos han salvat el seu model.<\/p>\n<p><strong>A Europa tenen una opini\u00f3 diferent de les empreses catalanes que de les espanyoles?<\/strong><\/p>\n<p>S\u00ed, els europeus que estan ben informats saben que a Catalunya es fan les coses d\u2019una manera seriosa. La marca Espanya l\u2019han malm\u00e8s els propis espanyols: Espanya porta anys saltant-se directrius europees de bones pr\u00e0ctiques.<\/p>\n<p><strong>La independ\u00e8ncia \u00e9s l&#8217;\u00fanic cam\u00ed possible per sortir de la crisi?<\/strong><\/p>\n<p>S\u00ed. Espanya no ens permet canviar res del que est\u00e0 establert. Des de Catalunya no podem alterar l\u2019<i>status quo\u00a0<\/i>ni canviar els models d&#8217;organitzaci\u00f3 ni de just\u00edcia social.<\/p>\n<p><strong>\u00a0Mentrestant, per\u00f2, alguna cosa s\u2019haur\u00e0 de fer&#8230;<\/strong><\/p>\n<p>No es pot fer res perqu\u00e8 Catalunya no t\u00e9 marge d\u2019actuaci\u00f3: no recapta els impostos ni tampoc pot decidir com es distribueixen.<em>[\/one_half]<\/em><\/p>\n<p>Per\u00f2 en cas que s\u00ed que es don\u00e9s, i segons un estudi elaborat pel propi Ventura i per Pol Antr\u00e0s, els dos membres del Col\u00b7lectiu Wilson, \u201cnom\u00e9s implicaria una baixada del PIB d&#8217;aproximadament l&#8217;1%, un percentatge que quedaria \u00e0mpliament compensat amb tot el que ens estalviar\u00edem en impostos que ara paguem i que no tornen: de cada 100 euros que Catalunya paga d&#8217;impostos, nom\u00e9s 57 tornen\u201d.<\/p>\n<p><strong>L\u2019Estat de la reindustrialitzaci\u00f3<\/strong><\/p>\n<p>Per a Ventura, l&#8217;Estat propi s&#8217;ha de veure \u201ccom una oportunitat\u201d. Una oportunitat per, entre moltes altres coses, reformular el model productiu. I en aix\u00f2 tots els ponents van coincidir: s&#8217;ha de tornar a l&#8217;economia productiva, una aposta que implica reindustrialitzar el pa\u00eds. \u201cDel capitalisme industrial s&#8217;ha passat al capitalisme financer\u201d, va explicar Joan Maj\u00f3, empresari, exalcalde de Matar\u00f3 i exministre d&#8217;Ind\u00fastria i Energia (1985-1986). I com a conseq\u00fc\u00e8ncia d&#8217;aix\u00f2, \u201cuna gran part del negoci que es desenvolupa ara no genera valor\u201d, va afegir. Per a Maj\u00f3, \u201cno sortirem de la crisi si no recuperem la ind\u00fastria\u201d. I per qu\u00e8 \u00e9s fonamental, la ind\u00fastria? Antoni Garrell, membre fundador del Cercle per al Coneixement i director general de la Fundaci\u00f3 per al Disseny T\u00e8xtil (Fundit), va apuntar tres motius: \u201cperqu\u00e8 \u00e9s l&#8217;\u00fanic sector clau per generar ocupaci\u00f3, l&#8217;\u00fanic capa\u00e7 de convertir el coneixement cient\u00edfic i tecnol\u00f2gic en productes \u2013i, per tant, repercutir-ho en el PIB\u2013 i l&#8217;\u00fanic capa\u00e7 de generar beneficis des de l&#8217;obertura, \u00e9s a dir l&#8217;exportaci\u00f3, en cas de no disposar de recursos naturals\u201d.<\/p>\n<p>En els \u00faltims anys la ind\u00fastria ha perdut pes en el PIB, en favor sobretot del sector serveis i del sector financer. Malgrat aix\u00f2, \u201cseguim tenint una bona base industrial\u201d, va assegurar Garrell. I per consolidar aquests fonaments nom\u00e9s hi ha un cam\u00ed: la internacionalitzaci\u00f3. Un pa\u00eds petit, com ho seria una Catalunya independent, ha de poder comptar amb el mercat exterior. I per poder exportar s&#8217;ha de ser competitiu. \u201cLa competitivitat \u00e9s el principal repte de l&#8217;economia catalana\u201d, va dir Xavier Cuadras, professor del departament d&#8217;Economia i Empresa de la UPF, que t\u00e9 una visi\u00f3 m\u00e9s \u00e0mplia de l&#8217;habitual sobre aquest concepte: \u201cun pa\u00eds competitiu \u00e9s un pa\u00eds amb un alt nivell de productivitat, per\u00f2 tamb\u00e9 amb un alt nivell de cohesi\u00f3 social i d\u2019oportunitats econ\u00f2miques i socials per a tots els seus ciutadans\u201d. Segons Cuadras, Catalunya t\u00e9 a Europa mateix alguns models a seguir, com Su\u00efssa, Finl\u00e0ndia i Su\u00e8cia, \u201ctots ells pa\u00efsos petits amb un alt nivell de competitivitat, tamb\u00e9 en termes de sostenibilitat social i ambiental\u201d, remarca.<\/p>\n<p>En definitiva, el missatge llan\u00e7at al seminari va ser for\u00e7a optimista. L&#8217;economia d&#8217;un eventual Estat catal\u00e0 pot ser molt forta, per\u00f2 per aconseguir que ho sigui s&#8217;ha de potenciar el sector industrial, \u00e9s a dir, s&#8217;ha d&#8217;apostar <a href=\"http:\/\/www.monempresarial.com\/wp-content\/uploads\/185140.jpg\"><img decoding=\"async\" loading=\"lazy\" class=\"alignright\" alt=\"185140\" src=\"http:\/\/www.monempresarial.com\/wp-content\/uploads\/185140.jpg\" width=\"193\" height=\"283\" \/><\/a>per l&#8217;economia productiva, per\u00f2 tamb\u00e9 s&#8217;ha de perseguir la competitivitat per poder accedir al gran mercat que \u00e9s el m\u00f3n. Un missatge que, de fet, val tant per a una Catalunya dins d&#8217;Espanya com per una Catalunya independent.<\/p>\n<p>&nbsp;<\/p>\n<p>&nbsp;<\/p>\n<p>&nbsp;<\/p>\n<p>&nbsp;<\/p>\n","protected":false},"excerpt":{"rendered":"<p>Els empresaris i les entitats que els agrupen ja comencen a plantejar-se quin model productiu seria el millor en una hipot\u00e8tica Catalunya independent. La conclusi\u00f3 del seminari sobre aquesta q\u00fcesti\u00f3 organitzat per l&#8217;Institut Sallar\u00e8s i Pla, amb el suport de la Fundaci\u00f3 Gremi de Fabricants de Sabadell i la C\u00e0tedra Josep Termes, \u00e9s que cal apostar per la ind\u00fastria i augmentar el nivell de competitivitat.<\/p>\n","protected":false},"author":1,"featured_media":164,"comment_status":"closed","ping_status":"open","sticky":false,"template":"","format":"standard","meta":{"_mi_skip_tracking":false,"mc4wp_mailchimp_campaign":[],"jnews-multi-image_gallery":[],"jnews_single_post":[],"jnews_primary_category":[]},"categories":[9,13],"tags":[],"_links":{"self":[{"href":"https:\/\/www.monempresarial.com\/ca\/wp-json\/wp\/v2\/posts\/119"}],"collection":[{"href":"https:\/\/www.monempresarial.com\/ca\/wp-json\/wp\/v2\/posts"}],"about":[{"href":"https:\/\/www.monempresarial.com\/ca\/wp-json\/wp\/v2\/types\/post"}],"author":[{"embeddable":true,"href":"https:\/\/www.monempresarial.com\/ca\/wp-json\/wp\/v2\/users\/1"}],"replies":[{"embeddable":true,"href":"https:\/\/www.monempresarial.com\/ca\/wp-json\/wp\/v2\/comments?post=119"}],"version-history":[{"count":0,"href":"https:\/\/www.monempresarial.com\/ca\/wp-json\/wp\/v2\/posts\/119\/revisions"}],"wp:featuredmedia":[{"embeddable":true,"href":"https:\/\/www.monempresarial.com\/ca\/wp-json\/wp\/v2\/media\/164"}],"wp:attachment":[{"href":"https:\/\/www.monempresarial.com\/ca\/wp-json\/wp\/v2\/media?parent=119"}],"wp:term":[{"taxonomy":"category","embeddable":true,"href":"https:\/\/www.monempresarial.com\/ca\/wp-json\/wp\/v2\/categories?post=119"},{"taxonomy":"post_tag","embeddable":true,"href":"https:\/\/www.monempresarial.com\/ca\/wp-json\/wp\/v2\/tags?post=119"}],"curies":[{"name":"wp","href":"https:\/\/api.w.org\/{rel}","templated":true}]}}