{"id":1213,"date":"2014-09-15T09:00:53","date_gmt":"2014-09-15T07:00:53","guid":{"rendered":"http:\/\/monempresarial.com\/?p=1213"},"modified":"2015-01-19T19:35:43","modified_gmt":"2015-01-19T18:35:43","slug":"quin-ha-de-ser-paper-emprenedor","status":"publish","type":"post","link":"https:\/\/www.monempresarial.com\/ca\/2014\/09\/15\/quin-ha-de-ser-paper-emprenedor\/","title":{"rendered":"Quin ha de ser el paper de l\u2019emprenedor?"},"content":{"rendered":"<h5>L\u2019emprenedoria se\u2019ns ha venut com si f\u00f3s l\u2019\u00fanica soluci\u00f3 a la crisi econ\u00f2mica, per\u00f2 des de les entitats empresarials recorden que crear una empresa i aconseguir que sobrevisqui \u00e9s un proc\u00e9s complicat i ple d\u2019obstacles. L\u2019emprenedoria ser\u00e0 clau per a la recuperaci\u00f3, diuen, per\u00f2 no l\u2019\u00fanic factor.<\/h5>\n<figure id=\"attachment_1214\" aria-describedby=\"caption-attachment-1214\" style=\"width: 600px\" class=\"wp-caption aligncenter\"><img decoding=\"async\" loading=\"lazy\" class=\"wp-image-1214 size-full\" title=\"Per emprendre no n\u2019hi ha prou amb tenir una bona idea i finan\u00e7ament: la formaci\u00f3 i l\u2019assessorament tamb\u00e9 s\u00f3n clau, segons els experts.\" src=\"http:\/\/monempresarial.com\/wp-content\/uploads\/2014\/09\/monempresarial-154-emprenedoria-business.png\" alt=\"Per emprendre no n\u2019hi ha prou amb tenir una bona idea i finan\u00e7ament: la formaci\u00f3 i l\u2019assessorament tamb\u00e9 s\u00f3n clau, segons els experts.\" width=\"600\" height=\"330\" srcset=\"https:\/\/www.monempresarial.com\/wp-content\/uploads\/2014\/09\/monempresarial-154-emprenedoria-business-300x165@2x.png 600w, https:\/\/www.monempresarial.com\/wp-content\/uploads\/2014\/09\/monempresarial-154-emprenedoria-business-300x165.png 300w\" sizes=\"(max-width: 600px) 100vw, 600px\" \/><figcaption id=\"caption-attachment-1214\" class=\"wp-caption-text\">Per emprendre no n\u2019hi ha prou amb tenir una bona idea i finan\u00e7ament: la formaci\u00f3 i l\u2019assessorament tamb\u00e9 s\u00f3n clau, segons els experts.\u00a0\u00a0\u00a0\u00a0\u00a0\/\u00a0SHUTTERSTOCK.<\/figcaption><\/figure>\n<p style=\"text-align: right;\">Ariadna Cort\u00e9s<\/p>\n<p>Des que va comen\u00e7ar la crisi econ\u00f2mica la pres\u00e8ncia de la paraula emprenedoria s\u2019ha multiplicat als discursos dels pol\u00edtics, als mitjans de comunicaci\u00f3 i a les trobades sobre economia. L\u2019emprenedoria sovint se\u2019ns presenta com l\u2019\u00fanica sortida possible a la recessi\u00f3, per\u00f2 les xifres no apunten en aquesta direcci\u00f3. Aix\u00ed, al fet que el nombre d\u2019empreses actives a Espanya hagi disminu\u00eft any rere any des que va comen\u00e7ar la crisi, se li ha d\u2019afegir que, segons l\u2019informe <em>Global Entrepreneurship Monitor<\/em> (GEM) del 2013, la taxa d\u2019activitat emprenedora total (TEA) tamb\u00e9 ha caigut cada any des del 2008 amb l\u2019\u00fanica excepci\u00f3 del 2011. A Catalunya la TEA \u00e9s m\u00e9s alta que al conjunt de l\u2019estat, per\u00f2 el 2013 tamb\u00e9 va baixar respecte de l\u2019any anterior. Aix\u00f2 no implica que els emprenedors no tinguin o hagin de tenir un paper rellevant en la recuperaci\u00f3, per\u00f2 s\u00ed que indica que s\u2019ha de ser m\u00e9s prudent, que \u00e9s justament el que demanen algunes patronals i associacions d\u2019empresaris.<\/p>\n<blockquote>\n<h2>Pimec: \u201cL\u2019emprenedoria entesa com a creaci\u00f3 d\u2019empreses no hauria de ser fonamental en la recuperaci\u00f3 econ\u00f2mica, sin\u00f3 una de les potes\u201d<\/h2>\n<\/blockquote>\n<p>\u201cL\u2019emprenedoria entesa com a creaci\u00f3 d\u2019empreses no hauria de ser fonamental en la recuperaci\u00f3 econ\u00f2mica, sin\u00f3 una de les potes\u201d, diu Marcela V\u00e9liz, responsable de Pimec Empr\u00e8n, que alhora remarca que \u201ctamb\u00e9 \u00e9s molt important que ens centrem a conservar la ind\u00fastria que ja tenim\u201d. Des de la Cecot afegeixen que, efectivament, l\u2019emprenedoria crea llocs de treball, \u201cper\u00f2 la recuperaci\u00f3 tamb\u00e9 ha d\u2019anar lligada a l\u2019augment del consum\u201d, segons Rosa Guerrero, assessora en creaci\u00f3 d\u2019empreses i creixement empresarial d\u2019aquesta patronal. \u201cA l\u2019emprenedoria li estem posant tot el pes d\u2019arreglar un pa\u00eds que s\u2019ha centrat en serveis i turisme, i no ho haur\u00edem de fer\u201d, comenta per la seva part Jan Badosa, membre de la junta directiva d\u2019AIJEC, l\u2019Associaci\u00f3 Independent de Joves Empresaris de Catalunya.<br \/>\nProbablement en aquestes mostres de cautela hi ha influ\u00eft el fet que en els darrers anys hagi augmentat l\u2019activitat emprenedora per necessitat, \u00e9s a dir, aquella que busca l\u2019autoocupaci\u00f3. Aix\u00f2, al seu torn, ha fet cr\u00e9ixer el nombre d\u2019emprenedors que volen iniciar un projecte \u201csense haver fet una bona planificaci\u00f3 pr\u00e8via perqu\u00e8 els falta formaci\u00f3\u201d, explica V\u00e9liz, de Pimec.<br \/>\n\u201cHi ha molta difer\u00e8ncia entre la gent que t\u00e9 una idea i els que necessiten feina\u201d, afegeix. En la mateixa l\u00ednia es pronuncia Guerrero, de la Cecot, que diu que \u201cmolts aturats es llancen a crear una empresa perqu\u00e8 la inversi\u00f3 \u00e9s petita i pensen que \u00e9s f\u00e0cil, per\u00f2 els falta elaborar un bon pla de negoci perqu\u00e8 el projecte pugui tirar endavant\u201d. Per\u00f2 aix\u00f2 no \u00e9s f\u00e0cil, i sovint els emprenedors dominen la part t\u00e8cnica del negoci, per\u00f2 no la de gesti\u00f3. \u201c\u00c9s vital comptar amb un bon assessorament per saber si la idea \u00e9s viable\u201d, apunta Maria Mora, directora de l\u2019Oficina de Creaci\u00f3 d\u2019Empreses de la patronal Foment del Treball.<\/p>\n<blockquote>\n<h2>Foment: \u201c[Per reduir la taxa de tancament d\u2019empreses] cal facilitar l\u2019acc\u00e9s al finan\u00e7ament, potenciar la formaci\u00f3 i incentivar el consum\u201d<\/h2>\n<\/blockquote>\n<p><strong>M\u00e9s suport de l\u2019administraci\u00f3<\/strong><br \/>\nMoltes de les fonts consultades suggereixen que precisament la falta de formaci\u00f3 \u00e9s un dels majors obstacles per a l\u2019emprenedoria, per\u00f2 si hi ha alguna cosa en la qual totes coincideixen \u00e9s en qu\u00e8 la manca de finan\u00e7ament n\u2019\u00e9s el principal enemic. L\u2019AIJEC, la Federaci\u00f3n Nacional de Trabajadores Aut\u00f3nomos (ATA) i la Confederaci\u00f3 de Cooperatives de Catalunya (CoopCat) afegeixen, a m\u00e9s, els nombrosos i lents tr\u00e0mits burocr\u00e0tics com una altra de les traves \u201cque alenteixen molt el proc\u00e9s de creaci\u00f3 d\u2019una empresa\u201d, explica Daniel Mu\u00f1oz, responsable de l\u2019\u00e0rea d\u2019emprenedors d\u2019ATA.<\/p>\n<figure id=\"attachment_1216\" aria-describedby=\"caption-attachment-1216\" style=\"width: 400px\" class=\"wp-caption alignright\"><img decoding=\"async\" loading=\"lazy\" class=\"wp-image-1216\" title=\"Entre 2008 i 2013, les xarxes de franqu\u00edcies, els establiments i els llocs de treball del sector han augmentat.\" src=\"http:\/\/monempresarial.com\/wp-content\/uploads\/2014\/09\/monempresarial-154-emprenedoria-franquicies.png\" alt=\"Entre 2008 i 2013, les xarxes de franqu\u00edcies, els establiments i els llocs de treball del sector han augmentat.\" width=\"400\" height=\"299\" srcset=\"https:\/\/www.monempresarial.com\/wp-content\/uploads\/2014\/09\/monempresarial-154-emprenedoria-franquicies-300x224@2x.png 600w, https:\/\/www.monempresarial.com\/wp-content\/uploads\/2014\/09\/monempresarial-154-emprenedoria-franquicies-300x224.png 300w\" sizes=\"(max-width: 400px) 100vw, 400px\" \/><figcaption id=\"caption-attachment-1216\" class=\"wp-caption-text\">Entre 2008 i 2013, les xarxes de franqu\u00edcies, els establiments i els llocs de treball del sector han augmentat.\u00a0\u00a0\u00a0\u00a0\u00a0\/\u00a0SHUTTERSTOCK.<\/figcaption><\/figure>\n<p>La Llei d\u2019Emprenedors aprovada pel Govern Central el passat setembre i que est\u00e0 en vigor des del gener pret\u00e9n facilitar la creaci\u00f3 d\u2019empreses amb incentius fiscals, bonificacions de quotes de la Seguretat Social o la reducci\u00f3 d\u2019alguns tr\u00e0mits, entre d\u2019altres mesures. Les patronals i les associacions d\u2019empresaris, per\u00f2, tenen una opini\u00f3 un\u00e0nime sobre la Llei: s\u2019ha quedat curta. \u201cNo incorpora totes les necessitats dels emprenedors\u201d, assegura Mora, de Foment, que detalla que \u201cla q\u00fcesti\u00f3 del finan\u00e7ament \u00e9s la gran absent de la llei, i \u00e9s clau per a la creaci\u00f3 d\u2019empreses\u201d.<br \/>\nMalgrat la mala percepci\u00f3 que es t\u00e9 de la nova norma, la majoria de fonts consultades valoren el suport que l\u2019administraci\u00f3 d\u00f3na a l\u2019emprenedoria. Aix\u00ed, per exemple, el programa <em>Catalunya Empr\u00e8n<\/em>, impulsat pel Govern de la Generalitat el 2012 amb l\u2019objectiu de fomentar l\u2019emprenedoria i la creaci\u00f3 de llocs de treball, o l\u2019activitat relacionada amb l\u2019emprenedoria d\u2019ACCI\u00d3, l\u2019ag\u00e8ncia per la competitivitat de l\u2019empresa de la Generalitat, tenen una bona acollida en el sector empresarial. Amb tot, les entitats matisen que, malgrat que reconeixen que l\u2019administraci\u00f3 proporciona eines, encara en fan falta m\u00e9s. \u201cEls pol\u00edtics s\u00f3n conscients de la import\u00e0ncia de l\u2019emprenedoria, per\u00f2 l\u2019administraci\u00f3 no va tan r\u00e0pid com molts d\u2019ells voldrien\u201d, resumeix Badosa, d\u2019Aijec.<\/p>\n<p><strong>Cooperatives i franqu\u00edcies, l\u2019excepci\u00f3<\/strong><\/p>\n<figure id=\"attachment_1215\" aria-describedby=\"caption-attachment-1215\" style=\"width: 401px\" class=\"wp-caption alignleft\"><img decoding=\"async\" loading=\"lazy\" class=\"wp-image-1215\" title=\"Les cooperatives opinen que l\u2019administraci\u00f3 no fa prou per aquest col.lectiu.\" src=\"http:\/\/monempresarial.com\/wp-content\/uploads\/2014\/09\/monempresarial-154-emprenedoria-cooperatives.png\" alt=\"Les cooperatives opinen que l\u2019administraci\u00f3 no fa prou per aquest col.lectiu.\u00a0\u00a0\u00a0\u00a0\u00a0\/\u00a0SHUTTERSTOCK.\" width=\"401\" height=\"263\" srcset=\"https:\/\/www.monempresarial.com\/wp-content\/uploads\/2014\/09\/monempresarial-154-emprenedoria-cooperatives-300x197@2x.png 600w, https:\/\/www.monempresarial.com\/wp-content\/uploads\/2014\/09\/monempresarial-154-emprenedoria-cooperatives-300x197.png 300w\" sizes=\"(max-width: 401px) 100vw, 401px\" \/><figcaption id=\"caption-attachment-1215\" class=\"wp-caption-text\">Les cooperatives opinen que l\u2019administraci\u00f3 no fa prou per aquest col.lectiu.\u00a0\u00a0\u00a0\u00a0\u00a0\/\u00a0SHUTTERSTOCK.<\/figcaption><\/figure>\n<p>No totes les agrupacions empresarials, per\u00f2, opinen el mateix sobre el suport de l\u2019administraci\u00f3. \u201cDes de l\u2019administraci\u00f3 no es potencia gens el cooperativisme\u201d, lamenta Perfecto Alonso, president de CoopCat. Tot i aix\u00ed, i malgrat que el nombre total d\u2019empreses en actiu \u00e9s inferior al d\u2019abans de la crisi, el nombre de cooperatives ha anat augmentant des del 2009 i actualment n\u2019hi ha m\u00e9s que el 2008. \u201cLa crisi de model que est\u00e0 havent-hi ha potenciat el factor cultural en la decisi\u00f3 empresarial; ara es busca m\u00e9s una coher\u00e8ncia entre el que es pensa i el que es fa\u201d, apunta Alonso com a principal motiu d\u2019aquest increment. Quant a les previsions de futur, des de CoopCat confien que el cooperativisme segueixi creixent. El repte: aconseguir \u201cnormalitzar el model cooperatiu com un model empresarial m\u00e9s\u201d, diu Alonso.<br \/>\nL\u2019altre model empresarial que tamb\u00e9 ha esdevingut una excepci\u00f3 en la tend\u00e8ncia a la baixa de la crisi \u00e9s la franqu\u00edcia. Aix\u00ed, entre 2008 i 2013, les xarxes de franqu\u00edcies, els establiments i els llocs de treball del sector han augmentat. Entre les raons hi ha que \u201cmoltes empreses que no eren franquiciadores s\u2019han incorporat al model, i tamb\u00e9 que els propis franquiciadors han obert m\u00e9s locals\u201d, explica Xavier Vallhonrat, president de l\u2019Asociaci\u00f3n Espa\u00f1ola de Franquiciadores (AEF). Vallhonrat admet que l\u2019augment de l\u2019emprenedoria per necessitat tamb\u00e9 hi ha tingut a veure, ja que obrir una franqu\u00edcia \u00e9s m\u00e9s f\u00e0cil que posar en marxa un negoci des de zero perqu\u00e8 \u201chi ha una experi\u00e8ncia pr\u00e8via del franquiciador i aquest marca el cam\u00ed\u201d. Igual que amb les cooperatives, Vallhonrat tamb\u00e9 preveu que el model empresarial de franqu\u00edcia segueixi creixent. \u201cJa hi ha entitats financeres que donen suport a algunes franqu\u00edcies\u201d, anuncia.<\/p>\n<p><strong>La relativitat del frac\u00e0s<\/strong><br \/>\nTot i aquests apunts positius, els obstacles amb qu\u00e8 es troben els emprenedors i la situaci\u00f3 econ\u00f2mica dificulten la superviv\u00e8ncia de les empreses, especialment en el cas de les de nova creaci\u00f3. Aix\u00ed, segons l\u2019informe <em>Emprenedoria a Catalunya: activitat, educaci\u00f3 i pol\u00edtiques<\/em>, elaborat pel Consell de Treball Econ\u00f2mic i Social de Catalunya i publicat aquest 2014, el 60% dels projectes iniciats entre 2009 i 2011 no han sobreviscut. Per reduir aquesta elevada taxa, \u201ccal facilitar l\u2019acc\u00e9s al finan\u00e7ament, potenciar la formaci\u00f3 i incentivar el consum\u201d, diu Mora, de Foment. V\u00e9liz, de Pimec, afegeix que \u201cfalten eines de seguiment durant els primers anys de l\u2019empresa per ajudar a consolidar-la\u201d.<\/p>\n<blockquote>\n<h2>Cecot: \u201cMolts aturats es llancen a crear una empresa perqu\u00e8 la inversi\u00f3 \u00e9s petita i pensen que \u00e9s f\u00e0cil, per\u00f2 els falta elaborar un bon pla de negoci perqu\u00e8 el projecte pugui tirar endavant\u201d<\/h2>\n<\/blockquote>\n<p>Haver de tancar una empresa pot considerar-se un frac\u00e0s, per\u00f2 si alguna cosa ha fet la crisi \u00e9s canviar la percepci\u00f3 d\u2019aquesta paraula. \u201cAra es parla molt m\u00e9s de casos d\u2019\u00e8xit que van comen\u00e7ar amb un o dos fracassos previs, i per tant la paraula frac\u00e0s ja no es veu d\u2019una manera tan negativa\u201d, argumenta Badosa, d\u2019AIJEC. La conjuntura econ\u00f2mica ha fet canviar la mentalitat de molta gent, especialment dels joves, quant a les expectatives laborals. \u201cLa cultura emprenedora ha calat una mica m\u00e9s en la societat\u201d, assegura Mu\u00f1oz, d\u2019ATA. Tot i aix\u00ed, per a Guerrero, de Foment, encara \u201chem de canviar m\u00e9s el xip per estar disposats a treballar de manera aut\u00f2noma\u201d. I continua: \u201cno sortirem de la crisi sense crear empreses, per\u00f2 des del Departament d\u2019Empresa i Ocupaci\u00f3 ens recorden que no hem d\u2019insistir en qu\u00e8 tothom sigui emprenedor, no tothom t\u00e9 la capacitat o hi est\u00e0 disposat\u201d.<\/p>\n","protected":false},"excerpt":{"rendered":"<p>L\u2019emprenedoria se\u2019ns ha venut com si f\u00f3s l\u2019\u00fanica soluci\u00f3 a la crisi econ\u00f2mica, per\u00f2 des de les entitats empresarials recorden que crear una empresa i aconseguir que sobrevisqui \u00e9s un proc\u00e9s complicat i ple d\u2019obstacles. L\u2019emprenedoria ser\u00e0 clau per a la recuperaci\u00f3, diuen, per\u00f2 no l\u2019\u00fanic factor.<\/p>\n","protected":false},"author":1,"featured_media":1214,"comment_status":"closed","ping_status":"open","sticky":false,"template":"","format":"standard","meta":{"_mi_skip_tracking":false,"mc4wp_mailchimp_campaign":[],"jnews-multi-image_gallery":[],"jnews_single_post":[],"jnews_primary_category":[]},"categories":[10,30],"tags":[],"_links":{"self":[{"href":"https:\/\/www.monempresarial.com\/ca\/wp-json\/wp\/v2\/posts\/1213"}],"collection":[{"href":"https:\/\/www.monempresarial.com\/ca\/wp-json\/wp\/v2\/posts"}],"about":[{"href":"https:\/\/www.monempresarial.com\/ca\/wp-json\/wp\/v2\/types\/post"}],"author":[{"embeddable":true,"href":"https:\/\/www.monempresarial.com\/ca\/wp-json\/wp\/v2\/users\/1"}],"replies":[{"embeddable":true,"href":"https:\/\/www.monempresarial.com\/ca\/wp-json\/wp\/v2\/comments?post=1213"}],"version-history":[{"count":0,"href":"https:\/\/www.monempresarial.com\/ca\/wp-json\/wp\/v2\/posts\/1213\/revisions"}],"wp:featuredmedia":[{"embeddable":true,"href":"https:\/\/www.monempresarial.com\/ca\/wp-json\/wp\/v2\/media\/1214"}],"wp:attachment":[{"href":"https:\/\/www.monempresarial.com\/ca\/wp-json\/wp\/v2\/media?parent=1213"}],"wp:term":[{"taxonomy":"category","embeddable":true,"href":"https:\/\/www.monempresarial.com\/ca\/wp-json\/wp\/v2\/categories?post=1213"},{"taxonomy":"post_tag","embeddable":true,"href":"https:\/\/www.monempresarial.com\/ca\/wp-json\/wp\/v2\/tags?post=1213"}],"curies":[{"name":"wp","href":"https:\/\/api.w.org\/{rel}","templated":true}]}}