{"id":12556,"date":"2016-10-12T09:05:02","date_gmt":"2016-10-12T07:05:02","guid":{"rendered":"http:\/\/monempresarial.com\/?p=12556"},"modified":"2025-09-25T10:30:08","modified_gmt":"2025-09-25T08:30:08","slug":"entrevista-a-karmenu-vella-comissari-europeu-de-medi-ambient-afers-maritims-i-pesca","status":"publish","type":"post","link":"https:\/\/www.monempresarial.com\/ca\/2016\/10\/12\/entrevista-a-karmenu-vella-comissari-europeu-de-medi-ambient-afers-maritims-i-pesca\/","title":{"rendered":"Entrevista a Karmenu Vella,<\/span><\/span> comissari europeu de Medi Ambient, Afers Mar\u00edtims i Pesca"},"content":{"rendered":"<h5>Provinent de la petita illa de Malta, Karmenu Vella va ser director d\u2019hotel abans de dedicar-se a la pol\u00edtica. Arquitecte i amb un M\u00e0ster en Turisme, al seu pa\u00eds es va encarregar de les carteres d\u2019Ind\u00fastria, Turisme i Obres P\u00fabliques. Com a responsable del medi ambient a la Comissi\u00f3 Europea des del novembre del 2014, ha treballat extensament per aprovar l\u2019hist\u00f2ric Acord pel Clima de Par\u00eds. Amb ell fem balan\u00e7 a 18 mesos de lluita per la sostenibilitat del planeta.<\/h5>\n<p>Text: <a style=\"color: #719f8c;\" href=\"http:\/\/monempresarial.com\/author\/eherrera\/\">Esther Herrera. Brussel\u00b7les<\/a><br \/>\nFotos: <a style=\"color: #719f8c;\">Comissi\u00f3 Europea<\/a><\/p>\n<hr style=\"color: #b72126;\" \/>\n<p><span style=\"color: #719f8c; font-weight: bold;\"><img decoding=\"async\" loading=\"lazy\" class=\"alignright wp-image-12561\" src=\"http:\/\/monempresarial.com\/wp-content\/uploads\/2016\/09\/P026276001201-122326.png\" alt=\"p026276001201-122326\" width=\"272\" height=\"408\" srcset=\"https:\/\/www.monempresarial.com\/wp-content\/uploads\/2016\/09\/P026276001201-122326.png 775w, https:\/\/www.monempresarial.com\/wp-content\/uploads\/2016\/09\/P026276001201-122326-200x300.png 200w, https:\/\/www.monempresarial.com\/wp-content\/uploads\/2016\/09\/P026276001201-122326-768x1152.png 768w, https:\/\/www.monempresarial.com\/wp-content\/uploads\/2016\/09\/P026276001201-122326-683x1024.png 683w, https:\/\/www.monempresarial.com\/wp-content\/uploads\/2016\/09\/P026276001201-122326-200x300@2x.png 400w\" sizes=\"(max-width: 272px) 100vw, 272px\" \/>Ja fa una mica m\u00e9s d\u2019un any que va prendre possessi\u00f3 de la cartera de Medi Ambient.\u00a0Quin balan\u00e7 en fa en un moment molt important en la lluita contra el canvi clim\u00e0tic?<\/span><br \/>\nEstem vivint temps amb importants reptes. En aquests \u00faltims 18 mesos hem hagut d\u2019enfrontar-nos a m\u00faltiples crisis i els ciutadans esperen que la UE marqui la difer\u00e8ncia. \u00c9s per aix\u00f2 que actualment ens dirigim cap a una via centrada en el creixement sostenible i a crear m\u00e9s ocupaci\u00f3 i inversi\u00f3. Per aix\u00f2, al desembre, vam adoptar el paquet de l\u2019economia circular, on vam demostrar que l\u2019economia i el medi ambient van agafats de la m\u00e0. Les noves propostes estaran enfocades a establir un calendari d\u2019aqu\u00ed al 2020 per fer que la nostra economia encara sigui m\u00e9s circular. A nivell internacional, hem signat els Objectius de Desenvolupament Sostenible i l\u2019Acord pel Clima a Par\u00eds, aquestes han estat les principals fites pel medi ambient. Aquests progressos no s\u2019han d\u2019oblidar, i hem de seguir pel mateix cam\u00ed comen\u00e7at l\u2019any passat.<\/p>\n<p><span style=\"color: #719f8c; font-weight: bold;\">Ha comentat l\u2019Acord de Par\u00eds. Troba que tots els pa\u00efsos estan veritablement compromesos en la lluita contra el canvi clim\u00e0tic?<\/span><br \/>\nL\u2019Acord de Par\u00eds el van adoptar 195 pa\u00efsos, fet que demostra per si mateix el comprom\u00eds global per abordar el canvi clim\u00e0tic. A m\u00e9s, 189 pa\u00efsos -que representen el 98% de les emissions a nivell mundial- ja han comen\u00e7at a adoptar plans nacionals en la lluita contra aquest fenomen; queda pal\u00e8s, doncs, que s\u2019est\u00e0 fent un esfor\u00e7 per part de tots. Per\u00f2, evidentment, ara comen\u00e7a la part m\u00e9s dif\u00edcil: passar de l\u2019acord al paper a la pr\u00e0ctica. Hem de seguir mantenint l\u2019esperit de Par\u00eds en el propers anys per situar l\u2019increment de la temperatura global per sota dels 2\u00b0C i limitar-la a 1,5\u00b0C respecte dels nivells d\u2019abans de 1990.<\/p>\n<blockquote>\n<h2 style=\"color: #719f8c;\">\u201cEls ciutadans esperen que la UE marqui la difer\u00e8ncia\u201d<\/h2>\n<\/blockquote>\n<p><span style=\"color: #719f8c; font-weight: bold;\">Segons dades de la Comissi\u00f3 Europea, la pol\u00b7luci\u00f3 \u00e9s la causant de 400.000 morts prematures a Europa. L\u2019Acord de Par\u00eds marcar\u00e0 un punt d\u2019inflexi\u00f3 en aquest aspecte?<\/span><br \/>\nEl problema de la pol\u00b7luci\u00f3 de l\u2019aire \u00e9s que \u00e9s una malaltia invisible. \u00c9s per aix\u00f2 que la Comissi\u00f3 Europea ha proposat una retallada dels principals agents contaminants de la ind\u00fastria, calefaccions, transport i agricultura, que s\u00f3n els que m\u00e9s problemes respiratoris causen en la poblaci\u00f3. La nostra intenci\u00f3 \u00e9s reduir l\u2019impacte de la contaminaci\u00f3 a la meitat. Estic orgull\u00f3s d\u2019anunciar que els estats membres i el Parlament Europeu han arribat a un acord en aquesta proposta. Aquest ser\u00e0 un instrument que ajudar\u00e0 especialment els estats membres i a les regions a complir amb els est\u00e0ndards europeus sobre qualitat de l\u2019aire.<\/p>\n<p><span style=\"color: #719f8c; font-weight: bold;\">La Comissi\u00f3 Europea ha anunciat recentment una acord global per lluitar contra la pesca il\u00b7legal, tot i aix\u00ed se segueix practicant en molts pa\u00efsos\u2026<\/span><br \/>\nL\u2019acord arribat amb l\u2019ONU, que ha entrat ara en vigor, \u00e9s el primer instrument que busca una harmonitzaci\u00f3 dels controls en els ports per evitar que la pesca il\u00b7legal entri en el mercat. Per\u00f2 aix\u00f2 nom\u00e9s \u00e9s el primer pas i s\u2019ha d\u2019implementar formalment. \u00c9s veritat que nom\u00e9s amb aix\u00f2 no s\u2019eliminar\u00e0 el problema de la pesca il\u00b7legal, per\u00f2, per exemple, a la UE, les normes s\u00f3n molt estrictes i es requereix un certificat a tot el peix que hi entra.<\/p>\n<h2 style=\"color: #719f8c;\">\u201cAl desembre, la Comissi\u00f3 Europea va adoptar el paquet de l\u2019economia circular, on vam demostrar que l\u2019economia i el medi ambient van agafats de la m\u00e0. Les noves propostes estaran enfocades a establir un calendari d\u2019aqu\u00ed al 2020 per fer que la nostra economia encara sigui m\u00e9s circular.\u201d<\/h2>\n<p><span style=\"color: #719f8c; font-weight: bold;\"><img decoding=\"async\" loading=\"lazy\" class=\"wp-image-12567 alignleft\" src=\"http:\/\/monempresarial.com\/wp-content\/uploads\/2016\/09\/P026311001101-772218.png\" alt=\"p026311001101-772218\" width=\"296\" height=\"445\" srcset=\"https:\/\/www.monempresarial.com\/wp-content\/uploads\/2016\/09\/P026311001101-772218.png 787w, https:\/\/www.monempresarial.com\/wp-content\/uploads\/2016\/09\/P026311001101-772218-200x300.png 200w, https:\/\/www.monempresarial.com\/wp-content\/uploads\/2016\/09\/P026311001101-772218-768x1154.png 768w, https:\/\/www.monempresarial.com\/wp-content\/uploads\/2016\/09\/P026311001101-772218-681x1024.png 681w, https:\/\/www.monempresarial.com\/wp-content\/uploads\/2016\/09\/P026311001101-772218-200x300@2x.png 400w\" sizes=\"(max-width: 296px) 100vw, 296px\" \/>La UE ha adoptat un nou pla en la lluita contra el tr\u00e0fic il\u00b7legal d\u2019animals, despr\u00e9s que s\u2019hagi produ\u00eft un notable augment en els \u00faltims anys. Per qu\u00e8 es mant\u00e9 com la tercera pr\u00e0ctica criminal amb m\u00e9s ingressos? Quina n\u2019\u00e9s la causa?<\/span><br \/>\n\u00c9s veritat que el tr\u00e0fic il\u00b7legal \u00e9s un dels que m\u00e9s beneficis reporta a les organitzacions criminals a nivell global. El problema \u00e9s que la demanda ha augmentat, especialment a \u00c0sia, per\u00f2 fomentada per la pobresa i la debilitat dels governs dels pa\u00efsos d\u2019origen que fan els ulls grossos. A m\u00e9s, aquesta pr\u00e0ctica no est\u00e0 gaire perseguida. Amb el nostre pla d\u2019acci\u00f3 el que intentem \u00e9s acabar amb aquests buits legals: perseguint l\u2019arrel del problema, com per exemple, treballant amb comunitats rurals d\u2019\u00c0frica perqu\u00e8 se sentin compromesos amb la conservaci\u00f3 animal i perqu\u00e8 es benefici\u00efn d\u2019ella. Tamb\u00e9 utilitzarem les nostres eines diplom\u00e0tiques, comercials i de desenvolupament per enfortir la lluita amb pa\u00efsos d\u2019origen, de tr\u00e0nsit i destinataris.<\/p>\n<p><span style=\"color: #719f8c; font-weight: bold;\">Algunes ONG i estats membres estan especialment preocupats per mantenir la directiva sobre Natura, que protegeix a animals terrestres i aus, i que la Comissi\u00f3 Europea estudia revisar o eliminar. Com es troba aquest proc\u00e9s?<\/span><br \/>\nLa nostra avaluaci\u00f3 encara no ha acabat, per la qual cosa no puc especular quin ser\u00e0 el resultat (esperem presentar les noves directives sobre Natura a la tardor). Tot i aix\u00ed, m\u2019agradaria subratllar una cosa: una millor regulaci\u00f3 no significa eliminar o disminuir els est\u00e0ndards. La nostra proposta no pret\u00e9n ser ideol\u00f2gica, sin\u00f3 pragm\u00e0tica: \u201cSi una cosa no est\u00e0 trencada, no l\u2019arreglis. Per\u00f2 si pot ser millor, millora-la.\u201d I aix\u00f2 \u00e9s el qu\u00e8 intentem fer.<\/p>\n<h2 style=\"color: #719f8c;\">\u201cEl problema de la pol\u00b7luci\u00f3 de l\u2019aire \u00e9s que \u00e9s una malaltia invisible. Per aix\u00f2 la Comissi\u00f3 Europea ha proposat una retallada dels principals agents contaminants de la ind\u00fastria, calefaccions, transport i agricultura, que s\u00f3n els que m\u00e9s problemes respiratoris causen en la poblaci\u00f3. La nostra intenci\u00f3 \u00e9s reduir el seu impacte a la meitat.\u201d<\/h2>\n","protected":false},"excerpt":{"rendered":"<p>Provinent de la petita illa de Malta, Karmenu Vella va ser director d\u2019hotel abans de dedicar-se a la pol\u00edtica. Arquitecte i amb un M\u00e0ster en Turisme, al seu pa\u00eds es va encarregar de les carteres d\u2019Ind\u00fastria, Turisme i Obres P\u00fabliques. Com a responsable del medi ambient a la Comissi\u00f3 Europea des del novembre del 2014, [&hellip;]<\/p>\n","protected":false},"author":1,"featured_media":12565,"comment_status":"open","ping_status":"open","sticky":false,"template":"","format":"standard","meta":{"_mi_skip_tracking":false,"mc4wp_mailchimp_campaign":[],"jnews-multi-image_gallery":[],"jnews_single_post":[],"jnews_primary_category":[]},"categories":[10820,10821,10822,12,33,30],"tags":[4838,4839,4840,143,826,1576,1956,3589],"_links":{"self":[{"href":"https:\/\/www.monempresarial.com\/ca\/wp-json\/wp\/v2\/posts\/12556"}],"collection":[{"href":"https:\/\/www.monempresarial.com\/ca\/wp-json\/wp\/v2\/posts"}],"about":[{"href":"https:\/\/www.monempresarial.com\/ca\/wp-json\/wp\/v2\/types\/post"}],"author":[{"embeddable":true,"href":"https:\/\/www.monempresarial.com\/ca\/wp-json\/wp\/v2\/users\/1"}],"replies":[{"embeddable":true,"href":"https:\/\/www.monempresarial.com\/ca\/wp-json\/wp\/v2\/comments?post=12556"}],"version-history":[{"count":1,"href":"https:\/\/www.monempresarial.com\/ca\/wp-json\/wp\/v2\/posts\/12556\/revisions"}],"predecessor-version":[{"id":48185,"href":"https:\/\/www.monempresarial.com\/ca\/wp-json\/wp\/v2\/posts\/12556\/revisions\/48185"}],"wp:featuredmedia":[{"embeddable":true,"href":"https:\/\/www.monempresarial.com\/ca\/wp-json\/wp\/v2\/media\/12565"}],"wp:attachment":[{"href":"https:\/\/www.monempresarial.com\/ca\/wp-json\/wp\/v2\/media?parent=12556"}],"wp:term":[{"taxonomy":"category","embeddable":true,"href":"https:\/\/www.monempresarial.com\/ca\/wp-json\/wp\/v2\/categories?post=12556"},{"taxonomy":"post_tag","embeddable":true,"href":"https:\/\/www.monempresarial.com\/ca\/wp-json\/wp\/v2\/tags?post=12556"}],"curies":[{"name":"wp","href":"https:\/\/api.w.org\/{rel}","templated":true}]}}