{"id":12581,"date":"2016-10-21T10:00:26","date_gmt":"2016-10-21T08:00:26","guid":{"rendered":"http:\/\/monempresarial.com\/?p=12581"},"modified":"2025-09-25T10:29:53","modified_gmt":"2025-09-25T08:29:53","slug":"asepeyo-sempre-un-pas-endavant","status":"publish","type":"post","link":"https:\/\/www.monempresarial.com\/ca\/2016\/10\/21\/asepeyo-sempre-un-pas-endavant\/","title":{"rendered":"Asepeyo:<\/span> sempre un pas endavant"},"content":{"rendered":"<h5 style=\"color: #000000;\">Asepeyo es va fundar el 1915 a Barcelona i va n\u00e9ixer amb la mateixa vocaci\u00f3 de servei cap a les empreses mutualistes i els treballadors assegurats que encara mant\u00e9 un segle despr\u00e9s. Actualment \u00e9s una de les m\u00fatues d\u2019accidents laborals i malalties professionals m\u00e9s importants del pa\u00eds, millorant els seus resultats any rere any i destinant part del seu pressupost a ajudes socials.<\/h5>\n<p>Text: Redacci\u00f3<br \/>\nFotos: Asepeyo<\/p>\n<p><span style=\"color: #00ccff; font-weight: bold; text-transform: uppercase;\"><img decoding=\"async\" loading=\"lazy\" class=\" wp-image-12589 alignright\" src=\"http:\/\/monempresarial.com\/wp-content\/uploads\/2016\/10\/Fitxa.png\" alt=\"fitxa\" width=\"227\" height=\"705\" srcset=\"https:\/\/www.monempresarial.com\/wp-content\/uploads\/2016\/10\/Fitxa.png 272w, https:\/\/www.monempresarial.com\/wp-content\/uploads\/2016\/10\/Fitxa-97x300.png 97w, https:\/\/www.monempresarial.com\/wp-content\/uploads\/2016\/10\/Fitxa-97x300@2x.png 194w\" sizes=\"(max-width: 227px) 100vw, 227px\" \/>Fa poc m\u00e9s de 100 anys, <\/span>Asepeyo iniciava el seu recorregut hist\u00f2ric gr\u00e0cies a la constituci\u00f3 de la mutualitat de previsi\u00f3 social El Obrero Catal\u00e1n. L\u2019objectiu dels fundadors \u2013un grup de ve\u00efns de la barriada barcelonina de Sant Mart\u00ed de Proven\u00e7als\u2013 fou proporcionar ajudes sanit\u00e0ries i econ\u00f2miques als seus membres i familiars gr\u00e0cies a les quotes dels socis empresaris. No ser\u00e0 fins el 23 d\u2019abril de 1944 que El Obrero Catal\u00e1n obtingu\u00e9 la seva denominaci\u00f3 actual: Asistencia Sanitario Econ\u00f3mica para Empleados y Obreros, Mutualidad de Previsi\u00f3n Social, A.S.E.P.E.YO. I \u00e9s que aquest per\u00edode coincideix amb la promulgaci\u00f3 de la Llei de l\u2019Asseguran\u00e7a Obligat\u00f2ria de Malaltia i tamb\u00e9 amb l\u2019entrada a l\u2019organitzaci\u00f3 de nous directius que la voldran transformar en una entitat mutualista de major envergadura i abast geogr\u00e0fic. A partir d\u2019aquest moment, la renovada m\u00fatua comen\u00e7a a gestionar l&#8217;asseguran\u00e7a volunt\u00e0ria i obligat\u00f2ria de malaltia i d\u2019accident laboral a tot l\u2019Estat espanyol, i inaugura el seu primer consultori m\u00e8dic a Manresa.<\/p>\n<h2 style=\"color: #256542;\"><span style=\"color: #00ccff;\">L\u2019objectiu dels fundadors de la mutualitat de previsi\u00f3 social El Obrero Catal\u00e1n \u2013un grup de ve\u00efns de la barriada barcelonina de Sant Mart\u00ed de Proven\u00e7als\u2013 fou proporcionar ajudes sanit\u00e0ries i econ\u00f2miques als seus membres i familiars gr\u00e0cies a les quotes dels socis empresaris<\/span><\/h2>\n<p>&nbsp;<\/p>\n<p><span style=\"color: #00ccff; font-weight: bold; text-transform: uppercase;\">La gran embranzida<\/span><br \/>\nEl 1965 Asepeyo deixa de ser una entitat de previsi\u00f3 social i comen\u00e7a a col\u00b7laborar amb la Seguretat Social sota el nom de M\u00fatua Patronal d&#8217;Accidents de Treball i Malalties Professionals (amb el n\u00famero de registre 151). Malgrat aix\u00f2, segueix amb la seva manera de fer d\u2019empresa privada. En aquell moment, la plantilla de l\u2019entitat era com una gran fam\u00edlia, encap\u00e7alada pel seu director gerent, Antoni Serra Santamans. \u00c9s cert que des dels seus inicis sempre fou una m\u00fatua important al nostre pa\u00eds (la primera a Catalunya), per\u00f2 a partir de finals de la d\u00e8cada dels anys seixanta, Asepeyo no va parar de cr\u00e9ixer, tant pel seu volum de quotes com pel seus resultats. El 1968 les empreses associades eren 53.420, els treballadors assegurats, 434.205, i la recaptaci\u00f3 arribava a 1.041 milions de pessetes (6,2 milions d&#8217;euros). Quasi mig segle despr\u00e9s, el 2015, la m\u00fatua d\u2019origen barcelon\u00ed protegia gaireb\u00e9 2.400.000 treballadors corresponents a 279.000 empreses associades, amb uns ingressos consolidats de 1.824 milions d&#8217;euros i una plantilla de 3.400 professionals.<\/p>\n<p><span style=\"color: #00ccff; font-weight: bold; text-transform: uppercase;\"><img decoding=\"async\" loading=\"lazy\" class=\"size-full wp-image-12591 aligncenter\" src=\"http:\/\/monempresarial.com\/wp-content\/uploads\/2016\/10\/Gra-de-sorra.png\" alt=\"gra-de-sorra\" width=\"495\" height=\"782\" srcset=\"https:\/\/www.monempresarial.com\/wp-content\/uploads\/2016\/10\/Gra-de-sorra.png 495w, https:\/\/www.monempresarial.com\/wp-content\/uploads\/2016\/10\/Gra-de-sorra-190x300.png 190w, https:\/\/www.monempresarial.com\/wp-content\/uploads\/2016\/10\/Gra-de-sorra-190x300@2x.png 380w\" sizes=\"(max-width: 495px) 100vw, 495px\" \/><\/span><\/p>\n<p><span style=\"color: #00ccff; font-weight: bold; text-transform: uppercase;\">De la m\u00e0 dels canvis<\/span><br \/>\nAmb el pas del temps, com apunta el seu director gerent, Vicente Aparicio, \u201cles m\u00fatues, i entre elles Asepeyo, han hagut d\u2019adaptar-se a les circumst\u00e0ncies de la normativa que els ha estat d&#8217;aplicaci\u00f3; una adaptaci\u00f3 que ha configurat canvis evidents\u201d. I l\u2019entrada en vigor de la Llei 4\/1990 de Pressupostos Generals de l&#8217;Estat fou sens dubte un altre d\u2019aquests moments clau de transformaci\u00f3. Asepeyo va haver de canviar el seu nom pel de M\u00fatua d&#8217;Accidents de Treball i Malalties Professionals de la Seguretat Social.<br \/>\nTanmateix, parlem d\u2019una empresa avan\u00e7ada al seu temps i a les normatives, per exemple, quan van anticipar-se diversos anys a la publicaci\u00f3 de la Llei de Prevenci\u00f3 de Riscos Laborals de 1995 amb la creaci\u00f3 d\u2019una xarxa de t\u00e8cnics especialistes que impartien formaci\u00f3, divulgaven informaci\u00f3 i oferien assessorament a la resta de companyies sobre prevenci\u00f3. Ser\u00e0 a mitjans de la d\u00e8cada dels noranta quan Asepeyo, a banda de gestionar els accidents de treball i les malalties professionals, inici\u00ef la cobertura de la prestaci\u00f3 econ\u00f2mica d\u2019incapacitat laboral temporal i es constitueixi finalment com a Servei de Prevenci\u00f3 acreditat a l\u2019hora d\u2019actuar a tot el territori espanyol.<\/p>\n<h2 style=\"color: #256542;\"><span style=\"color: #00ccff;\">A la d\u00e8cada dels anys seixanta, la plantilla d\u2019Asepeyo era com una gran fam\u00edlia, encap\u00e7alada pel seu director gerent, Antoni Serra Santamans, i la m\u00fatua s\u2019erigia com una de les m\u00e9s importants al nostre pa\u00eds<\/span><\/h2>\n<p><img decoding=\"async\" loading=\"lazy\" class=\"size-full wp-image-12587 aligncenter\" src=\"http:\/\/monempresarial.com\/wp-content\/uploads\/2016\/10\/Evoluci\u00f3.png\" alt=\"evolucio\" width=\"989\" height=\"395\" srcset=\"https:\/\/www.monempresarial.com\/wp-content\/uploads\/2016\/10\/Evoluci\u00f3.png 989w, https:\/\/www.monempresarial.com\/wp-content\/uploads\/2016\/10\/Evoluci\u00f3-300x120.png 300w, https:\/\/www.monempresarial.com\/wp-content\/uploads\/2016\/10\/Evoluci\u00f3-768x307.png 768w, https:\/\/www.monempresarial.com\/wp-content\/uploads\/2016\/10\/Evoluci\u00f3-300x120@2x.png 600w\" sizes=\"(max-width: 989px) 100vw, 989px\" \/><\/p>\n<p><span style=\"color: #00ccff; font-weight: bold; text-transform: uppercase;\">Mirant cap al futur<\/span><br \/>\nEmpresa centen\u00e0ria des del 2015 \u2013any que va adoptar el nom d\u2019Asepeyo, M\u00fatua Col\u00b7laboradora amb la Seguretat Social amb motiu de la nova Llei de M\u00fatues\u2013, \u00e9s evident que estem davant d\u2019una organitzaci\u00f3 consolidada, solvent i que sap quin \u00e9s el cam\u00ed seguir a l\u2019hora de millorar. Per aix\u00f2, entre les seves l\u00ednies de futur no falten dos prop\u00f2sits: prioritzar l\u2019assist\u00e8ncia sanit\u00e0ria amb mitjans propis i mantenir acords amb altres m\u00fatues per tal de refor\u00e7ar la seva xarxa assistencial. Un altre repte fonamental a destacar \u00e9s l\u2019aposta per les noves tecnologies aplicades a la gesti\u00f3 di\u00e0ria de la mutualitat (l\u2019app de mutualistes, per exemple) i a l\u2019actualitzaci\u00f3 del seu equipament sanitari (com ara l\u2019\u00fas de les impressores 3D en els casos de traumatologia). Encara que, com afirmen des de l\u2019organitzaci\u00f3, \u201ctot aix\u00f2 no seria possible sense les empreses associades que confien en la feina ben feta dels professionals d\u2019Asepeyo\u201d.<\/p>\n<h2 style=\"color: #256542;\"><span style=\"color: #00ccff;\">Avui dia, un dels reptes d\u2019Asepeyo \u00e9s apostar per les noves tecnologies vinculades a la gesti\u00f3 di\u00e0ria de la mutualitat i a l\u2019actualitzaci\u00f3 del seu equipament sanitari<\/span><\/h2>\n<p style=\"text-align: left;\"><img decoding=\"async\" loading=\"lazy\" class=\"size-full wp-image-12593 aligncenter\" src=\"http:\/\/monempresarial.com\/wp-content\/uploads\/2016\/10\/Cronologia-1.png\" alt=\"cronologia\" width=\"605\" height=\"812\" srcset=\"https:\/\/www.monempresarial.com\/wp-content\/uploads\/2016\/10\/Cronologia-1.png 605w, https:\/\/www.monempresarial.com\/wp-content\/uploads\/2016\/10\/Cronologia-1-224x300.png 224w, https:\/\/www.monempresarial.com\/wp-content\/uploads\/2016\/10\/Cronologia-1-224x300@2x.png 448w\" sizes=\"(max-width: 605px) 100vw, 605px\" \/><\/p>\n<p>&nbsp;<\/p>\n<div style=\"background-color: #256542; text-align: center;\"><span style=\"color: #ffffff; font-weight: bold; font-size: 20px;\">Entrevista al director general d&#8217;Asepeyo, Vicente Aparicio<\/span><\/div>\n<p><span style=\"color: #ae0f09; font-weight: bold;\"><span style=\"color: #256542;\"><img decoding=\"async\" loading=\"lazy\" class=\"alignright wp-image-12600\" src=\"http:\/\/monempresarial.com\/wp-content\/uploads\/2016\/10\/Gerent-Vicente-Aparicio-ok.png\" alt=\"gerent-vicente-aparicio-ok\" width=\"393\" height=\"262\" srcset=\"https:\/\/www.monempresarial.com\/wp-content\/uploads\/2016\/10\/Gerent-Vicente-Aparicio-ok.png 1348w, https:\/\/www.monempresarial.com\/wp-content\/uploads\/2016\/10\/Gerent-Vicente-Aparicio-ok-300x200.png 300w, https:\/\/www.monempresarial.com\/wp-content\/uploads\/2016\/10\/Gerent-Vicente-Aparicio-ok-768x512.png 768w, https:\/\/www.monempresarial.com\/wp-content\/uploads\/2016\/10\/Gerent-Vicente-Aparicio-ok-1024x683.png 1024w, https:\/\/www.monempresarial.com\/wp-content\/uploads\/2016\/10\/Gerent-Vicente-Aparicio-ok-252x167.png 252w, https:\/\/www.monempresarial.com\/wp-content\/uploads\/2016\/10\/Gerent-Vicente-Aparicio-ok-300x200@2x.png 600w, https:\/\/www.monempresarial.com\/wp-content\/uploads\/2016\/10\/Gerent-Vicente-Aparicio-ok-252x167@2x.png 504w\" sizes=\"(max-width: 393px) 100vw, 393px\" \/>Com recorda els seus inicis a Asepeyo?<\/span>\u00a0<\/span><br \/>\nHi vaig entrar a treballar el 14 d&#8217;octubre de 1968, quan tenia poc m\u00e9s\u00a0de 15 anys. Ja s\u00f3n 47 anys de dedicaci\u00f3 a la mateixa empresa i els records d\u2019aquells comen\u00e7aments s\u00f3n per a mi inesborrables. Per comen\u00e7ar, em van oferir un lloc d&#8217;auxiliar al departament de fer fotoc\u00f2pies, estafeta i paqueteria, que vaig anar compaginant amb els estudis. \u00c9rem tres i prou&#8230; El senyor Feliu, el cap, una persona culta, senzilla i bona, i l\u2019Angelines, l\u2019entranyable companya de departament.\u00a0He de recon\u00e8ixer que aquella \u00e8poca em va ajudar a formar-me i a saber apreciar m\u00e9s tot all\u00f2 que en un futur ha estat la meva carrera dins l\u2019entitat, movent-me per diversos departaments i exercint-hi funcions ben diferents amb els anys.<\/p>\n<p><span style=\"color: #256542; font-weight: bold;\">En aquest sentit, com ha vist evolucionar l\u2019empresa amb el pas del temps? <\/span><br \/>\nLes m\u00fatues han hagut d\u2019adaptar-se a les circumst\u00e0ncies de la normativa que els ha estat d&#8217;aplicaci\u00f3, una adaptaci\u00f3 que ha configurat canvis evidents. Quan vaig comen\u00e7ar a treballar havia cregut sempre que les m\u00fatues \u00e9rem empreses privades. Que com a tals, d\u00faiem a terme una activitat que passava evidentment per col\u00b7laborar amb la Seguretat Social, per\u00f2 amb una manera de fer privada. Aix\u00ed \u00e9s com vam treballar durant molts anys i b\u00e9. I la prova \u00e9s que v\u00e8iem cr\u00e9ixer les m\u00fatues en volum i en excedent o beneficis. Amb tot, per\u00f2, en els darrers anys, sota la premissa que les m\u00fatues gestionem quotes de la Seguretat Social, han anat desapareixent els vestigis de gesti\u00f3 privada i de compet\u00e8ncia en el sector.<\/p>\n<p><span style=\"color: #256542; font-weight: bold;\">Qu\u00e8 ha suposat aquest intervencionisme progressiu de l\u2019Administraci\u00f3?<\/span><br \/>\nEns ha conduit cap a un altre tipus de m\u00fatues. Alguns segurament poden trobar l\u00f2gic el canvi, i potser fins tot necessari, i aportaran, tal vegada, motius o raons per a justificar-ho. Jo s\u00f3c del parer que s&#8217;ha com\u00e8s un error, que les coses es podien haver fet d&#8217;una altra manera, m\u00e9s adient i favorable per a tots.<\/p>\n<h2 style=\"color: #256542; text-align: center;\"><span style=\"color: #256542;\">\u201cCrec no equivocar-me si dic que el futur de l\u2019empresa \u00e9s engrescador\u201d<\/span><\/h2>\n<p><span style=\"color: #256542; font-weight: bold;\">Cap a on va el futur d\u2019Asepeyo?<\/span><br \/>\nEl futur de l&#8217;empresa \u2013i crec no equivocar-me si dic que \u00e9s engrescador\u2013 est\u00e0 condicionat per seguir col\u00b7laborant amb la Seguretat Social.\u00a0La nostra adaptaci\u00f3 ja fa temps que s&#8217;ha anat acomodant a les necessitats previstes. Cal anar sempre un pas endavant, preveient canvis i introduint millores de tota mena, sobretot preventives i sanit\u00e0ries. Tamb\u00e9 procurem disposar dels avan\u00e7os inform\u00e0tics m\u00e9s punters, un dels principals reptes de futur a tot l\u2019entorn econ\u00f2mic i social, i aix\u00f2 comporta que tots els nostres professionals estiguin fent aquest canvi qualitatiu d\u2019adaptaci\u00f3 als nous temps.<\/p>\n","protected":false},"excerpt":{"rendered":"<p>Asepeyo es va fundar el 1915 a Barcelona i va n\u00e9ixer amb la mateixa vocaci\u00f3 de servei cap a les empreses mutualistes i els treballadors assegurats que encara mant\u00e9 un segle despr\u00e9s. Actualment \u00e9s una de les m\u00fatues d\u2019accidents laborals i malalties professionals m\u00e9s importants del pa\u00eds, millorant els seus resultats any rere any i [&hellip;]<\/p>\n","protected":false},"author":1,"featured_media":12596,"comment_status":"open","ping_status":"open","sticky":false,"template":"","format":"standard","meta":{"_mi_skip_tracking":false,"mc4wp_mailchimp_campaign":[],"jnews-multi-image_gallery":[],"jnews_single_post":[],"jnews_primary_category":[]},"categories":[10],"tags":[180,4175,4847,4848,4849],"_links":{"self":[{"href":"https:\/\/www.monempresarial.com\/ca\/wp-json\/wp\/v2\/posts\/12581"}],"collection":[{"href":"https:\/\/www.monempresarial.com\/ca\/wp-json\/wp\/v2\/posts"}],"about":[{"href":"https:\/\/www.monempresarial.com\/ca\/wp-json\/wp\/v2\/types\/post"}],"author":[{"embeddable":true,"href":"https:\/\/www.monempresarial.com\/ca\/wp-json\/wp\/v2\/users\/1"}],"replies":[{"embeddable":true,"href":"https:\/\/www.monempresarial.com\/ca\/wp-json\/wp\/v2\/comments?post=12581"}],"version-history":[{"count":1,"href":"https:\/\/www.monempresarial.com\/ca\/wp-json\/wp\/v2\/posts\/12581\/revisions"}],"predecessor-version":[{"id":48184,"href":"https:\/\/www.monempresarial.com\/ca\/wp-json\/wp\/v2\/posts\/12581\/revisions\/48184"}],"wp:featuredmedia":[{"embeddable":true,"href":"https:\/\/www.monempresarial.com\/ca\/wp-json\/wp\/v2\/media\/12596"}],"wp:attachment":[{"href":"https:\/\/www.monempresarial.com\/ca\/wp-json\/wp\/v2\/media?parent=12581"}],"wp:term":[{"taxonomy":"category","embeddable":true,"href":"https:\/\/www.monempresarial.com\/ca\/wp-json\/wp\/v2\/categories?post=12581"},{"taxonomy":"post_tag","embeddable":true,"href":"https:\/\/www.monempresarial.com\/ca\/wp-json\/wp\/v2\/tags?post=12581"}],"curies":[{"name":"wp","href":"https:\/\/api.w.org\/{rel}","templated":true}]}}