{"id":12627,"date":"2016-10-27T10:00:11","date_gmt":"2016-10-27T08:00:11","guid":{"rendered":"http:\/\/monempresarial.com\/?p=12627"},"modified":"2025-09-25T10:29:33","modified_gmt":"2025-09-25T08:29:33","slug":"entrevista-a-oriol-amat-president-de-lassociacio-catalana-de-comptabilitat-i-direccio-accid","status":"publish","type":"post","link":"https:\/\/www.monempresarial.com\/ca\/2016\/10\/27\/entrevista-a-oriol-amat-president-de-lassociacio-catalana-de-comptabilitat-i-direccio-accid\/","title":{"rendered":"Entrevista a Oriol Amat,<\/span> president de l\u2019Associaci\u00f3 Catalana de Comptabilitat i Direcci\u00f3 (ACCID)"},"content":{"rendered":"<p><img decoding=\"async\" loading=\"lazy\" class=\"alignright wp-image-12635\" src=\"http:\/\/monempresarial.com\/wp-content\/uploads\/2016\/10\/LOGO-ACCID.png\" alt=\"logo-accid\" width=\"196\" height=\"181\" srcset=\"https:\/\/www.monempresarial.com\/wp-content\/uploads\/2016\/10\/LOGO-ACCID.png 685w, https:\/\/www.monempresarial.com\/wp-content\/uploads\/2016\/10\/LOGO-ACCID-300x277.png 300w, https:\/\/www.monempresarial.com\/wp-content\/uploads\/2016\/10\/LOGO-ACCID-300x277@2x.png 600w\" sizes=\"(max-width: 196px) 100vw, 196px\" \/><\/p>\n<h4>Catedr\u00e0tic d\u2019Economia Financera i Comptabilitat de la UPF, Oriol Amat \u00e9s tamb\u00e9 el president de l\u2019Associaci\u00f3 Catalana de Comptabilitat i Direcci\u00f3 (ACCID) des del 2014. Amb ell hem parlat sobre els objectius i reptes d\u2019aquesta entitat que ha esdevingut el punt de trobada dels professionals i acad\u00e8mics que treballen a Catalunya en l\u2019\u00e0mbit de la comptabilitat.<\/h4>\n<h4>Text: <a style=\"color: #4b506f;\" href=\"http:\/\/monempresarial.com\/author\/bseijo\/\">Berta Seijo<\/a><br \/>\nFotos: <span style=\"color: #4b506f; font-weight: bold;\">ACCID<\/span><\/h4>\n<hr style=\"color: #b72126;\" \/>\n<p><span style=\"color: #4b506f; font-weight: bold;\"><br \/>\nPer comen\u00e7ar, quin lloc creu que ocupa actualment la figura del comptable? Sovint\u00a0s\u2019afirma que s\u00f3n professionals infravalorats que no juguen el rol que mereixen a les empreses&#8230;<\/span><br \/>\nLa comptabilitat entesa amb una perspectiva amplia inclou tot el que t\u00e9 a veure amb la informaci\u00f3 financera i tamb\u00e9 el control de gesti\u00f3. S\u00f3n dues \u00e0rees que estan experimentant un important desenvolupament des de fa anys. Si parlem d\u2019informaci\u00f3 financera, cada dia es demana m\u00e9s transpar\u00e8ncia i qualitat a la informaci\u00f3 de les empreses, organitzacions i administracions p\u00fabliques. Si parlem de control de gesti\u00f3, els c\u00e0lculs de costos, els indicadors i els quadres de comandament tamb\u00e9 s\u00f3n cada cop m\u00e9s presents en qualsevol organitzaci\u00f3. Tot aix\u00f2 est\u00e0 revaloritzant la figura del comptable. Hem passat del comptable \u201cdel manguito\u201d de fa unes d\u00e8cades (als Estats Units en deien <em>peanut counters<\/em> o \u201ccomptadors de cacauets\u201d) a professionals que contribueixen decisivament a augmentar el valor de les organitzacions en les que treballen. Una prova la tenim tamb\u00e9 en la figura de l\u2019Expert Comptable acreditat que estem promovent a trav\u00e9s del Registre d\u2019Experts Comptables de Catalunya, que \u00e9s una iniciativa conjunta del Col\u00b7legi d\u2019Economistes i el Col\u00b7legi de Censors Jurats de Comptes.<\/p>\n<p><span style=\"color: #4b506f; font-weight: bold;\">La qualitat i la transpar\u00e8ncia de la informaci\u00f3 que les empreses generen i subministren \u00e9s quelcom que dep\u00e8n nom\u00e9s dels comptables? Com es pot garantir que tant en l\u2019\u00e0mbit p\u00fablic com en el privat aquestes dues premisses s\u2019acompleixin?<\/span><br \/>\nLa qualitat i la transpar\u00e8ncia de la informaci\u00f3 financera descansa sobre tres pilars fonamentals.<br \/>\nPer una banda, cal tenir una bona regulaci\u00f3 comptable. En els darrers anys, en l\u2019\u00e0mbit internacional s\u2019ha incrementat molt la regulaci\u00f3 per tal de fer front als grans esc\u00e0ndols (com Enron en el 2000 i Lehman Brothers en el 2008). Comparteixo la necessitat de m\u00e9s regulaci\u00f3, per\u00f2 cal afegir que el que necessitem \u00e9s \u201cbona regulaci\u00f3\u201d i amb les Normes Internacionals d\u2019Informaci\u00f3 Financera sembla que s\u2019ha incrementat en exc\u00e9s la informaci\u00f3 que han de facilitar les empreses i, en molts casos, \u00e9s informaci\u00f3 incomprensible fins i tot per als mateixos professionals de la comptabilitat. Li posar\u00e9 un exemple, si una empresa per explicar els comptes ha de publicar una mem\u00f2ria de dues-centes p\u00e0gines i bona part d\u2019ella no \u00e9s f\u00e0cil d\u2019entendre, no anem b\u00e9. Cal recordar que la millor manera de no informar \u00e9s informar en exc\u00e9s. Seria millor disposar d\u2019informes m\u00e9s curts per\u00f2 molt clars i informant del que \u00e9s realment clau.<br \/>\nEn segon lloc, les empreses han de tenir bons valors, entre ells, l\u2019\u00e8tica i la Responsabilitat Social Corporativa. Encara hi ha massa empreses que prioritzen la rendibilitat dels accionistes a curt termini i els bonus dels executius. Aix\u00f2 perjudica els objectius d\u2019\u00e8tica i transpar\u00e8ncia.<br \/>\nI finalment, \u00e9s imprescindible disposar de professionals competents en mat\u00e8ria d\u2019informaci\u00f3 financera. Aquest \u00e9s un dels objectius pels que va n\u00e9ixer l\u2019ACCID ara ja fa 14 anys.<\/p>\n<blockquote>\n<h2 style=\"color: #4b506f; text-align: left;\">\u201cLa millor manera de no informar \u00e9s informar en exc\u00e9s\u201d<\/h2>\n<\/blockquote>\n<p><span style=\"color: #4b506f; font-weight: bold;\">Quines altres millors pr\u00e0ctiques persegueixen des de la seva associaci\u00f3? I de quina manera fan front a fen\u00f2mens com ara la morositat o el frau?<\/span><br \/>\nA part de fomentar les bones pr\u00e0ctiques en informaci\u00f3 financera, treballem per a millorar la direcci\u00f3 i el control de la gesti\u00f3 empresarial. Tant en mat\u00e8ria de morositat com de frau, contribu\u00efm a la generaci\u00f3 de coneixement amb la publicaci\u00f3 de treballs (notes t\u00e8cniques, manuals, documents de recerca), la majoria accessibles per a tothom a trav\u00e9s de la p\u00e0gina web, que ajuden a implementar millors sistemes de gesti\u00f3 que redueixin la morositat i tamb\u00e9 el frau. En els propers mesos, publicarem una monografia de la Revista de Comptabilitat i Direcci\u00f3 sobre la prevenci\u00f3 i detecci\u00f3 de fraus.<\/p>\n<p><span style=\"color: #4b506f; font-weight: bold;\"><img decoding=\"async\" loading=\"lazy\" class=\"wp-image-12632 alignleft\" src=\"http:\/\/monempresarial.com\/wp-content\/uploads\/2016\/10\/Jornada.png\" alt=\"jornada\" width=\"306\" height=\"204\" srcset=\"https:\/\/www.monempresarial.com\/wp-content\/uploads\/2016\/10\/Jornada.png 256w, https:\/\/www.monempresarial.com\/wp-content\/uploads\/2016\/10\/Jornada-252x167.png 252w\" sizes=\"(max-width: 306px) 100vw, 306px\" \/>Em podria assenyalar algunes de les dificultats amb qu\u00e8 topen avui dia els comptables i que fa anys no havien d\u2019afrontar?<\/span><br \/>\nEls comptables afronten molt reptes avui dia. Entre ells destacaria l\u2019increment exponencial dels requisits de <em>compliance<\/em> (compliment normatiu) i tamb\u00e9 les innovacions tecnol\u00f2giques. Sobre aix\u00f2 darrer, <em>The Economist<\/em> publicava fa poc un estudi que deia que els comptables i els auditors s\u00f3n dues de les professions que poden veure\u2019s m\u00e9s afectades per Internet i la robotitzaci\u00f3.<\/p>\n<p><span style=\"color: #4b506f; font-weight: bold;\">Quin perfil de col\u00b7lectius professionals i acad\u00e8mics posen en contacte? Tamb\u00e9 donen cabuda a \u00e0mbits i sectors empresarials diversos?<\/span><br \/>\nL&#8217;ACCID \u00e9s una associaci\u00f3 que va n\u00e9ixer amb l&#8217;\u00e0nim de convertir-se en un nexe d&#8217;uni\u00f3 pels professionals (directius d\u2019empresa, assessors, etc.) i acad\u00e8mics que treballen a Catalunya en l&#8217;\u00e0mbit de la comptabilitat. Avui dia ja som m\u00e9s de 10.300 persones de tots els sectors empresarials, sector p\u00fablic i universitats i escoles de negocis.<\/p>\n<blockquote>\n<h2 style=\"color: #4b506f; text-align: left;\">\u201cHem passat del comptable \u201cdel manguito\u201d de fa unes d\u00e8cades a professionals que contribueixen decisivament a augmentar el valor de les organitzacions en les que treballen.\u201d<\/h2>\n<\/blockquote>\n<p><span style=\"color: #4b506f; font-weight: bold;\">Tinc ent\u00e8s que han ampliat el camp d\u2019actuaci\u00f3 de l\u2019associaci\u00f3 al mercat internacional. En aquest sentit, per\u00f2, l\u2019estructura de la professi\u00f3 comptable varia considerablement segons l\u2019estat&#8230; Es poden fer sin\u00e8rgies entre pa\u00efsos quan hi ha variables com la cultura, el sistema financer i el tipus de dret predominant pel mig?<\/span><br \/>\nDes de l\u2019ACCID tenim convenis de col\u00b7laboraci\u00f3 amb entitats similars de pa\u00efsos dels nostre entorn (Fran\u00e7a, Andorra, Portugal o Regne Unit) per tal d\u2019aprofitar les experi\u00e8ncies d\u2019altres pa\u00efsos. Tot i que part de la regulaci\u00f3 \u00e9s diferent i tamb\u00e9 hi ha difer\u00e8ncies culturals i en el sistema financer, cada dia hi ha m\u00e9s temes comuns que justifiquen que la col\u00b7laboraci\u00f3 internacional estigui a la nostra agenda i sigui una de les nostres prioritats.<\/p>\n<blockquote>\n<h2 style=\"color: #4b506f; text-align: left;\">\u201cEls comptables afronten molt reptes avui dia. Entre ells destacaria l\u2019increment exponencial dels requisits de <em>compliance<\/em> i les innovacions tecnol\u00f2giques.\u201d<\/h2>\n<\/blockquote>\n","protected":false},"excerpt":{"rendered":"<p>Catedr\u00e0tic d\u2019Economia Financera i Comptabilitat de la UPF, Oriol Amat \u00e9s tamb\u00e9 el president de l\u2019Associaci\u00f3 Catalana de Comptabilitat i Direcci\u00f3 (ACCID) des del 2014. Amb ell hem parlat sobre els objectius i reptes d\u2019aquesta entitat que ha esdevingut el punt de trobada dels professionals i acad\u00e8mics que treballen a Catalunya en l\u2019\u00e0mbit de la comptabilitat.<\/p>\n","protected":false},"author":1,"featured_media":12630,"comment_status":"open","ping_status":"open","sticky":false,"template":"","format":"standard","meta":{"_mi_skip_tracking":false,"mc4wp_mailchimp_campaign":[],"jnews-multi-image_gallery":[],"jnews_single_post":[],"jnews_primary_category":[]},"categories":[10],"tags":[2882,3811,4855,4856,568],"_links":{"self":[{"href":"https:\/\/www.monempresarial.com\/ca\/wp-json\/wp\/v2\/posts\/12627"}],"collection":[{"href":"https:\/\/www.monempresarial.com\/ca\/wp-json\/wp\/v2\/posts"}],"about":[{"href":"https:\/\/www.monempresarial.com\/ca\/wp-json\/wp\/v2\/types\/post"}],"author":[{"embeddable":true,"href":"https:\/\/www.monempresarial.com\/ca\/wp-json\/wp\/v2\/users\/1"}],"replies":[{"embeddable":true,"href":"https:\/\/www.monempresarial.com\/ca\/wp-json\/wp\/v2\/comments?post=12627"}],"version-history":[{"count":1,"href":"https:\/\/www.monempresarial.com\/ca\/wp-json\/wp\/v2\/posts\/12627\/revisions"}],"predecessor-version":[{"id":48181,"href":"https:\/\/www.monempresarial.com\/ca\/wp-json\/wp\/v2\/posts\/12627\/revisions\/48181"}],"wp:featuredmedia":[{"embeddable":true,"href":"https:\/\/www.monempresarial.com\/ca\/wp-json\/wp\/v2\/media\/12630"}],"wp:attachment":[{"href":"https:\/\/www.monempresarial.com\/ca\/wp-json\/wp\/v2\/media?parent=12627"}],"wp:term":[{"taxonomy":"category","embeddable":true,"href":"https:\/\/www.monempresarial.com\/ca\/wp-json\/wp\/v2\/categories?post=12627"},{"taxonomy":"post_tag","embeddable":true,"href":"https:\/\/www.monempresarial.com\/ca\/wp-json\/wp\/v2\/tags?post=12627"}],"curies":[{"name":"wp","href":"https:\/\/api.w.org\/{rel}","templated":true}]}}