{"id":12705,"date":"2016-11-03T13:00:14","date_gmt":"2016-11-03T12:00:14","guid":{"rendered":"http:\/\/monempresarial.com\/?p=12705"},"modified":"2025-06-06T10:38:01","modified_gmt":"2025-06-06T08:38:01","slug":"zygmunt-bauman-i-carlo-bordoni-un-sistema-ple-desquerdes","status":"publish","type":"post","link":"https:\/\/www.monempresarial.com\/ca\/2016\/11\/03\/zygmunt-bauman-i-carlo-bordoni-un-sistema-ple-desquerdes\/","title":{"rendered":"Zygmunt Bauman i Carlo Bordoni <\/span>Un sistema ple d\u2019esquerdes"},"content":{"rendered":"<h4><img decoding=\"async\" loading=\"lazy\" class=\"alignright size-full wp-image-8389\" src=\"http:\/\/monempresarial.com\/wp-content\/uploads\/2015\/12\/mon-empresarial-alfonso-cebrian.png\" alt=\"mon-empresarial-alfonso-cebrian\" width=\"215\" height=\"281\" \/><em>Estado de crisis<\/em> (Paid\u00f3s, 2016) \u00e9s fruit del di\u00e0leg entre el soci\u00f2leg i pensador polon\u00e8s Zygmunt Bauman i el soci\u00f2leg itali\u00e0 Carlo Bordoni al voltant de la crisi de la qual tant hem sentit parlar. Una crisi no nom\u00e9s econ\u00f2mica, sin\u00f3 de la capacitat d&#8217;acci\u00f3 del poder i la pol\u00edtica, de la democr\u00e0cia representativa i de la sobirania de l&#8217;Estat.<\/h4>\n<h4>Text: <a style=\"color: #cc8215;\" href=\"http:\/\/monempresarial.com\/author\/acebrian\/\">Alfonso Cebri\u00e1n.<\/a> Doctor en Ci\u00e8ncies Econ\u00f2miques.<\/h4>\n<hr style=\"color: #b72126;\" \/>\n<p><img decoding=\"async\" loading=\"lazy\" class=\"alignleft size-full wp-image-8397\" src=\"http:\/\/monempresarial.com\/wp-content\/uploads\/2015\/12\/mon-empresarial-004-guru-dirigent.png\" alt=\"mon-empresarial-004-guru-dirigent\" width=\"215\" height=\"256\" \/><span style=\"color: #cc8215; font-weight: bold; text-transform: uppercase;\">El llibre es divideix en tres blocs diferents: <\/span> la crisi d\u2019estat, la modernitat en crisi i la democr\u00e0cia en crisi. Durant tot el recorregut pels diferents episodis, Bauman i Bordoni debaten sobre preguntes i temes referents a cada apartat, exposant el seu punt de vista, argumentant les seves respostes i comentant les aportacions de l&#8217;altre. Gr\u00e0cies a aix\u00f2, i als seus punts contraris i coincidents, ens exposen diferents visions sobre un mateix tema que podem o no compartir, per\u00f2 que de ben segur ens faran reflexionar.<br \/>\nPerqu\u00e8, de fet, la crisi econ\u00f2mica mundial no ha deixat ning\u00fa indemne: tots, en major o menor mesura, l&#8217;hem patit i ens hem preocupat, ens ha donat mals de cap, hem reflexionat i tingut llargues converses amb amics i coneguts sobre el tema. Si intentem recordar per un moment aquestes converses, f\u00e0cilment ens vindran a la ment les connotacions econ\u00f2miques de les mateixes. Les mesures que adoptar\u00edem, les que creiem que no han estat correctes a nivell particular (com ens han repetit una i mil vegades, \u201cviv\u00edem per sobre de les nostres possibilitats\u201d) i les que hem vist que els pol\u00edtics prenien per nosaltres. Aix\u00ed que, a poc a poc, aquestes converses sobre la crisi econ\u00f2mica esdevenen converses sobre la pol\u00edtica, el poder, la indignaci\u00f3 i el sistema en general.<\/p>\n<figure id=\"attachment_12712\" aria-describedby=\"caption-attachment-12712\" style=\"width: 547px\" class=\"wp-caption aligncenter\"><img decoding=\"async\" loading=\"lazy\" class=\"wp-image-12712\" src=\"http:\/\/monempresarial.com\/wp-content\/uploads\/2016\/10\/shutterstock_279502643.png\" alt=\"shutterstock_279502643\" width=\"547\" height=\"364\" srcset=\"https:\/\/www.monempresarial.com\/wp-content\/uploads\/2016\/10\/shutterstock_279502643.png 1355w, https:\/\/www.monempresarial.com\/wp-content\/uploads\/2016\/10\/shutterstock_279502643-300x200.png 300w, https:\/\/www.monempresarial.com\/wp-content\/uploads\/2016\/10\/shutterstock_279502643-768x512.png 768w, https:\/\/www.monempresarial.com\/wp-content\/uploads\/2016\/10\/shutterstock_279502643-1024x682.png 1024w, https:\/\/www.monempresarial.com\/wp-content\/uploads\/2016\/10\/shutterstock_279502643-252x167.png 252w, https:\/\/www.monempresarial.com\/wp-content\/uploads\/2016\/10\/shutterstock_279502643-300x200@2x.png 600w, https:\/\/www.monempresarial.com\/wp-content\/uploads\/2016\/10\/shutterstock_279502643-252x167@2x.png 504w\" sizes=\"(max-width: 547px) 100vw, 547px\" \/><figcaption id=\"caption-attachment-12712\" class=\"wp-caption-text\"><strong>Zygmunt Bauman (Foto:<\/strong> <strong>andersphoto \/ Shutterstock.com)<\/strong><\/figcaption><\/figure>\n<p><span style=\"color: #cc8215; font-weight: bold; text-transform: uppercase;\">un m\u00f3n dividit<\/span><br \/>\nBauman i Bordoni parlen sobre la corrupci\u00f3 i els esc\u00e0ndols com a detonants de \u201cl\u2019antipol\u00edtica\u201d, i els moviments d\u2019indignats amb els partits sorgits arran de les decisions dels mandataris, i no podr\u00edem tenir un millor exemple que el pa\u00eds en el qual vivim. La sensaci\u00f3 de la poblaci\u00f3 \u00e9s que alguna cosa no acaba de funcionar: m\u00e9s enll\u00e0 de les persones, la crisi ens deixa reflexionant sobre la inutilitat del sistema tradicional i les mancances cada vegada m\u00e9s evidents que denota el sistema democr\u00e0tic tal com el coneixem. La desigualtat, que s&#8217;ha accentuat encara m\u00e9s despr\u00e9s d&#8217;aquesta greu crisi, i les defici\u00e8ncies que han sortit a la llum constaten l\u2019opini\u00f3 de Richard Rorty que els autors esmenten al llibre: actualment, disposem d\u2019una classe superior que pren les grans decisions econ\u00f2miques sense tenir en compte el que un pa\u00eds ha votat, ja que exclou els parlaments i opera sobre la base dels seus propis interessos. Aquesta reflexi\u00f3 d\u00f3na lloc a la tesi principal que desenvolupen Bauman i Bordoni segons la qual la crisi \u00e9s m\u00e9s que econ\u00f2mica, \u00e9s una crisi de democr\u00e0cia que ha vingut per quedar-se i que afecta de tal manera al sistema que s&#8217;ha de replantejar un canvi profund per poder seguir endavant.<\/p>\n<blockquote>\n<h2 style=\"color: #cc8215;\">M\u00e9s enll\u00e0 de les persones, la crisi ens deixa reflexionant sobre la inutilitat i les mancances cada vegada m\u00e9s evidents que denota el sistema democr\u00e0tic tal com el coneixem<\/h2>\n<\/blockquote>\n<figure id=\"attachment_12710\" aria-describedby=\"caption-attachment-12710\" style=\"width: 235px\" class=\"wp-caption alignleft\"><img decoding=\"async\" loading=\"lazy\" class=\"wp-image-12710\" src=\"http:\/\/monempresarial.com\/wp-content\/uploads\/2016\/10\/carlo.png\" alt=\"Carlo Bordoni \" width=\"235\" height=\"318\" srcset=\"https:\/\/www.monempresarial.com\/wp-content\/uploads\/2016\/10\/carlo.png 2640w, https:\/\/www.monempresarial.com\/wp-content\/uploads\/2016\/10\/carlo-222x300.png 222w, https:\/\/www.monempresarial.com\/wp-content\/uploads\/2016\/10\/carlo-768x1037.png 768w, https:\/\/www.monempresarial.com\/wp-content\/uploads\/2016\/10\/carlo-759x1024.png 759w, https:\/\/www.monempresarial.com\/wp-content\/uploads\/2016\/10\/carlo-222x300@2x.png 444w, https:\/\/www.monempresarial.com\/wp-content\/uploads\/2016\/10\/carlo-768x1037@2x.png 1536w, https:\/\/www.monempresarial.com\/wp-content\/uploads\/2016\/10\/carlo-759x1024@2x.png 1518w\" sizes=\"(max-width: 235px) 100vw, 235px\" \/><figcaption id=\"caption-attachment-12710\" class=\"wp-caption-text\"><strong>Carlo Bordoni <\/strong><\/figcaption><\/figure>\n<p><span style=\"color: #cc8215;\"><span style=\"text-transform: uppercase;\"><b><br \/>\nuna q\u00fcesti\u00f3 de confian\u00e7a<\/b><\/span><\/span><br \/>\nM\u00e9s enll\u00e0 del concepte de modernitat l\u00edquida establert anteriorment per Bauman, fruit del capitalisme, de la globalitzaci\u00f3 i de la societat de consum, sembla ser que la situaci\u00f3 s&#8217;ha tornat molt m\u00e9s ca\u00f2tica, vol\u00e0til i incerta del que aquest terme predeia. La decad\u00e8ncia de l&#8217;estat del benestar que profetitzava el pensador polon\u00e8s en anteriors assaigs \u00e9s clau quan ens parla sobre la p\u00e8rdua de confian\u00e7a de la societat en la capacitat de l&#8217;estat per tra\u00e7ar solucions que ens ajudin a seguir endavant. Bauman batejava com a \u201cl\u00edquid\u201d el per\u00edode hist\u00f2ric en qu\u00e8 deixar\u00edem enrere aquells temors passats i en el qual els ciutadans podr\u00edem controlar les nostres vides i, per tant, tamb\u00e9 la pol\u00edtica i l&#8217;economia, portant-les cap a un futur o un resultat \u00f2ptim per a la majoria i no per als m\u00e9s poderosos.<\/p>\n<p>Endinsats en les converses que conformen el llibre, observem com la conclusi\u00f3 es precipita cap a la idea que la crisi de la democr\u00e0cia \u00e9s, sobretot, una crisi de confian\u00e7a cap als l\u00edders escollits i la seva ineptitud i incapacitat per governar, per poder utilitzar de forma positiva el poder que tenen. Ambd\u00f3s soci\u00f2legs exposen que la relaci\u00f3 existent entre el poder i la pol\u00edtica en mans de l\u2019estat naci\u00f3 ha acabat: el poder ha aconseguit globalitzar-se per\u00f2 les pol\u00edtiques continuen sent tan locals com ho han estat sempre. Aquesta incongru\u00e8ncia acaba destruint la confian\u00e7a de la gent en el sistema democr\u00e0tic per l&#8217;incompliment de les seves promeses. L&#8217;estat s&#8217;ha convertit en l&#8217;executor d&#8217;un poder superior que no troba cap oposici\u00f3, i aquesta manca de responsabilitat ens porta a \u201cl\u2019estat sense estat\u201d postmodernista, buidant el concepte de democr\u00e0cia i conduint-nos cap a la postdemocr\u00e0cia, on ens trobem amb una crisi de l&#8217;igualitarisme aix\u00ed com amb la trivialitzaci\u00f3 dels processos democr\u00e0tics en la qual els ciutadans i la pol\u00edtica es van allunyant cada vegada m\u00e9s. Aix\u00f2 desemboca en una manca de confian\u00e7a: els ciutadans ja no creuen que puguin millorar el seu estil de vida.<\/p>\n<blockquote>\n<h2 style=\"color: #cc8215;\">Observem com la conclusi\u00f3 del llibre es precipita cap a la idea que la crisi de la democr\u00e0cia \u00e9s, sobretot, una crisi de confian\u00e7a cap als l\u00edders escollits i la seva ineptitud per governar i utilitzar de forma positiva el poder que tenen<\/h2>\n<\/blockquote>\n<p><span style=\"color: #cc8215; font-weight: bold; text-transform: uppercase;\"><img decoding=\"async\" loading=\"lazy\" class=\"wp-image-12706 alignright\" src=\"http:\/\/monempresarial.com\/wp-content\/uploads\/2016\/10\/portada-libro-1.png\" alt=\"portada-libro-1\" width=\"191\" height=\"282\" srcset=\"https:\/\/www.monempresarial.com\/wp-content\/uploads\/2016\/10\/portada-libro-1.png 446w, https:\/\/www.monempresarial.com\/wp-content\/uploads\/2016\/10\/portada-libro-1-203x300.png 203w, https:\/\/www.monempresarial.com\/wp-content\/uploads\/2016\/10\/portada-libro-1-203x300@2x.png 406w\" sizes=\"(max-width: 191px) 100vw, 191px\" \/>v\u00e9nen canvis<\/span><br \/>\nLa crisi actual, per tant, engloba moltes altres crisis en el seu interior, com la de la sobirania real pol\u00edtica dels estats enfront de les grans corporacions i el mercat, la crisi de la capacitat d&#8217;acci\u00f3 dels governs a l\u2019hora de garantir el benestar dels ciutadans, per\u00f2 especialment una crisi existent que no permet la cohesi\u00f3 social i que posa en perill l\u2019actual democr\u00e0cia representativa. Les preocupacions desenvolupades i compartides en el di\u00e0leg entre Bauman i Bodoni sobre el resultat d\u2019un capitalisme encara m\u00e9s extrem tenen a veure amb la dissoluci\u00f3 de la societat tal com la coneixem ara, aix\u00ed com amb el triomf de l&#8217;individualisme que est\u00e0 acabant amb els m\u00ednims d&#8217;igualtat en un sistema democr\u00e0tic. En resum, ens auguren temps que ocasionaran canvis profunds per a qu\u00e8 la ciutadania pugui exigir all\u00f2 que \u00e9s just i donar pas a un futur esperan\u00e7ador i d&#8217;oportunitats.<\/p>\n<p>&nbsp;<\/p>\n<div style=\"background-color: #cc8215; text-align: center;\"><span style=\"color: #ffffff; font-weight: bold; font-size: 20px;\">DE PROP<\/span><\/div>\n<p><img decoding=\"async\" loading=\"lazy\" class=\"alignright wp-image-12708\" src=\"http:\/\/monempresarial.com\/wp-content\/uploads\/2016\/10\/crisis-4.png\" alt=\"crisis-4\" width=\"246\" height=\"194\" srcset=\"https:\/\/www.monempresarial.com\/wp-content\/uploads\/2016\/10\/crisis-4.png 982w, https:\/\/www.monempresarial.com\/wp-content\/uploads\/2016\/10\/crisis-4-300x236.png 300w, https:\/\/www.monempresarial.com\/wp-content\/uploads\/2016\/10\/crisis-4-768x605.png 768w, https:\/\/www.monempresarial.com\/wp-content\/uploads\/2016\/10\/crisis-4-300x236@2x.png 600w\" sizes=\"(max-width: 246px) 100vw, 246px\" \/><\/p>\n<p>Carlo Bordoni \u00e9s soci\u00f2leg, periodista i escriptor. Escriu per a <em>Il Corriere della Sera<\/em> i el mitj\u00e0 de comunicaci\u00f3 digital <em>Social Europe<\/em>, entre d&#8217;altres. A m\u00e9s a m\u00e9s, ha estat professor a diverses universitats italianes. D\u2019altra banda, Zygmunt Bauman \u00e9s un soci\u00f2leg molt reconegut que ha elaborat m\u00faltiples assajos i llibres sobre les classes socials, la modernitat i la postmodernitat, la globalitzaci\u00f3 i el consumisme, entre altres temes. El pensador polon\u00e8s tamb\u00e9 va ser Premi Pr\u00edncep d&#8217;Ast\u00faries de Comunicaci\u00f3 i Humanitats l\u2019any 2010.<\/p>\n","protected":false},"excerpt":{"rendered":"<p>Estado de crisis (Paid\u00f3s, 2016) \u00e9s fruit del di\u00e0leg entre el soci\u00f2leg i pensador polon\u00e8s Zygmunt Bauman i el soci\u00f2leg itali\u00e0 Carlo Bordoni al voltant de la crisi de la qual tant hem sentit parlar. Una crisi no nom\u00e9s econ\u00f2mica, sin\u00f3 de la capacitat d&#8217;acci\u00f3 del poder i la pol\u00edtica, de la democr\u00e0cia representativa i de la sobirania de l&#8217;Estat.<\/p>\n","protected":false},"author":1,"featured_media":12714,"comment_status":"open","ping_status":"open","sticky":false,"template":"","format":"standard","meta":{"_mi_skip_tracking":false,"mc4wp_mailchimp_campaign":[],"jnews-multi-image_gallery":[],"jnews_single_post":[],"jnews_primary_category":[]},"categories":[10820,10821,10822,11,5057],"tags":[4884,4885,4886,168,179,804,2041],"_links":{"self":[{"href":"https:\/\/www.monempresarial.com\/ca\/wp-json\/wp\/v2\/posts\/12705"}],"collection":[{"href":"https:\/\/www.monempresarial.com\/ca\/wp-json\/wp\/v2\/posts"}],"about":[{"href":"https:\/\/www.monempresarial.com\/ca\/wp-json\/wp\/v2\/types\/post"}],"author":[{"embeddable":true,"href":"https:\/\/www.monempresarial.com\/ca\/wp-json\/wp\/v2\/users\/1"}],"replies":[{"embeddable":true,"href":"https:\/\/www.monempresarial.com\/ca\/wp-json\/wp\/v2\/comments?post=12705"}],"version-history":[{"count":1,"href":"https:\/\/www.monempresarial.com\/ca\/wp-json\/wp\/v2\/posts\/12705\/revisions"}],"predecessor-version":[{"id":46257,"href":"https:\/\/www.monempresarial.com\/ca\/wp-json\/wp\/v2\/posts\/12705\/revisions\/46257"}],"wp:featuredmedia":[{"embeddable":true,"href":"https:\/\/www.monempresarial.com\/ca\/wp-json\/wp\/v2\/media\/12714"}],"wp:attachment":[{"href":"https:\/\/www.monempresarial.com\/ca\/wp-json\/wp\/v2\/media?parent=12705"}],"wp:term":[{"taxonomy":"category","embeddable":true,"href":"https:\/\/www.monempresarial.com\/ca\/wp-json\/wp\/v2\/categories?post=12705"},{"taxonomy":"post_tag","embeddable":true,"href":"https:\/\/www.monempresarial.com\/ca\/wp-json\/wp\/v2\/tags?post=12705"}],"curies":[{"name":"wp","href":"https:\/\/api.w.org\/{rel}","templated":true}]}}