{"id":12743,"date":"2016-11-03T13:00:39","date_gmt":"2016-11-03T12:00:39","guid":{"rendered":"http:\/\/monempresarial.com\/?p=12743"},"modified":"2025-09-25T10:27:18","modified_gmt":"2025-09-25T08:27:18","slug":"entrevista-a-lluis-puig-alcalde-de-palamos","status":"publish","type":"post","link":"https:\/\/www.monempresarial.com\/ca\/2016\/11\/03\/entrevista-a-lluis-puig-alcalde-de-palamos\/","title":{"rendered":"Entrevista a Llu\u00eds Puig<\/span>, alcalde de Palam\u00f3s"},"content":{"rendered":"<h5>Despr\u00e9s de m\u00e9s d\u2019una d\u00e8cada de govern socialista, Llu\u00eds Puig, militant d\u2019Esquerra Republicana de Catalunya, va agafar les regnes de l\u2019Ajuntament de Palam\u00f3s el 2015. Tot i que des de fa anys ha participat activament en la vida associativa i cultural de la vila, Puig engega una nova etapa en la qual les portes del consistori estan obertes a la transpar\u00e8ncia i a la participaci\u00f3 ciutadana, una molt bona not\u00edcia per als m\u00e9s de 17.000 habitants que conviuen en aquest municipi de 14 km2 situat al Baix Empord\u00e0.<\/h5>\n<p>Text: <a style=\"color: #282356;\" href=\"http:\/\/monempresarial.com\/author\/bseijo\/\">Berta Seijo<\/a><br \/>\nFotos: <span style=\"color: #282356;\">Ajuntament de Palam\u00f3s \/ Shutterstock<\/span><\/p>\n<hr style=\"color: #b72126;\" \/>\n<p><span style=\"color: #282356; font-weight: bold;\">Governen amb minoria gr\u00e0cies al pacte amb altres formacions pol\u00edtiques. Fins ara, com valoraria el treball d\u2019aquest primer any de legislatura? <\/span><br \/>\nAquest primer any s\u2019ha pogut treballar molt i b\u00e9, i tirar endavant diversos projectes. La coalici\u00f3 entre ERC i CiU ha quallat des del primer moment fruit de l\u2019esperit de treball dels integrants d\u2019aquest equip de govern. En l\u2019\u00e0mbit de potenciaci\u00f3 econ\u00f2mica i d\u2019ocupaci\u00f3 vull destacar el refor\u00e7 de la Borsa de Treball municipal, els cursos de formaci\u00f3 laboral amb pr\u00e0ctiques en empreses, la implementaci\u00f3 d\u2019un servei d\u2019orientaci\u00f3 professional per a persones a l\u2019atur, aix\u00ed com un espai de recerca de feina amb formaci\u00f3 en noves tecnologies i comunicaci\u00f3, o b\u00e9 la creaci\u00f3 de nous cicles formatius de FP. Iniciatives que se sumen a l\u2019activaci\u00f3 de la contractaci\u00f3 destacant una davallada del 10% de l\u2019atur a Palam\u00f3s respecte a l\u2019any passat.<\/p>\n<p><img decoding=\"async\" loading=\"lazy\" class=\"wp-image-12746 aligncenter\" src=\"http:\/\/monempresarial.com\/wp-content\/uploads\/2016\/10\/palam\u00f3s-ok.png\" alt=\"palamos-ok\" width=\"614\" height=\"399\" srcset=\"https:\/\/www.monempresarial.com\/wp-content\/uploads\/2016\/10\/palam\u00f3s-ok.png 1229w, https:\/\/www.monempresarial.com\/wp-content\/uploads\/2016\/10\/palam\u00f3s-ok-300x195.png 300w, https:\/\/www.monempresarial.com\/wp-content\/uploads\/2016\/10\/palam\u00f3s-ok-768x500.png 768w, https:\/\/www.monempresarial.com\/wp-content\/uploads\/2016\/10\/palam\u00f3s-ok-1024x667.png 1024w, https:\/\/www.monempresarial.com\/wp-content\/uploads\/2016\/10\/palam\u00f3s-ok-300x195@2x.png 600w\" sizes=\"(max-width: 614px) 100vw, 614px\" \/><\/p>\n<p><span style=\"color: #282356; font-weight: bold;\">Tinc ent\u00e8s que la transpar\u00e8ncia \u00e9s un dels focus d\u2019inter\u00e8s d\u2019aquest mandat. Afirmeu que un dels vostres objectius \u00e9s facilitar tota la informaci\u00f3 possible als ciutadans i que aquests participin en la presa de decisions de l\u2019Ajuntament. Sona b\u00e9, per\u00f2, de quina manera ho esteu duent a terme?<\/span><br \/>\nM\u00e9s enll\u00e0 de la posada en marxa del portal de la transpar\u00e8ncia i millora de l\u2019Oficina d\u2019Atenci\u00f3 Ciutadana, hem fet arribar la informaci\u00f3 detallada del pressupost municipal a tots els habitatges de Palam\u00f3s. Des de l\u2019equip de govern incentivem les reunions amb el ve\u00efns directament als barris, amb atenci\u00f3 directa als ciutadans per part d\u2019alcalde i regidors. L\u2019Ajuntament de Palam\u00f3s est\u00e0 desplegant un pla de millora de la comunicaci\u00f3 digital, i potenciem la participaci\u00f3 ciutadana mitjan\u00e7ant el Consell de Participaci\u00f3 Ciutadana de Palam\u00f3s amb propostes com el disseny de parcs infantils nous o el model de decisi\u00f3 d\u2019asfaltatge.<\/p>\n<blockquote>\n<h2 style=\"color: #282356;\">\u201cHem d\u2019aconseguir que els passatgers coneguin Palam\u00f3s abans de desembarcar.\u201d<\/h2>\n<\/blockquote>\n<p><span style=\"color: #282356; font-weight: bold;\">Per aquests mesos d\u2019estiu es preveu que Palam\u00f3s sigui escala d\u2019una desena de creuers. Quina \u00e9s la repercussi\u00f3 d\u2019aquesta arribada de visitants estrangers per al municipi? I de quina manera creieu que podr\u00edeu augmentar aquesta xifra per tal que l\u2019impacte econ\u00f2mic a la vila fos major?<\/span><br \/>\nLa repercussi\u00f3 \u00e9s gran sobretot en aquells vaixells que porten una gran quantitat de passatgers, per\u00f2 cal treballar amb les companyies per aconseguir que els passatgers coneguin Palam\u00f3s abans de desembarcar. Cal cercar estrat\u00e8gies per fer que la despesa per visitant augmenti, i per exemple, que sigui consumidor de la nostra gastronomia. Tenim un entorn natural i paisatg\u00edstic privilegiat i aquest \u00e9s un valor que les companyies tenen molt en compte i seguim treballant en la promoci\u00f3 del nostre dest\u00ed de manera conjunta amb les institucions i els sectors implicats. La designaci\u00f3 de Port Shengen que s\u2019ha atorgat al nostre port obre noves oportunitats en creuers per\u00f2 tamb\u00e9 per a iots de gran eslora.<\/p>\n<p><img decoding=\"async\" loading=\"lazy\" class=\" wp-image-12748 alignleft\" src=\"http:\/\/monempresarial.com\/wp-content\/uploads\/2016\/10\/despiece.png\" alt=\"despiece\" width=\"260\" height=\"766\" srcset=\"https:\/\/www.monempresarial.com\/wp-content\/uploads\/2016\/10\/despiece.png 293w, https:\/\/www.monempresarial.com\/wp-content\/uploads\/2016\/10\/despiece-102x300.png 102w, https:\/\/www.monempresarial.com\/wp-content\/uploads\/2016\/10\/despiece-102x300@2x.png 204w\" sizes=\"(max-width: 260px) 100vw, 260px\" \/><span style=\"color: #282356; font-weight: bold;\">Quin lloc ocupa el comer\u00e7 a Palam\u00f3s?<\/span><br \/>\nEl sector serveis \u00e9s important\u00edssim. I el comer\u00e7 t\u00e9 un pes vital en l\u2019economia del municipi com a dinamitzador social de la vila. Ara b\u00e9, el nostre objectiu \u00e9s potenciar el de proximitat enfront de la franqu\u00edcia i la gran superf\u00edcie.<\/p>\n<blockquote>\n<h2 style=\"color: #282356;\">\u201cM\u00e9s enll\u00e0 de la posada en marxa del portal de la transpar\u00e8ncia i millora de l\u2019Oficina d\u2019Atenci\u00f3 Ciutadana, hem fet arribar la informaci\u00f3 detallada del pressupost municipal a tots els habitatges de Palam\u00f3s.\u201d<\/h2>\n<\/blockquote>\n<p><span style=\"color: #282356; font-weight: bold;\">Per \u00faltim, quin \u00e9s l\u2019actiu principal del vostre municipi i el repte m\u00e9s gran que voleu abordar abans que finalitzi la legislatura?<\/span><br \/>\nBusquem la desestacionalitzaci\u00f3 del nostre visitant i per aix\u00f2 hem d\u2019apostar per nous mercats tur\u00edstics, sobretot en temporada mitja: turisme gastron\u00f2mic, de salut, d\u2019esports n\u00e0utics, etc. En aquest sentit, tamb\u00e9 treballem per millorar i fomentar els camins de ronda, les vies verdes, les campanyes gastron\u00f2miques i les fires tem\u00e0tiques, o les ofertes d\u2019esports n\u00e0utics en temporada mitja destinades a mercats del centre i del nord d\u2019Europa.<\/p>\n","protected":false},"excerpt":{"rendered":"<p>Despr\u00e9s de m\u00e9s d\u2019una d\u00e8cada de govern socialista, Llu\u00eds Puig, militant d\u2019Esquerra Republicana de Catalunya, va agafar les regnes de l\u2019Ajuntament de Palam\u00f3s el 2015. Tot i que des de fa anys ha participat activament en la vida associativa i cultural de la vila, Puig engega una nova etapa en la qual les portes del [&hellip;]<\/p>\n","protected":false},"author":1,"featured_media":12744,"comment_status":"open","ping_status":"open","sticky":false,"template":"","format":"standard","meta":{"_mi_skip_tracking":false,"mc4wp_mailchimp_campaign":[],"jnews-multi-image_gallery":[],"jnews_single_post":[],"jnews_primary_category":[]},"categories":[9],"tags":[141,771,4903,4904,4905,4906,4907],"_links":{"self":[{"href":"https:\/\/www.monempresarial.com\/ca\/wp-json\/wp\/v2\/posts\/12743"}],"collection":[{"href":"https:\/\/www.monempresarial.com\/ca\/wp-json\/wp\/v2\/posts"}],"about":[{"href":"https:\/\/www.monempresarial.com\/ca\/wp-json\/wp\/v2\/types\/post"}],"author":[{"embeddable":true,"href":"https:\/\/www.monempresarial.com\/ca\/wp-json\/wp\/v2\/users\/1"}],"replies":[{"embeddable":true,"href":"https:\/\/www.monempresarial.com\/ca\/wp-json\/wp\/v2\/comments?post=12743"}],"version-history":[{"count":1,"href":"https:\/\/www.monempresarial.com\/ca\/wp-json\/wp\/v2\/posts\/12743\/revisions"}],"predecessor-version":[{"id":48170,"href":"https:\/\/www.monempresarial.com\/ca\/wp-json\/wp\/v2\/posts\/12743\/revisions\/48170"}],"wp:featuredmedia":[{"embeddable":true,"href":"https:\/\/www.monempresarial.com\/ca\/wp-json\/wp\/v2\/media\/12744"}],"wp:attachment":[{"href":"https:\/\/www.monempresarial.com\/ca\/wp-json\/wp\/v2\/media?parent=12743"}],"wp:term":[{"taxonomy":"category","embeddable":true,"href":"https:\/\/www.monempresarial.com\/ca\/wp-json\/wp\/v2\/categories?post=12743"},{"taxonomy":"post_tag","embeddable":true,"href":"https:\/\/www.monempresarial.com\/ca\/wp-json\/wp\/v2\/tags?post=12743"}],"curies":[{"name":"wp","href":"https:\/\/api.w.org\/{rel}","templated":true}]}}