{"id":12760,"date":"2016-11-03T13:00:45","date_gmt":"2016-11-03T12:00:45","guid":{"rendered":"http:\/\/monempresarial.com\/?p=12760"},"modified":"2025-06-06T10:37:48","modified_gmt":"2025-06-06T08:37:48","slug":"entrevista-a-xavier-ribera-president-de-la-cambra-oficial-de-comerc-industria-i-navegacio-de-palamos","status":"publish","type":"post","link":"https:\/\/www.monempresarial.com\/ca\/2016\/11\/03\/entrevista-a-xavier-ribera-president-de-la-cambra-oficial-de-comerc-industria-i-navegacio-de-palamos\/","title":{"rendered":"Entrevista a Xavier Ribera,<\/span> president de la Cambra Oficial de Comer\u00e7, Ind\u00fastria i Navegaci\u00f3 de Palam\u00f3s"},"content":{"rendered":"<h4 style=\"color: #000000;\">La Cambra de Comer\u00e7 de Palam\u00f3s, presidida per Xavier Ribera, representa i promou els interessos generals de les empreses, la ind\u00fastria, els serveis i el comer\u00e7 del municipi baixempordan\u00e8s. Amb l\u2019exportaci\u00f3 i internacionalitzaci\u00f3 com a punts forts, Palam\u00f3s atrau cada any m\u00e9s turistes, sobretot gr\u00e0cies a la seva activitat creuer\u00edstica i gastron\u00f2mica.<\/h4>\n<p>Text: <a style=\"color: #5b366a;\" href=\"http:\/\/monempresarial.com\/author\/redaccio\/\">Redacci\u00f3<\/a>\u00a0\u00a0\u00a0Fotos: <span style=\"color: #5b366a;\">Cambra Oficial de Comer\u00e7, Ind\u00fastria i Navegaci\u00f3 de Palam\u00f3s \/ Shutterstock<\/span><\/p>\n<hr style=\"color: #b72126;\" \/>\n<figure id=\"attachment_12767\" aria-describedby=\"caption-attachment-12767\" style=\"width: 251px\" class=\"wp-caption alignright\"><img decoding=\"async\" loading=\"lazy\" class=\"wp-image-12767\" src=\"http:\/\/monempresarial.com\/wp-content\/uploads\/2016\/10\/Fotografia-Sr.png\" alt=\"Al contrari del Corredor del Mediterrani, una de les inversions que no s\u2019han frenat s\u00f3n les obres d\u2019adaptaci\u00f3 del moll per tal que el Port de Palam\u00f3s sigui declarat frontera exterior de Schengen. Segons Ribera, \u201cestan pr\u00e0cticament acabades\u201d tot i que \u201c\u00e9s el moment que la Generalitat i el Govern central es posin d\u2019acord quant als \u00faltims detalls\u201d.\" width=\"251\" height=\"384\" srcset=\"https:\/\/www.monempresarial.com\/wp-content\/uploads\/2016\/10\/Fotografia-Sr.png 1368w, https:\/\/www.monempresarial.com\/wp-content\/uploads\/2016\/10\/Fotografia-Sr-196x300.png 196w, https:\/\/www.monempresarial.com\/wp-content\/uploads\/2016\/10\/Fotografia-Sr-768x1175.png 768w, https:\/\/www.monempresarial.com\/wp-content\/uploads\/2016\/10\/Fotografia-Sr-669x1024.png 669w, https:\/\/www.monempresarial.com\/wp-content\/uploads\/2016\/10\/Fotografia-Sr-196x300@2x.png 392w, https:\/\/www.monempresarial.com\/wp-content\/uploads\/2016\/10\/Fotografia-Sr-669x1024@2x.png 1338w\" sizes=\"(max-width: 251px) 100vw, 251px\" \/><figcaption id=\"caption-attachment-12767\" class=\"wp-caption-text\">Al contrari del Corredor del Mediterrani, una de les inversions que no s\u2019han frenat s\u00f3n les obres d\u2019adaptaci\u00f3 del moll per tal que el Port de Palam\u00f3s sigui declarat frontera exterior de Schengen. Segons Ribera, \u201cestan pr\u00e0cticament acabades\u201d tot i que \u201c\u00e9s el moment que la Generalitat i el Govern central es posin d\u2019acord quant als \u00faltims detalls\u201d.<\/figcaption><\/figure>\n<p><span style=\"color: #5b366a; font-weight: bold;\">Les Cambres de Comer\u00e7 de Palam\u00f3s i Sant Feliu de Gu\u00edxols han aprovat un acord d\u2019intencions per iniciar un proc\u00e9s de fusi\u00f3, el primer que es produeix a Catalunya. Per qu\u00e8 s\u2019ha pres aquesta decisi\u00f3? I en quin sentit afavorir\u00e0 al vostre municipi el fet d\u2019operar conjuntament?<\/span><br \/>\nLa idea de fusionar les dues cambres no \u00e9s nova, ja s\u2019havia fet un intent fa m\u00e9s d\u2019una d\u00e8cada. Per tant, \u00e9s un projecte que ve de lluny i ara s\u2019han donat les circumst\u00e0ncies per tirar-ho endavant d\u2019una forma definitiva. Es tracta de dues cambres molt complement\u00e0ries i que presenten nombroses sin\u00e8rgies, per\u00f2 la ra\u00f3 fonamental que ens ha portat a iniciar la fusi\u00f3 \u00e9s pensar en els principals beneficiaris: les empreses de les dues demarcacions.<\/p>\n<p><span style=\"color: #5b366a; font-weight: bold;\">Una de les activitats que t\u00e9 un major impacte econ\u00f2mic al vostre municipi \u00e9s la creuer\u00edstica. Tinc ent\u00e8s que els turistes dels vaixells de creuer que han arribat al port de Palam\u00f3s en els \u00faltims 17 anys han generat un impacte econ\u00f2mic de gaireb\u00e9 19 milions d&#8217;euros al territori. Com creu que es pot millorar aquesta xifra? I quines s\u00f3n les seves expectatives per a aquest estiu?<\/span><br \/>\nFa anys, des de la Cambra vam impulsar la creaci\u00f3 d\u2019un consorci format per totes les administracions implicades per promocionar les escales de creuers, que m\u00e9s endavant va donar llum a la marca Costa Brava Cruise Ports. Aquesta f\u00f3rmula ha donat uns resultats excel\u00b7lents i \u00e9s aqu\u00ed on es prenen les principals decisions per millorar el posicionament dels ports de Palam\u00f3s i Roses dins del mercat dels creuers. La coordinaci\u00f3 entre administracions \u00e9s fonamental. Aquest any el Port de Palam\u00f3s t\u00e9 previst acollir 30 escales que suposaran uns 23.000 passatgers.<\/p>\n<p><span style=\"color: #5b366a; font-weight: bold;\"><img decoding=\"async\" loading=\"lazy\" class=\" wp-image-12765 alignleft\" src=\"http:\/\/monempresarial.com\/wp-content\/uploads\/2016\/10\/crono.png\" alt=\"crono\" width=\"287\" height=\"1119\" srcset=\"https:\/\/www.monempresarial.com\/wp-content\/uploads\/2016\/10\/crono.png 220w, https:\/\/www.monempresarial.com\/wp-content\/uploads\/2016\/10\/crono-77x300.png 77w, https:\/\/www.monempresarial.com\/wp-content\/uploads\/2016\/10\/crono-77x300@2x.png 154w\" sizes=\"(max-width: 287px) 100vw, 287px\" \/>En aquesta l\u00ednia, una de les reivindicacions hist\u00f2riques del municipi \u00e9s que el Port de Palam\u00f3s sigui declarat frontera exterior de Schengen per poder acollir passatgers de creuers procedents de fora d\u2019aquest espai. Finalment, enguany s\u2019ha donat llum verda a les obres d\u2019adaptaci\u00f3 del moll. Qu\u00e8 creu que ha frenat aquesta inversi\u00f3?<\/span><br \/>\nEn realitat aquesta inversi\u00f3 no s\u2019ha frenat. Degut a la import\u00e0ncia de les obres, i per tal de no afectar negativament l\u2019activitat del Port, s\u2019han hagut de fer per fases i aix\u00f2 ha comportat que determinades actuacions s\u2019ajornessin uns mesos. A dia d\u2019avui estan pr\u00e0cticament acabades i \u00e9s el moment d\u2019acabar de posar-se d\u2019acord quant als \u00faltims detalls entre la Generalitat i el Govern central.<\/p>\n<blockquote>\n<h2 style=\"color: #5b366a;\">\u201cLes empreses s\u00f3n les principals benefici\u00e0ries de la fusi\u00f3 de les dues cambres.\u201d<\/h2>\n<\/blockquote>\n<p><span style=\"color: #5b366a; font-weight: bold;\">Un altre dels retards que denuncieu \u00e9s el de la construcci\u00f3 del Corredor del Mediterrani. Qu\u00e8 representaria la consolidaci\u00f3 d\u2019aquest eix per a l\u2019economia de Palam\u00f3s?<\/span><br \/>\nEl Corredor del Mediterrani \u00e9s una gran aposta estrat\u00e8gica de pa\u00eds. Si no s\u2019executen les inversions necess\u00e0ries en un termini curt de temps, correm el perill de quedar-nos enrere respecte els nostres competidors. No es tracta nom\u00e9s de ports, ferrocarril o carreteres. Aquest Corredor tamb\u00e9 t\u00e9 a veure amb les connexions amb parcs log\u00edstics, facilitar la localitzaci\u00f3 d\u2019empreses i aconseguir una gesti\u00f3 eficient de les infraestructures. En definitiva, \u00e9s una oportunitat per a les empreses de Palam\u00f3s i de la demarcaci\u00f3 de la Cambra.<\/p>\n<p><span style=\"color: #5b366a; font-weight: bold;\">I parlant ara del transport mar\u00edtim de mercaderies al Port de Palam\u00f3s, la quantitat de tones carregades ha patit una davallada al llarg del darrer any. A qu\u00e8 es deu aquest contratemps?<\/span><br \/>\nEs tracta de factors conjunturals. El fet de treballar fonamentalment amb vaixells tipus tramp i tenir concentrada l\u2019activitat en un menor n\u00famero de tr\u00e0fics (en comparaci\u00f3 als ports gestionats per l\u2019Estat) fa que les estad\u00edstiques siguin m\u00e9s irregulars. En aquest cas, s\u2019han donat una s\u00e8rie de factors circumstancials que han afectat alguns d\u2019aquests tr\u00e0fics. Les previsions a mig termini preveuen una progressiva recuperaci\u00f3 de l\u2019activitat als nivells habituals.<\/p>\n<blockquote>\n<h2 style=\"color: #5b366a;\"><\/h2>\n<h2 style=\"color: #5b366a;\">\u201cLa marca Costa Brava Cruise Ports ha donat uns resultats excel\u00b7lents i \u00e9s aqu\u00ed on es prenen les principals decisions per millorar el posicionament dels ports de Palam\u00f3s i Roses dins del mercat dels creuers.\u201d<\/h2>\n<\/blockquote>\n<p><span style=\"color: #5b366a; font-weight: bold;\">Deixant de banda el transport de mercaderies, en quins aspectes prioritaris hauria de treballar (i invertir) m\u00e9s Palam\u00f3s?<\/span><br \/>\nPalam\u00f3s ha de continuar treballant per assolir una marca de ciutat que l\u2019identifiqui clarament dins l\u2019oferta tur\u00edstica en aspectes com la gastronomia, els esports n\u00e0utics, el cicloturisme i les competicions esportives.<\/p>\n<p><span style=\"color: #5b366a; font-weight: bold;\">Per \u00faltim, de quina manera recolza la Cambra actuacions vinculades a millorar l\u2019ocupaci\u00f3, l\u2019emprenedoria local o la promoci\u00f3 del municipi?<\/span><br \/>\nTenim dues l\u00ednies b\u00e0siques d\u2019actuaci\u00f3 pel que fa a la promoci\u00f3 de l\u2019ocupaci\u00f3. Per un costat, estem executant el Pla Integral de Qualificaci\u00f3 i Ocupaci\u00f3 (PICE) en col\u00b7laboraci\u00f3 amb la C\u00e1mara de Comercio de Espa\u00f1a, el Ministerio de Empleo y Seguridad Social i la Uni\u00f3 Europea en el context de la Garantia Juvenil. Aquest pla t\u00e9 com objectiu oferir la possibilitat d\u2019ocupaci\u00f3 a joves d\u2019entre 16 i 29 anys que no estiguin treballant ni estudiant. Des de la Cambra identifiquem els n\u00ednxols d\u2019ocupaci\u00f3 i els hi oferim formaci\u00f3 i pr\u00e0ctiques en empreses. Portem executats cinc programes amb un alt percentatge d\u2019\u00e8xit pel que fa a l\u2019acc\u00e9s a llocs de treball, sobretot en \u00e0mbits com l\u2019hostaleria, el comer\u00e7, les carnisseries, les peixateries, la jardineria i les piscines. A banda d\u2019aix\u00f2, tamb\u00e9 fem formaci\u00f3 espec\u00edfica per a persones a l\u2019atur amb la col\u00b7laboraci\u00f3 del SOC. I finalment, col\u00b7laborem dins del programa Catalunya Empr\u00e8n assessorant a joves emprenedors en els seus projectes d\u2019empresa.<\/p>\n<p><img decoding=\"async\" loading=\"lazy\" class=\"size-full wp-image-12763 aligncenter\" src=\"http:\/\/monempresarial.com\/wp-content\/uploads\/2016\/10\/despiece-1.png\" alt=\"despiece\" width=\"1161\" height=\"354\" srcset=\"https:\/\/www.monempresarial.com\/wp-content\/uploads\/2016\/10\/despiece-1.png 1161w, https:\/\/www.monempresarial.com\/wp-content\/uploads\/2016\/10\/despiece-1-300x91.png 300w, https:\/\/www.monempresarial.com\/wp-content\/uploads\/2016\/10\/despiece-1-768x234.png 768w, https:\/\/www.monempresarial.com\/wp-content\/uploads\/2016\/10\/despiece-1-1024x312.png 1024w, https:\/\/www.monempresarial.com\/wp-content\/uploads\/2016\/10\/despiece-1-300x91@2x.png 600w\" sizes=\"(max-width: 1161px) 100vw, 1161px\" \/><\/p>\n","protected":false},"excerpt":{"rendered":"<p>La Cambra de Comer\u00e7 de Palam\u00f3s, presidida per Xavier Ribera, representa i promou els interessos generals de les empreses, la ind\u00fastria, els serveis i el comer\u00e7 del municipi baixempordan\u00e8s. Amb l\u2019exportaci\u00f3 i internacionalitzaci\u00f3 com a punts forts, Palam\u00f3s atrau cada any m\u00e9s turistes, sobretot gr\u00e0cies a la seva activitat creuer\u00edstica i gastron\u00f2mica. Text: Redacci\u00f3\u00a0\u00a0\u00a0Fotos: Cambra [&hellip;]<\/p>\n","protected":false},"author":1,"featured_media":16494,"comment_status":"open","ping_status":"open","sticky":false,"template":"","format":"standard","meta":{"_mi_skip_tracking":false,"mc4wp_mailchimp_campaign":[],"jnews-multi-image_gallery":[],"jnews_single_post":[],"jnews_primary_category":[]},"categories":[9,10820,10821,23,10825],"tags":[141,3629,3954,4903,4904,4914,4915],"_links":{"self":[{"href":"https:\/\/www.monempresarial.com\/ca\/wp-json\/wp\/v2\/posts\/12760"}],"collection":[{"href":"https:\/\/www.monempresarial.com\/ca\/wp-json\/wp\/v2\/posts"}],"about":[{"href":"https:\/\/www.monempresarial.com\/ca\/wp-json\/wp\/v2\/types\/post"}],"author":[{"embeddable":true,"href":"https:\/\/www.monempresarial.com\/ca\/wp-json\/wp\/v2\/users\/1"}],"replies":[{"embeddable":true,"href":"https:\/\/www.monempresarial.com\/ca\/wp-json\/wp\/v2\/comments?post=12760"}],"version-history":[{"count":1,"href":"https:\/\/www.monempresarial.com\/ca\/wp-json\/wp\/v2\/posts\/12760\/revisions"}],"predecessor-version":[{"id":46255,"href":"https:\/\/www.monempresarial.com\/ca\/wp-json\/wp\/v2\/posts\/12760\/revisions\/46255"}],"wp:featuredmedia":[{"embeddable":true,"href":"https:\/\/www.monempresarial.com\/ca\/wp-json\/wp\/v2\/media\/16494"}],"wp:attachment":[{"href":"https:\/\/www.monempresarial.com\/ca\/wp-json\/wp\/v2\/media?parent=12760"}],"wp:term":[{"taxonomy":"category","embeddable":true,"href":"https:\/\/www.monempresarial.com\/ca\/wp-json\/wp\/v2\/categories?post=12760"},{"taxonomy":"post_tag","embeddable":true,"href":"https:\/\/www.monempresarial.com\/ca\/wp-json\/wp\/v2\/tags?post=12760"}],"curies":[{"name":"wp","href":"https:\/\/api.w.org\/{rel}","templated":true}]}}