{"id":12861,"date":"2016-11-03T13:00:51","date_gmt":"2016-11-03T12:00:51","guid":{"rendered":"http:\/\/monempresarial.com\/?p=12861"},"modified":"2025-09-25T10:25:47","modified_gmt":"2025-09-25T08:25:47","slug":"2030-objectius-de-desenvolupament-sosteniblecomunitats-i-ciutats-sostenibles","status":"publish","type":"post","link":"https:\/\/www.monempresarial.com\/ca\/2016\/11\/03\/2030-objectius-de-desenvolupament-sosteniblecomunitats-i-ciutats-sostenibles\/","title":{"rendered":"2030: objectius de desenvolupament sostenible Comunitats i ciutats sostenibles<\/span>"},"content":{"rendered":"<h4>Fa gaireb\u00e9 un any, l\u2019Assemblea General de l\u2019ONU va adoptar l\u2019Agenda 2030 per al Desenvolupament Sostenible, un pla d\u2019acci\u00f3 a favor de les persones, el planeta i la prosperitat que tamb\u00e9 t\u00e9 la intenci\u00f3 d\u2019enfortir la pau universal i l\u2019acc\u00e9s a la just\u00edcia distribu\u00eft en 17 Objectius de Desenvolupament Sostenible (ODS). Per parlar sobre els principals reptes que recull aquest document, comptem amb la col\u00b7laboraci\u00f3 de set col\u00b7legis professionals que ens en donen la seva visi\u00f3 des del seu \u00e0mbit competencial. En aquest article, tractem l&#8217;onz\u00e8 objectiu: aconseguir que les ciutats i els assentaments humans siguin inclusius, segurs, resilients i sostenibles.<\/h4>\n<p>Text: Llu\u00eds Comer\u00f3n. Deg\u00e0 del Col\u00b7legi d\u2019Arquitectes de Catalunya.<\/p>\n<hr style=\"color: #b72126;\" \/>\n<p><img decoding=\"async\" loading=\"lazy\" class=\"alignright wp-image-12880 \" src=\"http:\/\/monempresarial.com\/wp-content\/uploads\/2016\/10\/comeron-1.png\" width=\"268\" height=\"271\" srcset=\"https:\/\/www.monempresarial.com\/wp-content\/uploads\/2016\/10\/comeron-1.png 744w, https:\/\/www.monempresarial.com\/wp-content\/uploads\/2016\/10\/comeron-1-297x300.png 297w, https:\/\/www.monempresarial.com\/wp-content\/uploads\/2016\/10\/comeron-1-297x300@2x.png 594w\" sizes=\"(max-width: 268px) 100vw, 268px\" \/><span style=\"color: #00542d; text-transform: uppercase; font-weight: bold;\">L\u2019any passat, a Paris, en el transcurs de la sisena cimera sobre la Innovaci\u00f3 en la Sostenibilitat, el COP 21,<\/span> es va posar de manifest que una part rellevant de la societat va per davant de la classe pol\u00edtica a l\u2019hora d\u2019assumir compromisos en aquesta q\u00fcesti\u00f3. Aix\u00ed, la ciutadania creu tenir una voluntat amb la sostenibilitat superior als compromisos que es van adquirir en aquella trobada, voluntat que est\u00e0 per sobre tant de les exig\u00e8ncies de directives i normatives actuals com dels plans locals que fins ara s\u2019hagin pogut posar en pr\u00e0ctica.<br \/>\nExisteix, doncs, una clara dissociaci\u00f3 entre el que fem (que \u00e9s molt poc) i el que voldr\u00edem fer (que \u00e9s molt m\u00e9s). I el que m\u00e9s ens hauria de preocupar \u00e9s que encara no disposem de \u201cpassarel\u00b7les\u201d que apropin aquest desig de la ciutadania al comprom\u00eds dels governants de fer-lo realitat: ens manca un marc jur\u00eddic, econ\u00f2mic i empresarial que ho faci possible.<br \/>\nEn aquest sentit, els reptes que l\u2019ONU proposa a l\u2019anomenada Agenda 2030 per al Desenvolupament Sostenible pel que fa a les \u201cComunitats i ciutats sostenibles\u201d s\u00f3n clarament ambiciosos. Assegurar l\u2019acc\u00e9s universal a habitatges adequats; augmentar la urbanitzaci\u00f3 inclusiva i sostenible amb una planificaci\u00f3 i gesti\u00f3 participatives; reduir el nombre de morts per desastres; reduir l\u2019impacte ambiental negatiu de les ciutats; proporcionar l\u2019acc\u00e9s universal a espais p\u00fablics; augmentar el nombre de ciutats i assentaments que posin en marxa pol\u00edtiques per promoure la inclusi\u00f3 i l\u2019\u00fas eficient dels recursos; recolzar els pa\u00efsos menys avan\u00e7ats perqu\u00e8 puguin construir edificis sostenibles i resilients, entre d\u2019altres, en s\u00f3n alguns exemples.<\/p>\n<blockquote>\n<h2 style=\"color: #00542d;\">Hem d\u2019actuar sobre un parc edificat envellit, constru\u00eft en uns moments en qu\u00e8 el concepte de sostenibilitat i el perill d\u2019un canvi clim\u00e0tic no eren en cap cas ni preocupants ni prioritaris<\/h2>\n<\/blockquote>\n<p><span style=\"color: #00542d; text-transform: uppercase; font-weight: bold;\">Cap a on volem anar<\/span><br \/>\nAquests reptes defineixen sens dubte cap a on vol anar la nostra societat. I per a tots ells els arquitectes tenim molt a aportar: som conscients que el nostre futur com a professionals es troba precisament en la contribuci\u00f3 que fem a la renovaci\u00f3 urbana. Hem d\u2019actuar sobre un parc edificat envellit, constru\u00eft en uns moments en qu\u00e8 el concepte de sostenibilitat i el perill d\u2019un canvi clim\u00e0tic no eren en cap cas ni preocupants ni prioritaris. El valor de l\u2019arquitectura dep\u00e8n de la seva capacitat de sintonitzar amb les necessitats de la societat i donar-los resposta. Tenim per davant objectius engrescadors i capacitat professional per assolir-los.<\/p>\n","protected":false},"excerpt":{"rendered":"<p>Fa gaireb\u00e9 un any, l\u2019Assemblea General de l\u2019ONU va adoptar l\u2019Agenda 2030 per al Desenvolupament Sostenible, un pla d\u2019acci\u00f3 a favor de les persones, el planeta i la prosperitat que tamb\u00e9 t\u00e9 la intenci\u00f3 d\u2019enfortir la pau universal i l\u2019acc\u00e9s a la just\u00edcia distribu\u00eft en 17 Objectius de Desenvolupament Sostenible (ODS). Per parlar sobre els [&hellip;]<\/p>\n","protected":false},"author":1,"featured_media":12882,"comment_status":"open","ping_status":"open","sticky":false,"template":"","format":"standard","meta":{"_mi_skip_tracking":false,"mc4wp_mailchimp_campaign":[],"jnews-multi-image_gallery":[],"jnews_single_post":[],"jnews_primary_category":[]},"categories":[12],"tags":[826,4947,4948,4949,4950,4951],"_links":{"self":[{"href":"https:\/\/www.monempresarial.com\/ca\/wp-json\/wp\/v2\/posts\/12861"}],"collection":[{"href":"https:\/\/www.monempresarial.com\/ca\/wp-json\/wp\/v2\/posts"}],"about":[{"href":"https:\/\/www.monempresarial.com\/ca\/wp-json\/wp\/v2\/types\/post"}],"author":[{"embeddable":true,"href":"https:\/\/www.monempresarial.com\/ca\/wp-json\/wp\/v2\/users\/1"}],"replies":[{"embeddable":true,"href":"https:\/\/www.monempresarial.com\/ca\/wp-json\/wp\/v2\/comments?post=12861"}],"version-history":[{"count":1,"href":"https:\/\/www.monempresarial.com\/ca\/wp-json\/wp\/v2\/posts\/12861\/revisions"}],"predecessor-version":[{"id":48164,"href":"https:\/\/www.monempresarial.com\/ca\/wp-json\/wp\/v2\/posts\/12861\/revisions\/48164"}],"wp:featuredmedia":[{"embeddable":true,"href":"https:\/\/www.monempresarial.com\/ca\/wp-json\/wp\/v2\/media\/12882"}],"wp:attachment":[{"href":"https:\/\/www.monempresarial.com\/ca\/wp-json\/wp\/v2\/media?parent=12861"}],"wp:term":[{"taxonomy":"category","embeddable":true,"href":"https:\/\/www.monempresarial.com\/ca\/wp-json\/wp\/v2\/categories?post=12861"},{"taxonomy":"post_tag","embeddable":true,"href":"https:\/\/www.monempresarial.com\/ca\/wp-json\/wp\/v2\/tags?post=12861"}],"curies":[{"name":"wp","href":"https:\/\/api.w.org\/{rel}","templated":true}]}}