{"id":12939,"date":"2016-11-09T11:51:01","date_gmt":"2016-11-09T10:51:01","guid":{"rendered":"http:\/\/monempresarial.com\/?p=12939"},"modified":"2025-09-25T10:23:49","modified_gmt":"2025-09-25T08:23:49","slug":"i-a-catalunya-queagencia-catalana-de-laiguaplanificacio-i-gestio-del-cicle-integral-de-laigua-a-catalunya","status":"publish","type":"post","link":"https:\/\/www.monempresarial.com\/ca\/2016\/11\/09\/i-a-catalunya-queagencia-catalana-de-laiguaplanificacio-i-gestio-del-cicle-integral-de-laigua-a-catalunya\/","title":{"rendered":"I a Catalunya, qu\u00e8? Ag\u00e8ncia Catalana de l&#8217;Aigua:<\/span> planificaci\u00f3 i gesti\u00f3 del cicle integral de l\u2019aigua a Catalunya"},"content":{"rendered":"<h4>Al nostre pa\u00eds, les actuacions governamentals relacionades amb el medi ambient depenen del Departament de Territori i Sostenibilitat de la Generalitat de Catalunya, ens encarregat de gestionar-les a trav\u00e9s de diversos organismes com ara l\u2019Ag\u00e8ncia Catalana de l\u2019Aigua. La descobrim.<\/h4>\n<p><strong>Coordinaci\u00f3:<\/strong> Berta Cavia.<\/p>\n<hr style=\"color: #b72126;\" \/>\n<p><span style=\"color: #00542d; text-transform: uppercase; font-weight: bold;\"><img decoding=\"async\" loading=\"lazy\" class=\"wp-image-12922 alignright\" src=\"http:\/\/monempresarial.com\/wp-content\/uploads\/2016\/11\/cat-1.png\" alt=\"cat-1\" width=\"288\" height=\"741\" srcset=\"https:\/\/www.monempresarial.com\/wp-content\/uploads\/2016\/11\/cat-1.png 301w, https:\/\/www.monempresarial.com\/wp-content\/uploads\/2016\/11\/cat-1-117x300.png 117w, https:\/\/www.monempresarial.com\/wp-content\/uploads\/2016\/11\/cat-1-117x300@2x.png 234w\" sizes=\"(max-width: 288px) 100vw, 288px\" \/>A Catalunya tenim una realitat hidrogr\u00e0fica complexa,<\/span> amb el 90% de la poblaci\u00f3 concentrat a les conques internes, on nom\u00e9s hi ha el 60% dels recursos d\u2019aigua. Aquesta situaci\u00f3 ens obliga a ser molt eficients en termes de consum i \u00fas de l\u2019aigua i per aix\u00f2 hem fet de l\u2019estalvi una consigna. De fet, som un dels pa\u00efsos amb un consum dom\u00e8stic dels m\u00e9s baixos d\u2019Europa: tan sols 113 litres per persona i dia de mitjana, mentre en d\u2019altres indrets superen els 300-400 litres.<br \/>\nEl sanejament \u00e9s un pe\u00e7a clau de les pol\u00edtiques per millorar l\u2019estat i la qualitat dels rius i, fins i tot, la disponibilitat d\u2019aigua en casos de sequera, a trav\u00e9s de la reutilitzaci\u00f3 indirecta. A finals de la d\u00e8cada dels 70, per\u00f2, la majoria de les ciutats catalanes no disposaven de depuradora ni de cap connexi\u00f3 a un sistema de sanejament i abocaven directament als rius o al mar sense tractar l\u2019aigua utilitzada per l\u2019activitat humana i industrial.<br \/>\nDavant d\u2019aquesta realitat, la Generalitat de Catalunya va contemplar la necessitat de fer un pas endavant en el camp del cicle integral de l\u2019aigua. Amb l\u2019objectiu d\u2019evitar que aquesta situaci\u00f3 perjudiqu\u00e9s el desenvolupament del pa\u00eds es va comen\u00e7ar a tra\u00e7ar el primer Pla de Sanejament per construir depuradores a la majoria de municipis catalans. La Generalitat, a trav\u00e9s de l\u2019administraci\u00f3 hidr\u00e0ulica, crea l\u2019increment de la tarifa de sanejament (ITS), actualment c\u00e0non de l\u2019aigua, i assumeix el cost de construcci\u00f3, reposici\u00f3, manteniment i explotaci\u00f3 dels sistemes de sanejament de forma subsidi\u00e0ria al m\u00f3n local, en tractar-se d\u2019un tema d\u2019inter\u00e8s general de pa\u00eds.<br \/>\nHan passat m\u00e9s de 25 anys des que amb la creaci\u00f3 del Departament de Medi Ambient el 1991 i el lideratge del llavors conseller, Albert Vilalta, es va donar aquest impuls estrat\u00e8gic al Pla de Sanejament per dotar el pa\u00eds de les infraestructures necess\u00e0ries per garantir el tractament correcte de les aig\u00fces residuals urbanes. L\u2019any 2000 es crea l\u2019Ag\u00e8ncia Catalana de l\u2019Aigua (ACA), com a fusi\u00f3 de la Junta d\u2019Aig\u00fces amb la Junta de Sanejament i l\u2019antiga direcci\u00f3 general d\u2019Obres Hidr\u00e0uliques. D\u2019aquesta manera, les compet\u00e8ncies de la Generalitat de Catalunya en el cicle de l\u2019aigua queden integrades en un sol ens.<\/p>\n<blockquote>\n<h2 style=\"color: #00542d;\">L\u2019any 2000 es crea l\u2019Ag\u00e8ncia Catalana de l\u2019Aigua (ACA), com a fusi\u00f3 de la Junta d\u2019Aig\u00fces amb la Junta de Sanejament i l\u2019antiga direcci\u00f3 general d\u2019Obres Hidr\u00e0uliques. D\u2019aquesta manera, les compet\u00e8ncies de la Generalitat de Catalunya en el cicle de l\u2019aigua queden integrades en un sol ens<\/h2>\n<\/blockquote>\n<p>Aquell pla, amb uns objectius molt ambiciosos, i l\u2019esfor\u00e7 ingent realitzat (t\u00e8cnic, econ\u00f2mic i hum\u00e0) han fet possible la recuperaci\u00f3 de la qualitat ambiental de molts dels rius de Catalunya i tamb\u00e9 de la millora de l\u2019estat general de les aig\u00fces costaneres, com ho acrediten els resultats anuals del programa de vigil\u00e0ncia de les platges de Catalunya, amb un 95% de platges de qualitat excel\u00b7lent.<br \/>\nActualment, Catalunya compta amb 500 depuradores en funcionament que donen servei al 97% de la poblaci\u00f3 catalana, un parc d\u2019infraestructures de sanejament que ens permet garantir el tractament correcte de les aig\u00fces residuals dels municipis de m\u00e9s de 2.000 habitants. L\u2019Ag\u00e8ncia Catalana de l\u2019Aigua treballa, a trav\u00e9s del segon escenari del Pla de gesti\u00f3 de l\u2019aigua a Catalunya per impulsar tot un conjunt d\u2019actuacions per a garantir el 100% del tractament dels municipis petits o nuclis pendents que garantiran el sanejament al total de la poblaci\u00f3 de Catalunya.<\/p>\n","protected":false},"excerpt":{"rendered":"<p>Al nostre pa\u00eds, les actuacions governamentals relacionades amb el medi ambient depenen del Departament de Territori i Sostenibilitat de la Generalitat de Catalunya, ens encarregat de gestionar-les a trav\u00e9s de diversos organismes com ara l\u2019Ag\u00e8ncia Catalana de l\u2019Aigua. La descobrim. Coordinaci\u00f3: Berta Cavia. A Catalunya tenim una realitat hidrogr\u00e0fica complexa, amb el 90% de la [&hellip;]<\/p>\n","protected":false},"author":1,"featured_media":12924,"comment_status":"open","ping_status":"open","sticky":false,"template":"","format":"standard","meta":{"_mi_skip_tracking":false,"mc4wp_mailchimp_campaign":[],"jnews-multi-image_gallery":[],"jnews_single_post":[],"jnews_primary_category":[]},"categories":[12],"tags":[5004,116,5001,5002,5003],"_links":{"self":[{"href":"https:\/\/www.monempresarial.com\/ca\/wp-json\/wp\/v2\/posts\/12939"}],"collection":[{"href":"https:\/\/www.monempresarial.com\/ca\/wp-json\/wp\/v2\/posts"}],"about":[{"href":"https:\/\/www.monempresarial.com\/ca\/wp-json\/wp\/v2\/types\/post"}],"author":[{"embeddable":true,"href":"https:\/\/www.monempresarial.com\/ca\/wp-json\/wp\/v2\/users\/1"}],"replies":[{"embeddable":true,"href":"https:\/\/www.monempresarial.com\/ca\/wp-json\/wp\/v2\/comments?post=12939"}],"version-history":[{"count":1,"href":"https:\/\/www.monempresarial.com\/ca\/wp-json\/wp\/v2\/posts\/12939\/revisions"}],"predecessor-version":[{"id":48160,"href":"https:\/\/www.monempresarial.com\/ca\/wp-json\/wp\/v2\/posts\/12939\/revisions\/48160"}],"wp:featuredmedia":[{"embeddable":true,"href":"https:\/\/www.monempresarial.com\/ca\/wp-json\/wp\/v2\/media\/12924"}],"wp:attachment":[{"href":"https:\/\/www.monempresarial.com\/ca\/wp-json\/wp\/v2\/media?parent=12939"}],"wp:term":[{"taxonomy":"category","embeddable":true,"href":"https:\/\/www.monempresarial.com\/ca\/wp-json\/wp\/v2\/categories?post=12939"},{"taxonomy":"post_tag","embeddable":true,"href":"https:\/\/www.monempresarial.com\/ca\/wp-json\/wp\/v2\/tags?post=12939"}],"curies":[{"name":"wp","href":"https:\/\/api.w.org\/{rel}","templated":true}]}}