{"id":12958,"date":"2016-11-09T12:18:54","date_gmt":"2016-11-09T11:18:54","guid":{"rendered":"http:\/\/monempresarial.com\/?p=12958"},"modified":"2025-09-25T10:22:24","modified_gmt":"2025-09-25T08:22:24","slug":"i-a-catalunya-queagencia-de-residus-de-catalunya-us-eficient-dels-residus-i-impuls-de-leconomia-circular","status":"publish","type":"post","link":"https:\/\/www.monempresarial.com\/ca\/2016\/11\/09\/i-a-catalunya-queagencia-de-residus-de-catalunya-us-eficient-dels-residus-i-impuls-de-leconomia-circular\/","title":{"rendered":"I a Catalunya, qu\u00e8? Ag\u00e8ncia de Residus de Catalunya:<\/span> \u00fas eficient dels residus i impuls de l\u2019economia circular"},"content":{"rendered":"<h4>Al nostre pa\u00eds, les actuacions governamentals relacionades amb el medi ambient depenen del Departament de Territori i Sostenibilitat de la Generalitat de Catalunya, ens encarregat de gestionar-les a trav\u00e9s de diversos organismes com ara l\u2019Ag\u00e8ncia de Residus de Catalunya. La descobrim.<\/h4>\n<p><strong>Coordinaci\u00f3:<\/strong> Berta Cavia.<\/p>\n<hr style=\"color: #b72126;\" \/>\n<p><span style=\"color: #00542d; text-transform: uppercase; font-weight: bold;\"><br \/>\n<img decoding=\"async\" loading=\"lazy\" class=\"alignright wp-image-12942\" src=\"http:\/\/monempresarial.com\/wp-content\/uploads\/2016\/11\/cat-2.png\" alt=\"cat-2\" width=\"293\" height=\"452\" srcset=\"https:\/\/www.monempresarial.com\/wp-content\/uploads\/2016\/11\/cat-2.png 351w, https:\/\/www.monempresarial.com\/wp-content\/uploads\/2016\/11\/cat-2-195x300.png 195w\" sizes=\"(max-width: 293px) 100vw, 293px\" \/>L\u2019Ag\u00e8ncia de Residus de Catalunya (ARC) <\/span> -els or\u00edgens de la qual es remunten a l\u2019any 1983, quan es crea la Junta de Residus que el 2003 canvia el nom per l\u2019actual- t\u00e9 compet\u00e8ncia sobre els residus que es generen a Catalunya i els que es gestionen al seu \u00e0mbit territorial, amb relaci\u00f3 als residus municipals, als residus industrials, als residus de la construcci\u00f3 i demolici\u00f3, i als excedents de les dejeccions ramaderes que es gestionen fora del marc de l\u2019explotaci\u00f3 ramadera. La seva missi\u00f3 \u00e9s garantir que la gesti\u00f3 d\u2019aquests residus es porti a terme sense posar en perill la salut de les persones, reduint l\u2019impacte ambiental i, en particular, prevenint els riscos per a l\u2019aigua, l\u2019aire, el s\u00f2l, la flora i la fauna. Per aix\u00f2, fomenta els comportaments sostenibles i respectuosos amb el medi ambient, i el coneixement dels residus per tal de promoure la prevenci\u00f3, la reutilitzaci\u00f3, la recollida selectiva i la valoritzaci\u00f3 tant material com energ\u00e8tica dels mateixos i reduir-ne la quantitat que es destina a la disposici\u00f3 final. Aix\u00f2 permet, alhora, de recuperar espais i s\u00f2ls degradats per desc\u00e0rregues incontrolades de residus o per contaminants.<br \/>\nActualment, des de l\u2019ARC, s\u2019est\u00e0 avan\u00e7ant en la nova programaci\u00f3 (Programa general de prevenci\u00f3 i gesti\u00f3 de residus i recursos de Catalunya (PRECAT20) que ha d\u2019incidir en conceptes clau com l\u2019impuls a l\u2019\u00fas eficient dels residus i l\u2019economia circular. La prevenci\u00f3, el residu com a recurs o veure oportunitats all\u00e0 on abans hi veiem problemes s\u00f3n conceptes que cada vegada m\u00e9s marquen el present i que, en un pa\u00eds com el nostre, esc\u00e0s en mat\u00e8ries primeres, esdevindran cabdals per a la sostenibilitat ambiental i econ\u00f2mica.<\/p>\n<blockquote>\n<h2 style=\"color: #00542d;\">En aquests moments l\u2019ARC est\u00e0 promovent tota una l\u00ednia d\u2019ajuts per a sector privat i el m\u00f3n local adre\u00e7ats al foment de l\u2019economia circular, la prevenci\u00f3, la preparaci\u00f3 per a la reutilitzaci\u00f3 i la recollida selectiva de mat\u00e8ria org\u00e0nica<\/h2>\n<\/blockquote>\n<p>Tamb\u00e9 en aquests moments l\u2019ARC est\u00e0 promovent tota una l\u00ednia d\u2019ajuts per a sector privat i el m\u00f3n local adre\u00e7ats al foment de l\u2019economia circular, la prevenci\u00f3, la preparaci\u00f3 per a la reutilitzaci\u00f3 i la recollida selectiva de mat\u00e8ria org\u00e0nica. I est\u00e0 desenvolupant projectes singulars que permeten avan\u00e7ar en el coneixement dels residus, com ho \u00e9s el Projecte Mar Viva de recollida de residus del mar per part dels pescadors del Port de Barcelona, aix\u00ed com participa en la promoci\u00f3 de l\u2019ecodisseny portant la secretaria el Premi Catalunya d\u2019Ecodisseny 2017.<br \/>\nA m\u00e9s, s\u2019est\u00e0 enfortint la pres\u00e8ncia de l\u2019ARC a nivell internacional, on actualment presideix l\u2019Associaci\u00f3 de ciutats i regions per al reciclatge i la gesti\u00f3 sostenible dels recursos (ACR+), a m\u00e9s d\u2019estar impulsant projectes cooperaci\u00f3 al desenvolupament com el de Bol\u00edvia que ha perm\u00e8s aplicar el model catal\u00e0 de residus en aquest pa\u00eds, enfortint la seva administraci\u00f3 seguint el model catal\u00e0.<br \/>\nAix\u00ed mateix, en el marc de la fiscalitat ambiental s\u2019est\u00e0 treballant per enfortir aquests instruments \u2013els c\u00e0nons de residus\u2013 per tal que redueixin els residus destinats a dip\u00f2sit controlat i es fomenti la valoritzaci\u00f3 dels residus. Actualment, a Catalunya hi ha m\u00e9s de 900 empreses gestores de residus industrials, 580 instal\u00b7lacions de gesti\u00f3 de residus municipals i m\u00e9s de 150 plantes per a la gesti\u00f3 dels residus de la construcci\u00f3.<\/p>\n<p><img decoding=\"async\" loading=\"lazy\" class=\"wp-image-12940 aligncenter\" src=\"http:\/\/monempresarial.com\/wp-content\/uploads\/2016\/11\/cat-3.png\" alt=\"cat-3\" width=\"679\" height=\"247\" srcset=\"https:\/\/www.monempresarial.com\/wp-content\/uploads\/2016\/11\/cat-3.png 877w, https:\/\/www.monempresarial.com\/wp-content\/uploads\/2016\/11\/cat-3-300x109.png 300w, https:\/\/www.monempresarial.com\/wp-content\/uploads\/2016\/11\/cat-3-768x279.png 768w, https:\/\/www.monempresarial.com\/wp-content\/uploads\/2016\/11\/cat-3-300x109@2x.png 600w\" sizes=\"(max-width: 679px) 100vw, 679px\" \/><\/p>\n","protected":false},"excerpt":{"rendered":"<p>Al nostre pa\u00eds, les actuacions governamentals relacionades amb el medi ambient depenen del Departament de Territori i Sostenibilitat de la Generalitat de Catalunya, ens encarregat de gestionar-les a trav\u00e9s de diversos organismes com ara l\u2019Ag\u00e8ncia de Residus de Catalunya. La descobrim. Coordinaci\u00f3: Berta Cavia. L\u2019Ag\u00e8ncia de Residus de Catalunya (ARC) -els or\u00edgens de la qual [&hellip;]<\/p>\n","protected":false},"author":1,"featured_media":12951,"comment_status":"open","ping_status":"open","sticky":false,"template":"","format":"standard","meta":{"_mi_skip_tracking":false,"mc4wp_mailchimp_campaign":[],"jnews-multi-image_gallery":[],"jnews_single_post":[],"jnews_primary_category":[]},"categories":[12],"tags":[116,617,828,874,5013],"_links":{"self":[{"href":"https:\/\/www.monempresarial.com\/ca\/wp-json\/wp\/v2\/posts\/12958"}],"collection":[{"href":"https:\/\/www.monempresarial.com\/ca\/wp-json\/wp\/v2\/posts"}],"about":[{"href":"https:\/\/www.monempresarial.com\/ca\/wp-json\/wp\/v2\/types\/post"}],"author":[{"embeddable":true,"href":"https:\/\/www.monempresarial.com\/ca\/wp-json\/wp\/v2\/users\/1"}],"replies":[{"embeddable":true,"href":"https:\/\/www.monempresarial.com\/ca\/wp-json\/wp\/v2\/comments?post=12958"}],"version-history":[{"count":1,"href":"https:\/\/www.monempresarial.com\/ca\/wp-json\/wp\/v2\/posts\/12958\/revisions"}],"predecessor-version":[{"id":48158,"href":"https:\/\/www.monempresarial.com\/ca\/wp-json\/wp\/v2\/posts\/12958\/revisions\/48158"}],"wp:featuredmedia":[{"embeddable":true,"href":"https:\/\/www.monempresarial.com\/ca\/wp-json\/wp\/v2\/media\/12951"}],"wp:attachment":[{"href":"https:\/\/www.monempresarial.com\/ca\/wp-json\/wp\/v2\/media?parent=12958"}],"wp:term":[{"taxonomy":"category","embeddable":true,"href":"https:\/\/www.monempresarial.com\/ca\/wp-json\/wp\/v2\/categories?post=12958"},{"taxonomy":"post_tag","embeddable":true,"href":"https:\/\/www.monempresarial.com\/ca\/wp-json\/wp\/v2\/tags?post=12958"}],"curies":[{"name":"wp","href":"https:\/\/api.w.org\/{rel}","templated":true}]}}