{"id":12989,"date":"2016-11-10T13:53:03","date_gmt":"2016-11-10T12:53:03","guid":{"rendered":"http:\/\/monempresarial.com\/es\/?p=12989"},"modified":"2025-09-25T10:21:24","modified_gmt":"2025-09-25T08:21:24","slug":"informe-desenvolupament-sostenible-dafo","status":"publish","type":"post","link":"https:\/\/www.monempresarial.com\/ca\/2016\/11\/10\/informe-desenvolupament-sostenible-dafo\/","title":{"rendered":"Informe: Desenvolupament sostenible DAFO<\/span>"},"content":{"rendered":"<p>Text: Manel Domene.<\/p>\n<div style=\"background-color: #88576b; text-align: center;\"><span style=\"color: #ffffff; font-weight: bold; font-size: 20px;\">DEBILITATS<\/span><\/div>\n<p><span style=\"color: #256542; font-weight: bold; text-transform: uppercase;\">Mida i terminis limitats<\/span><br \/>\n&#8211;<span style=\"color: #88576b; font-weight: bold;\">Dificultat per cr\u00e9ixer.<\/span> Passar d\u2019aut\u00f2nom o pime a empresa mitjana o gran \u00e9s dif\u00edcil. \u00c9s un sector al qual li costa aconseguir una mida empresarial prou gran com per desenvolupar-se.<\/p>\n<p>&#8211;<span style=\"color: #88576b; font-weight: bold;\">Dificultat per segmentar un mercat i posicionar-s\u2019hi. <\/span> A causa de la complexitat de les accions empresarials i diferents sectors que intervenen en el desenvolupament sostenible.<\/p>\n<p>&#8211;<span style=\"color: #88576b; font-weight: bold;\">El benefici percebut per l\u2019empresa receptora d\u2019un servei t\u00e8cnic i, per tant, la gesti\u00f3 dels projectes, normalment s\u2019orienta cap al curt termini.<\/span> \u00c9s m\u00e9s dif\u00edcil aconseguir accedir a enc\u00e0rrecs que requereixin un benefici a mitj\u00e0 o llarg termini, at\u00e8s que els clients potencials d\u2019aquestes empreses no perceben els beneficis amb aquesta temporalitat. Les accions en l\u00ednia amb el desenvolupament sostenible generalment tenen una connotaci\u00f3 d\u2019RSC o b\u00e9 es realitzen \u00fanicament quan es tracta de donar resposta a sancions i, per tant, es realitzen amb una temporalitat immediata. En el cas de les empreses multinacionals, el sector es pot beneficiar de les pol\u00edtiques internes que solen superar la normativa local en alguns pa\u00efsos.<\/p>\n<div style=\"background-color: #88576b; text-align: center;\"><span style=\"color: #ffffff; font-weight: bold; font-size: 20px;\">AMENACES<\/span><\/div>\n<p><span style=\"color: #256542; font-weight: bold; text-transform: uppercase;\">Respectar el medi ambient no \u00e9s gratu\u00eft<\/span><br \/>\n&#8211;<span style=\"color: #88576b; font-weight: bold;\">Pobra consci\u00e8ncia ecol\u00f2gica a les empreses.<\/span> A Catalunya \u2013com a molts indrets\u2013 encara perviu la idea err\u00f2nia que pagant es pot contaminar.<\/p>\n<p>&#8211;<span style=\"color: #88576b; font-weight: bold;\">Costos elevats.<\/span> La gesti\u00f3 mediambiental comporta haver de fer inversions relativament importants.<\/p>\n<p>&#8211;<span style=\"color: #88576b; font-weight: bold;\">Mala gesti\u00f3 (malbaratament) del medi\/recursos naturals.<\/span> Quan no s\u2019ha ent\u00e8s la potencialitat de l\u2019economia circular (producci\u00f3-utilitzaci\u00f3-reciclatge), la tend\u00e8ncia \u00e9s al malbaratament del medi i dels recursos naturals, pol\u00edtiques gens sostenibles que passen per alt que el medi ambient t\u00e9 una capacitat de regeneraci\u00f3 limitada, i que est\u00e0 sent sobrepassada en molts casos.<\/p>\n<p>&#8211;<span style=\"color: #88576b; font-weight: bold;\">Dificultat per aconseguir recursos humans i financers.<\/span> En un entorn econ\u00f2mic cr\u00edtic i competitiu, les empreses catalanes deuen compatibilitzar el dia a dia amb la gesti\u00f3 mediambiental: aigua, aire, soroll, emissions, gesti\u00f3 de residus i deixalles&#8230; Aquesta gesti\u00f3 \u00e9s consumidora de recursos, que cal finan\u00e7ar, i que es treuen del que l\u2019empresa pot entendre com la seva activitat productiva principal.<\/p>\n<p><img decoding=\"async\" loading=\"lazy\" class=\"wp-image-12993 aligncenter\" src=\"http:\/\/monempresarial.com\/wp-content\/uploads\/2016\/11\/Dafo_ciutat.png\" alt=\"dafo_ciutat\" width=\"733\" height=\"327\" srcset=\"https:\/\/www.monempresarial.com\/wp-content\/uploads\/2016\/11\/Dafo_ciutat.png 800w, https:\/\/www.monempresarial.com\/wp-content\/uploads\/2016\/11\/Dafo_ciutat-300x134.png 300w, https:\/\/www.monempresarial.com\/wp-content\/uploads\/2016\/11\/Dafo_ciutat-768x343.png 768w, https:\/\/www.monempresarial.com\/wp-content\/uploads\/2016\/11\/Dafo_ciutat-300x134@2x.png 600w\" sizes=\"(max-width: 733px) 100vw, 733px\" \/><\/p>\n<div style=\"background-color: #88576b; text-align: center;\"><span style=\"color: #ffffff; font-weight: bold; font-size: 20px;\">FORTALESES<\/span><\/div>\n<p><span style=\"color: #256542; font-weight: bold; text-transform: uppercase;\">El medi pot abaratir el costos de l\u2019activitat i generar riquesa<\/span><br \/>\n&#8211;<span style=\"color: #88576b; font-weight: bold;\">Font d\u2019estalvi.<\/span> Els recursos renovables s\u00f3n una font d\u2019estalvi. Mogudes pels incentius de l\u2019estalvi econ\u00f2mic, cada cop m\u00e9s les empreses contemplen alternatives ecol\u00f2giques, com ara l\u2019aprofitament de l\u2019energia solar, plantes de co-generaci\u00f3 (i d\u2019altres) orientades a l\u2019autosufici\u00e8ncia energ\u00e8tica. Aquesta comporta un doble estalvi: reducci\u00f3 del cost energ\u00e8tic i un possible ingr\u00e9s per venda de l\u2019energia excedent\u00e0ria a les companyies distribu\u00efdores.<\/p>\n<p>&#8211;<span style=\"color: #88576b; font-weight: bold;\">Motor econ\u00f2mic.<\/span> Les empreses convencionals (qualsevol sector d\u2019activitat) i les espec\u00edfiques de l\u2019\u00e0rea mediambiental constitueixen un motor econ\u00f2mic real, que ja s\u2019ha fet realitat. El benefici que se\u2019n deriva \u00e9s la creaci\u00f3 de nombrosos llocs de treball qualificats i semiqualificats (\u2018feines verdes\u2019) en activitats \u2018noves\u2019 que palesen una reconnexi\u00f3 de les empreses d\u2019arreu del territori amb els seus h\u00e0bitats. Catalunya, amb 28.000 llocs de treball nom\u00e9s al sector del reciclatge, compta amb m\u00e9s de 1.000 empreses de gesti\u00f3 de residus. Aquest sector va generar el 2015 el 6% del producte interior brut (PIB).<\/p>\n<div style=\"background-color: #88576b; text-align: center;\"><span style=\"color: #ffffff; font-weight: bold; font-size: 20px;\">OPORTUNITATS<\/span><\/div>\n<p><span style=\"color: #256542; font-weight: bold; text-transform: uppercase;\">&#8216;L&#8217;\u00c0REA VERDA&#8217; NO \u00c9S EL FUTUR, SIN\u00d3 EL PRESENT<\/span><br \/>\n&#8211;<span style=\"color: #88576b; font-weight: bold;\">Complexitat.<\/span> El medi ambient \u00e9s un concepte transversal que inclou aigua, s\u00f2l, atmosfera, biodiversitat, residus, canvi clim\u00e0tic&#8230;<\/p>\n<p>&#8211;<span style=\"color: #88576b; font-weight: bold;\">Amena\u00e7a de sancions.<\/span> La resist\u00e8ncia al canvi, juntament amb l\u2019enduriment de les pol\u00edtiques auton\u00f2miques de conservaci\u00f3 mediambiental, pot conduir a la imposici\u00f3 de sancions administratives per delictes contra el medi ambient, un risc que algunes empreses (especialment pimes) encara no defugen.<\/p>\n<p>&#8211;<span style=\"color: #88576b; font-weight: bold;\">Creixent preocupaci\u00f3 per l\u2019impacte mediambiental i la producci\u00f3 sostenible de b\u00e9ns de consum.<\/span> El canvi de mentalitat est\u00e0 transformant el que ha estat un d\u00e8ficit o debilitat empresarial en un punt fort: l\u2019empresa sostenible genera beneficis pel medi, la societat i l\u2019economia, amb potencial de futur.<\/p>\n<p>&#8211;<span style=\"color: #88576b; font-weight: bold;\">Impuls a la Recerca, Desenvolupament i Innovaci\u00f3 (R+D+i).<\/span> El model \u2018d\u2019economia circular\u2019 basat en el respecte i gesti\u00f3 del medi ambient posa a l\u2019abast de l\u2019empresa convencional i\/o de nova creaci\u00f3 noves l\u00ednies de negoci\/activitat, com ara les fonts d\u2019energies alternatives (solar i e\u00f2lica, principalment), els bio-combustibles, la recuperaci\u00f3-valoritzaci\u00f3 de residus industrials de tota mena, incloent els valuosos metalls de la ferralla electr\u00f2nica.<\/p>\n<p>&#8211;<span style=\"color: #88576b; font-weight: bold;\">Aparici\u00f3 i diversificaci\u00f3 de nous models de negoci dinamitzadors de l\u2019economia.<\/span> La reconnexi\u00f3 de la societat i l\u2019empresariat catal\u00e0 amb el medi natural propicia els negocis relacionats amb l\u2019ecoturisme, l\u2019agricultura ecol\u00f2gica, la recuperaci\u00f3-conservaci\u00f3 de la natura i els espais naturals, etc. Tamb\u00e9 sorgeixen noves oportunitats del disseny de productes ecol\u00f2gics, des de vehicles d\u2019emissi\u00f3 zero a aparells i dispositius electr\u00f2nics que es poden reciclar al 100%.<\/p>\n<p>&#8211;<span style=\"color: #88576b; font-weight: bold;\">Increment de les facilitats per accedir al cr\u00e8dit.<\/span> L\u2019expansi\u00f3 de la consci\u00e8ncia mediambiental i el desenvolupament paral\u00b7lel de les tecnologies relacionades fan possible un tractament favorable per part del sector financer que, interessat en projectes innovadors d\u2019un nou model productiu, aixeca m\u00e9s f\u00e0cilment les restriccions del cr\u00e8dit com sol\u00b7liciten molts emprenedors. Els projectes relacionats amb la gesti\u00f3 del medi tamb\u00e9 es poden beneficiar de subvencions o desgravacions fiscals.<\/p>\n<p>&#8211;<span style=\"color: #88576b; font-weight: bold;\">Millora de la competitivitat empresarial.<\/span> Les empreses catalanes que certifiquen la seva empremta de carboni, o \u2018petjada ecol\u00f2gica\u2019 estan ratificant el seu comprom\u00eds amb el medi ambient i la sostenibilitat, fet que es pot traduir en un avantatge competitiu respecte de la seva compet\u00e8ncia per una part creixent del mercat que rebutja els productes \u2018bruts\u2019 (fabricaci\u00f3 no ecosostenible). Les empreses tamb\u00e9 augmenten el seu prestigi amb certificacions como la \u2018Ecolabel\u2019 (Targeta Ecol\u00f2gica) o la ISO 14001 (gesti\u00f3 mediambiental).<\/p>\n","protected":false},"excerpt":{"rendered":"<p>Text: Manel Domene. DEBILITATS Mida i terminis limitats &#8211;Dificultat per cr\u00e9ixer. Passar d\u2019aut\u00f2nom o pime a empresa mitjana o gran \u00e9s dif\u00edcil. \u00c9s un sector al qual li costa aconseguir una mida empresarial prou gran com per desenvolupar-se. &#8211;Dificultat per segmentar un mercat i posicionar-s\u2019hi. A causa de la complexitat de les accions empresarials i [&hellip;]<\/p>\n","protected":false},"author":1,"featured_media":12991,"comment_status":"open","ping_status":"open","sticky":false,"template":"","format":"standard","meta":{"_mi_skip_tracking":false,"mc4wp_mailchimp_campaign":[],"jnews-multi-image_gallery":[],"jnews_single_post":[],"jnews_primary_category":[]},"categories":[12],"tags":[1576,5023,5024,5025,294,421,1047,1384],"_links":{"self":[{"href":"https:\/\/www.monempresarial.com\/ca\/wp-json\/wp\/v2\/posts\/12989"}],"collection":[{"href":"https:\/\/www.monempresarial.com\/ca\/wp-json\/wp\/v2\/posts"}],"about":[{"href":"https:\/\/www.monempresarial.com\/ca\/wp-json\/wp\/v2\/types\/post"}],"author":[{"embeddable":true,"href":"https:\/\/www.monempresarial.com\/ca\/wp-json\/wp\/v2\/users\/1"}],"replies":[{"embeddable":true,"href":"https:\/\/www.monempresarial.com\/ca\/wp-json\/wp\/v2\/comments?post=12989"}],"version-history":[{"count":1,"href":"https:\/\/www.monempresarial.com\/ca\/wp-json\/wp\/v2\/posts\/12989\/revisions"}],"predecessor-version":[{"id":48155,"href":"https:\/\/www.monempresarial.com\/ca\/wp-json\/wp\/v2\/posts\/12989\/revisions\/48155"}],"wp:featuredmedia":[{"embeddable":true,"href":"https:\/\/www.monempresarial.com\/ca\/wp-json\/wp\/v2\/media\/12991"}],"wp:attachment":[{"href":"https:\/\/www.monempresarial.com\/ca\/wp-json\/wp\/v2\/media?parent=12989"}],"wp:term":[{"taxonomy":"category","embeddable":true,"href":"https:\/\/www.monempresarial.com\/ca\/wp-json\/wp\/v2\/categories?post=12989"},{"taxonomy":"post_tag","embeddable":true,"href":"https:\/\/www.monempresarial.com\/ca\/wp-json\/wp\/v2\/tags?post=12989"}],"curies":[{"name":"wp","href":"https:\/\/api.w.org\/{rel}","templated":true}]}}