{"id":13041,"date":"2017-01-03T10:12:14","date_gmt":"2017-01-03T09:12:14","guid":{"rendered":"http:\/\/monempresarial.com\/?p=13041\/"},"modified":"2025-09-25T10:19:37","modified_gmt":"2025-09-25T08:19:37","slug":"trump-governa-globalitzacio-o-aillacionisme","status":"publish","type":"post","link":"https:\/\/www.monempresarial.com\/ca\/2017\/01\/03\/trump-governa-globalitzacio-o-aillacionisme\/","title":{"rendered":"Trump governa:<\/span> globalitzaci\u00f3 o a\u00efllacionisme"},"content":{"rendered":"<h4><img decoding=\"async\" loading=\"lazy\" class=\"alignright size-full wp-image-8863\" src=\"http:\/\/monempresarial.com\/wp-content\/uploads\/2016\/02\/mon-empresarial-005-xavier-torrens.png\" alt=\"mon-empresarial-005-xavier-torrens\" width=\"215\" height=\"275\" \/>El nou president dels Estats Units d\u2019Am\u00e8rica, Donald Trump, genera suspic\u00e0cia en el m\u00f3n empresarial i econ\u00f2mic sobre com governar\u00e0 el per\u00edode 2017-2020. A m\u00e9s de la desconfian\u00e7a envers la pol\u00edtica internacional, sanit\u00e0ria, ambiental, d\u2019immigraci\u00f3 i d\u2019altres pol\u00edtiques p\u00fabliques.<\/h4>\n<p><a style=\"color: #ae0f09;\" href=\"http:\/\/monempresarial.com\/author\/xtorrens\/\">XAVIER TORRENS.<\/a> Professor de Ci\u00e8ncia Pol\u00edtica a la UB i soci\u00f2leg.<\/p>\n<hr style=\"color: #b72126;\" \/>\n<p><span style=\"color: #828995; font-weight: bold; text-transform: uppercase;\">Hi ha una gran incertesa de cap a on navegar\u00e0 la flamant Administraci\u00f3 Trump. Far\u00e0 una pol\u00edtica pseudokeynesiana de construcci\u00f3 de carreteres que fonamentar\u00e0 la bonan\u00e7a arran del creixement econ\u00f2mic, o b\u00e9 un proteccionisme a\u00efllacionista tan dur com aquell que va conduir el m\u00f3n econ\u00f2mic cap el crack del 29? Cal fixar-se en la ideologia pol\u00edtica de Donald Trump.<\/span><\/p>\n<p><span style=\"color: #828995; font-weight: bold; text-transform: uppercase;\">Ideologia pol\u00edtica<\/span><br \/>\nNo es pot fer reduccionisme tot dient que Trump \u00e9s <em>dretan\u00f3s<\/em>. En el llibre <em>Ideolog\u00edas y movimientos pol\u00edticos contempor\u00e1neos<\/em> (Ed. Tecnos) s\u2019esbossen fins a 30 ideologies diferents; no n\u2019hi ha nom\u00e9s dues (esquerra\/dreta). Aquesta diversitat i complexitat pel que fa a la ideologia pol\u00edtica \u00e9s el que trobem en l\u2019estela de les idees de Trump.<br \/>\nD\u2019una banda, \u00e9s un pol\u00edtic populista. Aix\u00f2 vol dir que fa un discurs en nom del poble, erigint-se ell mateix com el seu millor representant. El populisme contraposa el poble a l\u2019establishment o la casta, i concretament el populisme de dreta, a m\u00e9s, s\u2019enfronta als immigrants i les minories culturals. Per aix\u00f2, Trump t\u00e9 un discurs ancorat en l\u2019antisemitisme i el racisme (islamof\u00f2bia, racisme antillat\u00ed, racisme antiimmigrants). Se li afegeix el nacionalisme que podria conduir els EUA cap a l\u2019a\u00efllacionisme. D\u2019altra part, li fa costat la ideologia <em>alt-right<\/em> o dreta alternativa, que \u00e9s la nova extrema dreta americana. Tamb\u00e9 li d\u00f3na suport la nova dreta cristiana del Tea Party, que a difer\u00e8ncia de l\u2019<em>alt-right<\/em>, \u00e9s m\u00e9s tradicionalista en la moral cristiana i l\u2019anteposa a d\u2019altres consideracions pol\u00edtiques. D\u2019entrada, abans de ser escollit president, donaren l\u2019esquena a Donald Trump els neoconservadors (rebutgen l\u2019a\u00efllacionisme), la dreta llibert\u00e0ria (\u00e9s contr\u00e0ria al tradicionalisme moral) i, fins i tot, els liberal-conservadors (reclamen com a dogma de fe una pol\u00edtica d\u2019austeritat contr\u00e0ria a apujar la despesa p\u00fablica). Aix\u00ed i tot, per una pol\u00edtica de fets consumats \u00e9s probable que li donin suport durant tot el mandat, si Trump s\u2019av\u00e9 a fer-los concessions en pol\u00edtiques p\u00fabliques.<\/p>\n<p><img decoding=\"async\" loading=\"lazy\" class=\"wp-image-13046 aligncenter\" src=\"http:\/\/monempresarial.com\/wp-content\/uploads\/2016\/12\/infografia-trump-1.jpg\" alt=\"\" width=\"562\" height=\"348\" srcset=\"https:\/\/www.monempresarial.com\/wp-content\/uploads\/2016\/12\/infografia-trump-1.jpg 876w, https:\/\/www.monempresarial.com\/wp-content\/uploads\/2016\/12\/infografia-trump-1-300x186.jpg 300w, https:\/\/www.monempresarial.com\/wp-content\/uploads\/2016\/12\/infografia-trump-1-300x186@2x.jpg 600w\" sizes=\"(max-width: 562px) 100vw, 562px\" \/><br \/>\n<span style=\"color: #828995; font-weight: bold; text-transform: uppercase;\">Tres escenaris<br \/>\n<\/span>A partir de les ideologies podem observar una tr\u00edada d\u2019escenaris potencials. El primer, que la pol\u00edtica de Trump faci cr\u00e8ixer l\u2019economia dels EUA (no necess\u00e0riament la de la resta del m\u00f3n) mitjan\u00e7ant una pol\u00edtica d\u2019infraestructures dotada d\u2019una forta inversi\u00f3 p\u00fablica, en contraposici\u00f3 a les pol\u00edtiques d\u2019austeritat i retallades pr\u00f2pies del Partit Republic\u00e0. Se suposa que aix\u00ed creixer\u00e0 el PIB i els est\u00edmuls econ\u00f2mics crearan feina.<br \/>\nEl segon escenari, que podria ser complementari de l\u2019anterior, per\u00f2 conv\u00e9 destriar-lo per a fer l\u2019an\u00e0lisi, apunta a una baixada d\u2019impostos a les empreses, que conduiran previsiblement a l\u2019augment dels beneficis empresarials, per\u00f2 no necess\u00e0riament a l\u2019increment de l\u2019estabilitat laboral. Aquest escenari, en un primer moment i en primer lloc, tindria perjudicis per als treballadors i la classe mitjana. Per\u00f2 despr\u00e9s tamb\u00e9 faria mal als empresaris i a les pr\u00f2pies empreses, perqu\u00e8 generaria un nivell de protestes socials elevat. El clima de descontentament social provocaria inestabilitat pol\u00edtica, a causa de la qual ja s\u2019ha patit el Brexit, la p\u00e8rdua del refer\u00e8ndum de pau a Col\u00f2mbia o la mateixa elecci\u00f3 de Trump com a president. La inestabilitat pol\u00edtica \u00e9s mala companyia per al m\u00f3n econ\u00f2mic i, de retruc, per a l\u2019empresarial.<br \/>\n<img decoding=\"async\" loading=\"lazy\" class=\"alignright wp-image-13048\" src=\"http:\/\/monempresarial.com\/wp-content\/uploads\/2016\/12\/infografia-trump-2.jpg\" alt=\"\" width=\"269\" height=\"434\" srcset=\"https:\/\/www.monempresarial.com\/wp-content\/uploads\/2016\/12\/infografia-trump-2.jpg 432w, https:\/\/www.monempresarial.com\/wp-content\/uploads\/2016\/12\/infografia-trump-2-186x300.jpg 186w, https:\/\/www.monempresarial.com\/wp-content\/uploads\/2016\/12\/infografia-trump-2-186x300@2x.jpg 372w\" sizes=\"(max-width: 269px) 100vw, 269px\" \/>El tercer escenari \u00e9s el d\u2019una pol\u00edtica a\u00efllacionista en pol\u00edtica internacional i proteccionista en pol\u00edtica de comer\u00e7 que, a curt termini, beneficiar\u00e0 previsiblement als EUA, per\u00f2 que, quan aparegui l\u2019efecte imitaci\u00f3 en d\u2019altres pa\u00efsos, conduir\u00e0 a mitj\u00e0 i llarg termini a perjudicis en l\u2019economia mundial. Aix\u00ed ho han ent\u00e8s m\u00e9s de 360 empreses que reclamen a Trump el compliment dels acords del canvi clim\u00e0tic. Frenar la globalitzaci\u00f3, tan se val si ho reivindica l\u2019esquerra radical com si ho proclama la dreta radical, \u00e9s contraproduent; com ho fou al segle XIX el fenomen del ludisme. La globalitzaci\u00f3 del segle XXI pot encarar-se amb enfocaments positius o negatius, per\u00f2 \u00e9s ineludible tecnol\u00f2gicament i inevitable cient\u00edficament.<\/p>\n<p><span style=\"color: #828995; font-weight: bold; text-transform: uppercase;\">Quart escenari<\/span><br \/>\nTenint en compte les pr\u00f2pies limitacions imposades pel tarann\u00e0 de Donald Trump i les ideologies pol\u00edtiques que emparen el Partit Republic\u00e0, all\u00f2 desitjable dins d\u2019aquest ventall seria un quart escenari, m\u00e9s complex i potser rocambolesc. F\u00f3ra bo que fes un fort est\u00edmul econ\u00f2mic que rellanci el m\u00f3n empresarial. La despesa p\u00fablica podria centrar-se en inversions en infraestructures combinant-ho amb l\u2019augment del PIB destinat a l\u2019educaci\u00f3 (tot i que \u00e9s dubt\u00f3s que tri\u00ef aquest full de ruta de la formaci\u00f3). No \u00e9s tan positiu que s\u2019opt\u00e9s per la despesa en defensa, per\u00f2 entra dins de les coordenades ideol\u00f2giques republicanes. Podria compaginar-se amb una desburocratitzaci\u00f3 de la gesti\u00f3 p\u00fablica, per\u00f2 evitant una baixada d\u2019impostos que foment\u00e9s la precaritzaci\u00f3 laboral. Per\u00f2 aix\u00f2 tamb\u00e9 entra dins dels par\u00e0metres republicans.<\/p>\n<blockquote>\n<h2 style=\"color: #828995; text-align: center;\">Les ideologies pol\u00edtiques creen realitat. Hi ha incertesa sobre quina nova narrativa o relat agafa el relleu ideol\u00f2gic del Govern dels EUA. Trump guany\u00e0 la presid\u00e8ncia des del populisme dret\u00e0, <em>alt-right<\/em> (dreta alternativa), nova dreta cristiana i nacionalisme<\/h2>\n<\/blockquote>\n<p><span style=\"color: #828995; font-weight: bold; text-transform: uppercase;\">Europa dempeus<\/span><br \/>\nSigui quin sigui l\u2019escenari triat finalment per Trump, all\u00f2 que els pol\u00edtics, les patronals, els sindicats i d\u2019altres grups d\u2019inter\u00e8s caldria que tinguessin for\u00e7a en compte a Europa \u00e9s, primer, redre\u00e7ar les pr\u00f2pies pol\u00edtiques p\u00fabliques refor\u00e7ant de nou les classes mitjanes, que han perdut protecci\u00f3 i emprenedoria durant la crisi econ\u00f2mica; i, segon, tornar a impulsar una Uni\u00f3 Europea com els Estats Units d\u2019Europa, perqu\u00e8 si no, irremeiablement s\u2019eixamplaran les dimensions de la decad\u00e8ncia europea.<\/p>\n","protected":false},"excerpt":{"rendered":"<p>El nou president dels Estats Units d\u2019Am\u00e8rica, Donald Trump, genera suspic\u00e0cia en el m\u00f3n empresarial i econ\u00f2mic sobre com governar\u00e0 el per\u00edode 2017-2020. A m\u00e9s de la desconfian\u00e7a envers la pol\u00edtica internacional, sanit\u00e0ria, ambiental, d\u2019immigraci\u00f3 i d\u2019altres pol\u00edtiques p\u00fabliques. XAVIER TORRENS. Professor de Ci\u00e8ncia Pol\u00edtica a la UB i soci\u00f2leg. Hi ha una gran incertesa [&hellip;]<\/p>\n","protected":false},"author":16,"featured_media":13050,"comment_status":"open","ping_status":"open","sticky":false,"template":"","format":"standard","meta":{"_mi_skip_tracking":false,"mc4wp_mailchimp_campaign":[],"jnews-multi-image_gallery":[],"jnews_single_post":[],"jnews_primary_category":[]},"categories":[9,10847,10816,24],"tags":[326,364,485,2425,2434,3255,4936,5059,5060],"_links":{"self":[{"href":"https:\/\/www.monempresarial.com\/ca\/wp-json\/wp\/v2\/posts\/13041"}],"collection":[{"href":"https:\/\/www.monempresarial.com\/ca\/wp-json\/wp\/v2\/posts"}],"about":[{"href":"https:\/\/www.monempresarial.com\/ca\/wp-json\/wp\/v2\/types\/post"}],"author":[{"embeddable":true,"href":"https:\/\/www.monempresarial.com\/ca\/wp-json\/wp\/v2\/users\/16"}],"replies":[{"embeddable":true,"href":"https:\/\/www.monempresarial.com\/ca\/wp-json\/wp\/v2\/comments?post=13041"}],"version-history":[{"count":1,"href":"https:\/\/www.monempresarial.com\/ca\/wp-json\/wp\/v2\/posts\/13041\/revisions"}],"predecessor-version":[{"id":48152,"href":"https:\/\/www.monempresarial.com\/ca\/wp-json\/wp\/v2\/posts\/13041\/revisions\/48152"}],"wp:featuredmedia":[{"embeddable":true,"href":"https:\/\/www.monempresarial.com\/ca\/wp-json\/wp\/v2\/media\/13050"}],"wp:attachment":[{"href":"https:\/\/www.monempresarial.com\/ca\/wp-json\/wp\/v2\/media?parent=13041"}],"wp:term":[{"taxonomy":"category","embeddable":true,"href":"https:\/\/www.monempresarial.com\/ca\/wp-json\/wp\/v2\/categories?post=13041"},{"taxonomy":"post_tag","embeddable":true,"href":"https:\/\/www.monempresarial.com\/ca\/wp-json\/wp\/v2\/tags?post=13041"}],"curies":[{"name":"wp","href":"https:\/\/api.w.org\/{rel}","templated":true}]}}