{"id":13069,"date":"2017-01-03T11:00:49","date_gmt":"2017-01-03T10:00:49","guid":{"rendered":"http:\/\/monempresarial.com\/?p=13069\/"},"modified":"2025-09-25T10:19:22","modified_gmt":"2025-09-25T08:19:22","slug":"linteressant-interes-propi-del-president-trump-el-punt-de-vista-de-la-xina-i-russia","status":"publish","type":"post","link":"https:\/\/www.monempresarial.com\/ca\/2017\/01\/03\/linteressant-interes-propi-del-president-trump-el-punt-de-vista-de-la-xina-i-russia\/","title":{"rendered":"L\u2019interessant inter\u00e8s propi del president Trump: <\/span>el punt de vista de la Xina i R\u00fassia"},"content":{"rendered":"<h4>Premsa parcial i ag\u00e8ncies d\u2019intel\u00b7lig\u00e8ncia que es fiquen on no les demanen, encobriments i esc\u00e0ndols sexuals, <em>kompromat<\/em> i lluita civil. Mentre la primera pot\u00e8ncia mundial elegia el seu 45\u00e8 president, principis sagrats del liberalisme i la democr\u00e0cia semblaven desembullar-se. Un podria entendre i, fins i tot, perdonar uns somriures als ciutadans i l\u00edders de pa\u00efsos tradicionalment acusats de situar-se al cant\u00f3 equivocat del civisme i del bon fer institucional. Per\u00f2 les seves reaccions no van ser una simple <em>schadenfreude<\/em> [paraula en alemany que designa el sentiment d\u2019alegria creat pel patiment o la infelicitat de l\u2019altre]; hi ha una capa m\u00e9s fonamental, una sense la <em>freude<\/em> [alegria].<\/h4>\n<p><strong>TOMAS CASAS. <\/strong>Professor a la Universitat de St. Gallen (HSG).<\/p>\n<hr style=\"color: #b72126;\" \/>\n<p><span style=\"color: #828995; font-weight: bold; text-transform: uppercase;\">M\u00e9s enll\u00e0 de l\u2019entretinguda campanya electoral\u00a0<\/span>i de les pol\u00edtiques trencadores que pugui aplicar el nou Govern a Washington, el temor de fons entre les elits de pot\u00e8ncies rivals \u00e9s que els Estats Units estiguin en declivi econ\u00f2mic i, en el pla social, que la crisi sigui per a molts americans una de caire existencial. El moviment del president Trump no ha creat els ciutadans empobrits i emprenyats; simplement els ha adre\u00e7at el seu discurs. Es Am\u00e8rica, i per extensi\u00f3 Occident, un tigre de paper?<\/p>\n<p>Sobre narratives fallides i desconnexi\u00f3 entre masses i classes dominants, la Xina i R\u00fassia en saben for\u00e7a. Aix\u00ed doncs, des de fa un temps s\u2019han plantejat molts interrogants. El primer \u00e9s si la Sra. Clinton i gran part de les classes dominants occidentals viuen en una realitat alterna. Aquesta pregunta s\u2019aplica tant a la generosa postura migrat\u00f2ria de la cancellera Merkel com a las taxes d\u2019inter\u00e8s zero. Per molt ben intencionades que siguin aquestes pol\u00edtiques, els costos per a la poblaci\u00f3 s\u00f3n importants ja que estimulen l\u2019extrema dreta, o priven de drets els jubilats que no treuen rendiment als seus estalvis. Igual de greu \u00e9s el fet que l\u2019esperan\u00e7a de vida hagi comen\u00e7at a disminuir als EUA. Pot ser que les classes que sostenen la societat estiguin essent repudiades per un moviment de tenalla de les elits rendistes i dels estrats subvencionats i improductius? La ret\u00f2rica en els m\u00edtings electorals del president Trump va provocar calfreds a l\u2019espinada, per\u00f2 tamb\u00e9 ho va fer la reacci\u00f3 de les elits condescendents, que, per cert, sovint s\u00f3n considerades ing\u00e8nues fora d\u2019Occident. El <em>lumpenproletariat<\/em> activista \u00e9s realment incapa\u00e7 de prendre consci\u00e8ncia dels seus propis interessos, ja siguin aquests l\u2019Obamacare o el lliure comer\u00e7, o tenim un contracte social que empobreix a una part important de la poblaci\u00f3? El tsunami de descontentament pot seguir creixent i el centre social trencant-se en gran part del m\u00f3n occidental, per exemple, a causa d\u2019una nova crisi financera que faria que les del 2008 i 1929 semblessin amables en comparaci\u00f3. I si aix\u00f2 pass\u00e9s, serien, les elits tradicionals o el president Trump, els m\u00e9s aptes per redre\u00e7ar la situaci\u00f3 productivament? Emmarcat en termes xinesos, les classes dirigents haurien de tenir compte de no perdre el <em>Tian Ming, el Mandat del Cel<\/em>.<\/p>\n<blockquote>\n<h2 style=\"color: #828995; text-align: left;\">Tant la Xina com R\u00fassia desitgen una Am\u00e8rica forta, pr\u00f2spera i sana. La ra\u00f3 principal \u00e9s la mir\u00edada d&#8217;interessos compartits que van des de les excessives possessions de deute del Govern dels Estats Units fins a la necessitat de tecnologia i innovacions americanes<\/h2>\n<\/blockquote>\n<p>\u00c9s important subratllar que tant la Xina com R\u00fassia desitgen una Am\u00e8rica forta, pr\u00f2spera i sana. La ra\u00f3 principal \u00e9s la mir\u00edada d&#8217;interessos compartits que van des de les excessives possessions de deute del Govern dels Estats Units fins a la necessitat de tecnologia i innovacions americanes. No volen ni un hivern americ\u00e0 ni <em>l&#8217;estancament secular<\/em> de Larry Summers. Interessadament, molts dels que desitgen el millor per a Am\u00e8rica no van apostar per un segon president Clinton. La majoria dels xinesos (al voltant de dos ter\u00e7os) i dels russos (m\u00e9s de tres quartes parts) amb els quals vaig parlar durant el per\u00edode electoral, ja fossin acad\u00e8mics de Xangai, economistes liberals de Moscou, empresaris de Kazan o empresaris xinesos de Nova York, van expressar suport pel candidat Trump.<\/p>\n<p>\u00c9s comprensible que, per a la majoria dels xinesos i russos, la principal preocupaci\u00f3 sigui la relaci\u00f3 del seu pa\u00eds amb els Estats Units. Cada vegada que el president Trump acusa la Xina de robar llocs de treball americans, critica el lliure comer\u00e7 i minimitza el canvi clim\u00e0tic, les seves paraules provoquen rebuig. Q\u00fcestionar la pol\u00edtica sobre la prov\u00edncia de Taiwan, treballada i vigent des dels presidents Nixon i Carter, portaria en el seu \u00faltim extrem a una guerra freda. Tamb\u00e9 hi ha un profund malestar per la possibilitat d\u2019un a\u00efllacionisme americ\u00e0 i per una possible menor inversi\u00f3 en la <em>Pax Americana<\/em>, quelcom vist no com una oportunitat sin\u00f3 justament tot el contrari. D\u2019altra banda, hi ha una consci\u00e8ncia que les classes que representava la Sra. Clinton tenen uns valors, entre ells els drets humans, i uns principis que poden ser un obstacle per al comprom\u00eds i l&#8217;acci\u00f3 racional. Un estudiant rus em recordava fa poc com la secretaria d\u2019Estat Clinton, davant la presumible indifer\u00e8ncia del president Obama, va alliberar el m\u00f3n del coronel Gaddafi. La <em>Realpolitik<\/em> hauria preferit el tir\u00e0 a l\u2019actual estat fallit libi, a la migraci\u00f3 incontrolada, als anys d\u2019incertesa per endavant? Occident critica el president Trump per falta de principis i per ser err\u00e0tic, per\u00f2 pocs dubten &#8211; per ara &#8211; que ent\u00e9n com ning\u00fa el veritable inter\u00e8s propi. A m\u00e9s, el seu &#8220;jo era un home de negocis&#8221; seguit de &#8220;em vaig portar b\u00e9 amb tothom&#8221; \u00e9s d\u2019inter\u00e8s.<\/p>\n<p>A <em>The Crisis of Global Modernity<\/em> Prasenjit Duara explica l&#8217;universalisme de Kant referint-se a la fil\u00f2sofa Onora O&#8217;Neill. Per a la baronessa de Bengarve, el valor de la ra\u00f3 descansa no en capacitats &#8220;calculadores i instrumentals&#8221; sin\u00f3 en l&#8217;autoritat moral d&#8217;un llenguatge com\u00fa que permet als oposats resoldre el desacord. Xinesos i russos volen que els seus pa\u00efsos coexisteixin i arribin a acords amb la primera potencia mundial, fins i tot en el context de la inevitable compet\u00e8ncia econ\u00f2mica i geopol\u00edtica. Un sent a dir com la crua realitat d\u2019un m\u00f3n multipolar ens encaminar\u00e0 o b\u00e9 cap a un xoc de principis o b\u00e9 cap a l\u2019\u201cart of the deal\u201d [l&#8217;art de pactar]. El president Trump fou vist en molts gabinets no-occidentals com el candidat raonable. Hi ha preocupaci\u00f3 per l\u2019esdevenir de l\u2019ordre institucional en el m\u00f3n i la solidesa de la <em>Pax Americana<\/em>. Per a molts occidentals pot resultar paradoxal que amb aquestes preocupacions, no pocs interessos i experts de nacions rivals, atorguin al president Trump autoritat moral. L&#8217;autoritat de l\u2019empresari racional guiat per l&#8217;inter\u00e8s propi.<\/p>\n<blockquote>\n<h2 style=\"color: #828995; text-align: left;\">\u00c9s comprensible que, per a la majoria dels xinesos i russos, la principal preocupaci\u00f3 sigui la relaci\u00f3 del seu pa\u00eds amb els Estats Units. Cada vegada que el president Trump acusa la Xina de robar llocs de treball americans, critica el lliure comer\u00e7 i minimitza el canvi clim\u00e0tic, les seves paraules provoquen rebuig<\/h2>\n<\/blockquote>\n<p>&nbsp;<\/p>\n","protected":false},"excerpt":{"rendered":"<p>Premsa parcial i ag\u00e8ncies d\u2019intel\u00b7lig\u00e8ncia que es fiquen on no les demanen, encobriments i esc\u00e0ndols sexuals, kompromat i lluita civil. Mentre la primera pot\u00e8ncia mundial elegia el seu 45\u00e8 president, principis sagrats del liberalisme i la democr\u00e0cia semblaven desembullar-se. Un podria entendre i, fins i tot, perdonar uns somriures als ciutadans i l\u00edders de pa\u00efsos [&hellip;]<\/p>\n","protected":false},"author":1,"featured_media":13073,"comment_status":"open","ping_status":"open","sticky":false,"template":"","format":"standard","meta":{"_mi_skip_tracking":false,"mc4wp_mailchimp_campaign":[],"jnews-multi-image_gallery":[],"jnews_single_post":[],"jnews_primary_category":[]},"categories":[9],"tags":[113,189,1413,1416,5059],"_links":{"self":[{"href":"https:\/\/www.monempresarial.com\/ca\/wp-json\/wp\/v2\/posts\/13069"}],"collection":[{"href":"https:\/\/www.monempresarial.com\/ca\/wp-json\/wp\/v2\/posts"}],"about":[{"href":"https:\/\/www.monempresarial.com\/ca\/wp-json\/wp\/v2\/types\/post"}],"author":[{"embeddable":true,"href":"https:\/\/www.monempresarial.com\/ca\/wp-json\/wp\/v2\/users\/1"}],"replies":[{"embeddable":true,"href":"https:\/\/www.monempresarial.com\/ca\/wp-json\/wp\/v2\/comments?post=13069"}],"version-history":[{"count":1,"href":"https:\/\/www.monempresarial.com\/ca\/wp-json\/wp\/v2\/posts\/13069\/revisions"}],"predecessor-version":[{"id":48150,"href":"https:\/\/www.monempresarial.com\/ca\/wp-json\/wp\/v2\/posts\/13069\/revisions\/48150"}],"wp:featuredmedia":[{"embeddable":true,"href":"https:\/\/www.monempresarial.com\/ca\/wp-json\/wp\/v2\/media\/13073"}],"wp:attachment":[{"href":"https:\/\/www.monempresarial.com\/ca\/wp-json\/wp\/v2\/media?parent=13069"}],"wp:term":[{"taxonomy":"category","embeddable":true,"href":"https:\/\/www.monempresarial.com\/ca\/wp-json\/wp\/v2\/categories?post=13069"},{"taxonomy":"post_tag","embeddable":true,"href":"https:\/\/www.monempresarial.com\/ca\/wp-json\/wp\/v2\/tags?post=13069"}],"curies":[{"name":"wp","href":"https:\/\/api.w.org\/{rel}","templated":true}]}}