{"id":13234,"date":"2017-02-06T10:00:19","date_gmt":"2017-02-06T09:00:19","guid":{"rendered":"http:\/\/monempresarial.com\/?p=13234\/"},"modified":"2025-09-25T10:16:40","modified_gmt":"2025-09-25T08:16:40","slug":"entrevista-a-margrethe-vestager-comissaria-europea-de-competencia","status":"publish","type":"post","link":"https:\/\/www.monempresarial.com\/ca\/2017\/02\/06\/entrevista-a-margrethe-vestager-comissaria-europea-de-competencia\/","title":{"rendered":"Entrevista a Margrethe Vestager,<\/span><\/span> comiss\u00e0ria europea de Compet\u00e8ncia"},"content":{"rendered":"<figure id=\"attachment_13244\" aria-describedby=\"caption-attachment-13244\" style=\"width: 294px\" class=\"wp-caption alignright\"><img decoding=\"async\" loading=\"lazy\" class=\"wp-image-13244 \" src=\"http:\/\/monempresarial.com\/wp-content\/uploads\/2017\/02\/P027457000701-453771.jpg\" width=\"294\" height=\"196\" srcset=\"https:\/\/www.monempresarial.com\/wp-content\/uploads\/2017\/02\/P027457000701-453771.jpg 605w, https:\/\/www.monempresarial.com\/wp-content\/uploads\/2017\/02\/P027457000701-453771-300x200.jpg 300w, https:\/\/www.monempresarial.com\/wp-content\/uploads\/2017\/02\/P027457000701-453771-252x167.jpg 252w, https:\/\/www.monempresarial.com\/wp-content\/uploads\/2017\/02\/P027457000701-453771-300x200@2x.jpg 600w, https:\/\/www.monempresarial.com\/wp-content\/uploads\/2017\/02\/P027457000701-453771-252x167@2x.jpg 504w\" sizes=\"(max-width: 294px) 100vw, 294px\" \/><figcaption id=\"caption-attachment-13244\" class=\"wp-caption-text\">La comiss\u00e0ria europea de Compet\u00e8ncia considera que els tax rulings a vegades s\u00f3n necessaris perqu\u00e8 ajuden a evitar que una companyia d\u2019un h\u00f2lding compri un producte molt barat en un pa\u00eds i el vengui molt car en un altre. \u201cAra b\u00e9, quan s\u2019usen per reduir el pagament d\u2019impostos, en lloc d\u2019aproximar els preus d\u2019un producte en el mercat, llavors s\u00ed que s\u00f3n un problema\u201d, opina.<\/figcaption><\/figure>\n<h4><strong>Considerada com la setena personalitat m\u00e9s influent del m\u00f3n en el sector financer segons l\u2019ag\u00e8ncia <em>Bloomberg<\/em>, el recorregut de Margrethe Vestager (Glostrup, Dinamarca, 1968) en el m\u00f3n de la pol\u00edtica va ser mete\u00f2ric: amb 21 anys va ingressar en el partit liberal del seu pa\u00eds i als 30 ja era ministra d\u2019Educaci\u00f3. La comiss\u00e0ria europea de Compet\u00e8ncia \u00e9s una pol\u00edtica diferent. Ella sola at\u00e9n els periodistes, als qui serveix personalment el te. El seu despatx est\u00e0 ple d\u2019obres d\u2019art. A tall d\u2019exemple, l\u2019escultura d\u2019una menina de Vel\u00e1zquez, record del seu primer viatge a Madrid com a comiss\u00e0ria. Per acabar, dos apunts: li agrada teixir elefants per relaxar-se i va inspirar la protagonista de la s\u00e8rie pol\u00edtica <em>Borgen<\/em>.<\/strong><\/h4>\n<h4>Text: <a style=\"color: #719f8c;\" href=\"http:\/\/monempresarial.com\/author\/eherrera\/\">Esther Herrera. Brussel\u00b7les<\/a><\/h4>\n<h4>Fotos: <a style=\"color: #719f8c;\">Comissi\u00f3 Europea<\/a><\/h4>\n<hr style=\"color: #b72126;\" \/>\n<p><span style=\"color: #719f8c; font-weight: bold;\">Ja fa dos anys que va prendre possessi\u00f3 del c\u00e0rrec com a comiss\u00e0ria de Compet\u00e8ncia. Quin \u00e9s el balan\u00e7 que en fa?<\/span><br \/>\nSobretot molta feina, perqu\u00e8 han estat dos anys de treball amb els meus companys no nom\u00e9s per complir amb el programa de la Comissi\u00f3, sin\u00f3 tamb\u00e9 per fer front a les diverses crisis amb qu\u00e8 ha topat Europa durant aquest per\u00edode. Especialment rellevant ha estat la crisi dels refugiats. Per\u00f2 tamb\u00e9 cal destacar la votaci\u00f3 sobre el Brexit o les conseq\u00fc\u00e8ncies de la crisi financera i de deute sobir\u00e0. Aix\u00ed que ens hem trobat davant d\u2019una doble tessitura: haver de complir amb un programa determinat, perqu\u00e8 \u00e9s la nostra missi\u00f3, per\u00f2 alhora hem hagut d\u2019enfrontar-nos a diversos problemes afegits. Mai no pots escollir les teves crisis, per\u00f2 s\u00ed que \u00e9s responsabilitat teva fer alguna cosa per afrontar-les.<\/p>\n<p><span style=\"color: #719f8c; font-weight: bold;\">I com a responsable de les investigacions que sobre Google est\u00e0 duent a terme la Comissi\u00f3 Europea en tres casos diferents per ab\u00fas de posici\u00f3 dominant, ja ha rebut tota la informaci\u00f3 que va demanar a l\u2019empresa?<\/span><br \/>\nNo encara perqu\u00e8 aquesta mena d\u2019investigacions requereixen el seu temps. Ens ha passat en els tres casos oberts contra Google, i aix\u00f2 malgrat ser lleugerament diferents entre s\u00ed. En el primer cas [obert formalment el 2015], per exemple, vam comen\u00e7ar a investigar i vam trobar noves proves contra l\u2019empresa, i per aix\u00f2 encara estem esperant resposta. Quant als expedients que afecten la publicitat <em>on-line<\/em> [obert el juliol del 2016] i el sistema operatiu Android [obert l\u2019abril del 2016], Google ens ha demanat m\u00e9s temps per preparar tota la informaci\u00f3 necess\u00e0ria, aix\u00ed que encara esperem.<\/p>\n<blockquote>\n<h2 style=\"color: #719f8c;\">\u201c<strong>No pots escollir les teves crisis, per\u00f2 \u00e9s responsabilitat teva fer alguna cosa per afrontar-les\u201d<\/strong><\/h2>\n<\/blockquote>\n<p><span style=\"color: #719f8c; font-weight: bold;\">Arran d\u2019aquestes investigacions, han pogut determinar si la multinacional nord-americana segueix alguna pauta?<\/span><br \/>\nPodr\u00edem dir que una pauta que s\u2019observa en els tres casos \u00e9s la seg\u00fcent: Google intenta arribar a ser dominant en el mercat, i quan ho aconsegueix despr\u00e9s tracta de mantenir-se, utilitzant Android, les cerques i el mercat de la publicitat per enfortir el seu posicionament de mercat. En tots els casos veiem aquest mateix objectiu.<\/p>\n<p><span style=\"color: #719f8c; font-weight: bold;\">Pel que fa a Apple (un altre dels gegants sota el punt de mira de la seva cartera), al juliol la Comissi\u00f3 Europea va anunciar que haur\u00e0 de pagar 13.000 milions d\u2019euros a Irlanda en concepte d\u2019impostos no retribu\u00efts. El cas establir\u00e0 un precedent?<\/span><br \/>\nTots els casos estableixen un precedent. La peculiaritat del cas d\u2019Apple \u00e9s que el volum d\u2019impostos sense pagar era ampl\u00edssim, reflex de la gran empresa que \u00e9s. Per\u00f2 la metodologia de com feien \u00fas dels<em> tax rulings<\/em> [acords fiscals avan\u00e7ats entre empreses i governs] \u00e9s igual d\u2019interessant que en els casos de Starbucks i Fiat.<\/p>\n<p><img decoding=\"async\" loading=\"lazy\" class=\"alignright wp-image-13237 size-full\" src=\"http:\/\/monempresarial.com\/wp-content\/uploads\/2017\/02\/P026350002501-970475.jpg\" width=\"1104\" height=\"735\" srcset=\"https:\/\/www.monempresarial.com\/wp-content\/uploads\/2017\/02\/P026350002501-970475.jpg 1104w, https:\/\/www.monempresarial.com\/wp-content\/uploads\/2017\/02\/P026350002501-970475-300x200.jpg 300w, https:\/\/www.monempresarial.com\/wp-content\/uploads\/2017\/02\/P026350002501-970475-1024x682.jpg 1024w, https:\/\/www.monempresarial.com\/wp-content\/uploads\/2017\/02\/P026350002501-970475-252x167.jpg 252w, https:\/\/www.monempresarial.com\/wp-content\/uploads\/2017\/02\/P026350002501-970475-300x200@2x.jpg 600w, https:\/\/www.monempresarial.com\/wp-content\/uploads\/2017\/02\/P026350002501-970475-252x167@2x.jpg 504w\" sizes=\"(max-width: 1104px) 100vw, 1104px\" \/><\/p>\n<p><span style=\"color: #719f8c; font-weight: bold;\">Justament despr\u00e9s de prendre aquesta decisi\u00f3 vost\u00e8 va viatjar als Estats Units. Ha tranquil\u00b7litzat ja al Departament del Tresor despr\u00e9s de les cr\u00edtiques que va rebre?<\/span><br \/>\nNo s\u00e9 si realment aix\u00f2 \u00e9s possible. Per\u00f2 una de les principals coses que els vam dir va ser: \u201cEns prenem seriosament les seves preocupacions\u201d. \u00c9s veritat que hi ha diverses explicacions a les cr\u00edtiques: hi ha difer\u00e8ncies entre el sistema nord-americ\u00e0 i l\u2019europeu. Els Estats Units tenen experi\u00e8ncia a l\u2019hora d\u2019investigar casos d\u2019antimonopoli i fusions empresarials des de fa molt de temps. Per\u00f2, en canvi, no investiguen les ajudes d\u2019Estat. Entenc que quan un pa\u00eds t\u00e9 una cultura i un sistema oposats ens preguntin: \u201cPer\u00f2, qu\u00e8 esteu fent?\u201d. Part de la meva feina ha estat transmetre\u2019ls que ells tenen una forma de fer les coses i nosaltres, una altra.<\/p>\n<p><span style=\"color: #719f8c; font-weight: bold;\">Vost\u00e8 sovint recorda que els <em>tax rulings<\/em> no s\u00f3n il\u00b7legals. Per\u00f2 no \u00e9s el fet que existeixin all\u00f2 que permet que les empreses evadeixin impostos?<\/span><br \/>\nEn part estic d\u2019acord en aix\u00f2. Per\u00f2 a vegades s\u00ed que s\u00f3n necessaris. Per exemple, un h\u00f2lding pot estar dividit en diferents pa\u00efsos amb els quals es relaciona a trav\u00e9s de transaccions financeres. \u00c9s totalment leg\u00edtim. Els<em> tax rulings<\/em> ajuden a evitar que una companyia d\u2019un h\u00f2lding compri un producte molt barat i el vengui molt car; all\u00f2 que fan \u00e9s dir a les companyies quins preus han d\u2019aplicar als seus productes a cada pa\u00eds i assegurar la lliure compet\u00e8ncia. Tenim una legislaci\u00f3 que ens diu que hi ha raons totalment leg\u00edtimes per utilitzar els <em>tax rulings<\/em>. Ara b\u00e9, quan s\u2019usen per reduir el pagament d\u2019impostos, en lloc d\u2019aproximar els preus d\u2019un producte en el mercat, llavors s\u00ed que \u00e9s un problema.<\/p>\n<p><span style=\"color: #719f8c; font-weight: bold;\">Quants casos de <em>tax rulings<\/em> estan estudiant actualment? <\/span><br \/>\nActualment, tenim entre mans 1.000 <em>tax rulings<\/em>. Per\u00f2 no significa que es converteixin en 1.000 casos per investigar. Perqu\u00e8, com he dit, molts<em> tax rulings<\/em> s\u00f3n perfectament legals i pot no haver-hi cap problema. Hem vist casos de transfer\u00e8ncia de preus en els quals no s\u2019ha com\u00e8s cap il\u00b7legalitat, per\u00f2 hi ha d\u2019altres que comencem a investigar a on s\u00ed que hi veiem problemes. Ara mateix, tenim formalment oberts tres casos: McDonald\u2019s, Amazon i GDF Suez a Luxemburg.<\/p>\n<p><span style=\"color: #719f8c; font-weight: bold;\">Quan va entrar com a comiss\u00e0ria, va demanar un temps prudencial per poder estudiar b\u00e9 tota la cartera. Va intentar allunyar-se de la feina feta anteriorment pel seu predecessor, Joaqu\u00edn Almunia?<\/span><br \/>\nMai no ha estat aquesta la idea. Fa molts anys, quan vaig agafar el lideratge del meu partit, tothom em preguntava: \u201cDe quina manera ser\u00e0s diferent respecte de Marianne Jelved (la meva predecessora)?\u201d. Per\u00f2, saps qu\u00e8? Jo l\u2019admirava i el meu objectiu no consistia a diferenciar-me d\u2019ella, aix\u00ed que em vaig involucrar al m\u00e0xim per fer la meva feina el millor possible. I aix\u00f2 mateix he intentat fer aqu\u00ed. No tinc cap cr\u00edtica envers el meu predecessor, al contrari, va fer moltes coses. Nom\u00e9s intento treballar de la forma m\u00e9s efica\u00e7, oberta, accessible i transparent possible per garantir que puguem servir a 500 milions d\u2019europeus.<\/p>\n<p><span style=\"color: #719f8c; font-weight: bold;\">Llegeix tamb\u00e9: <\/span><span style=\"color: #719f8c;\"><a href=\"http:\/\/monempresarial.com\/2017\/02\/06\/els-tax-rulings-en-el-punt-de-mira-de-brusselles\/\" target=\"_blank\" rel=\"noopener noreferrer\">Els tax rulings, en el punt de mira de Brussel\u00b7les<\/a><\/span><\/p>\n","protected":false},"excerpt":{"rendered":"<p>Considerada com la setena personalitat m\u00e9s influent del m\u00f3n en el sector financer segons l\u2019ag\u00e8ncia Bloomberg, el recorregut de Margrethe Vestager (Glostrup, Dinamarca, 1968) en el m\u00f3n de la pol\u00edtica va ser mete\u00f2ric: amb 21 anys va ingressar en el partit liberal del seu pa\u00eds i als 30 ja era ministra d\u2019Educaci\u00f3. La comiss\u00e0ria europea [&hellip;]<\/p>\n","protected":false},"author":1,"featured_media":13235,"comment_status":"open","ping_status":"open","sticky":false,"template":"","format":"standard","meta":{"_mi_skip_tracking":false,"mc4wp_mailchimp_campaign":[],"jnews-multi-image_gallery":[],"jnews_single_post":[],"jnews_primary_category":[]},"categories":[9,10839,10815,10843,19],"tags":[143,145,146,1231,1784,2017,2038,5124,5125],"_links":{"self":[{"href":"https:\/\/www.monempresarial.com\/ca\/wp-json\/wp\/v2\/posts\/13234"}],"collection":[{"href":"https:\/\/www.monempresarial.com\/ca\/wp-json\/wp\/v2\/posts"}],"about":[{"href":"https:\/\/www.monempresarial.com\/ca\/wp-json\/wp\/v2\/types\/post"}],"author":[{"embeddable":true,"href":"https:\/\/www.monempresarial.com\/ca\/wp-json\/wp\/v2\/users\/1"}],"replies":[{"embeddable":true,"href":"https:\/\/www.monempresarial.com\/ca\/wp-json\/wp\/v2\/comments?post=13234"}],"version-history":[{"count":1,"href":"https:\/\/www.monempresarial.com\/ca\/wp-json\/wp\/v2\/posts\/13234\/revisions"}],"predecessor-version":[{"id":48146,"href":"https:\/\/www.monempresarial.com\/ca\/wp-json\/wp\/v2\/posts\/13234\/revisions\/48146"}],"wp:featuredmedia":[{"embeddable":true,"href":"https:\/\/www.monempresarial.com\/ca\/wp-json\/wp\/v2\/media\/13235"}],"wp:attachment":[{"href":"https:\/\/www.monempresarial.com\/ca\/wp-json\/wp\/v2\/media?parent=13234"}],"wp:term":[{"taxonomy":"category","embeddable":true,"href":"https:\/\/www.monempresarial.com\/ca\/wp-json\/wp\/v2\/categories?post=13234"},{"taxonomy":"post_tag","embeddable":true,"href":"https:\/\/www.monempresarial.com\/ca\/wp-json\/wp\/v2\/tags?post=13234"}],"curies":[{"name":"wp","href":"https:\/\/api.w.org\/{rel}","templated":true}]}}