{"id":13278,"date":"2017-02-20T14:43:18","date_gmt":"2017-02-20T13:43:18","guid":{"rendered":"http:\/\/monempresarial.com\/?p=13278\/"},"modified":"2025-06-06T10:36:58","modified_gmt":"2025-06-06T08:36:58","slug":"jeffrey-sachs-el-desenvolupament-sostenible-a-lagenda-politica-de-tots-els-liders-mundials","status":"publish","type":"post","link":"https:\/\/www.monempresarial.com\/ca\/2017\/02\/20\/jeffrey-sachs-el-desenvolupament-sostenible-a-lagenda-politica-de-tots-els-liders-mundials\/","title":{"rendered":"Jeffrey Sachs<\/span> El desenvolupament sostenible a l\u2019agenda pol\u00edtica de tots els l\u00edders mundials"},"content":{"rendered":"<h4 style=\"color: #000000;\"><img decoding=\"async\" loading=\"lazy\" class=\"alignright size-full wp-image-8389\" src=\"http:\/\/monempresarial.com\/wp-content\/uploads\/2015\/12\/mon-empresarial-alfonso-cebrian.png\" alt=\"mon-empresarial-alfonso-cebrian\" width=\"215\" height=\"281\" \/>Des que el 1972 durant la Primera Confer\u00e8ncia de la Nacions Unides sobre el Medi Hum\u00e0 s\u2019assenyal\u00e9s la necessitat de combinar el desenvolupament econ\u00f2mic i la sostenibilitat ambiental, aquesta premissa s\u2019ha convertit en un repte que encara est\u00e0 lluny de transformar-se en una realitat. A <em>La Era del Desarrollo Sostenible<\/em> (Deusto, 2015), Jeffrey Sachs analitza el costat fosc de la nova era de la informaci\u00f3 o, en altres paraules, els efectes negatius que pugui causar (i causa) en el medi ambient a nivell global.<\/h4>\n<h4>Text: <a style=\"color: #cc8215;\" href=\"http:\/\/monempresarial.com\/author\/acebrian\/\">Alfonso Cebri\u00e1n.<\/a> Doctor en Ci\u00e8ncies Econ\u00f2miques.<\/h4>\n<hr style=\"color: #b72126;\" \/>\n<p><img decoding=\"async\" loading=\"lazy\" class=\"alignleft size-full wp-image-8397\" src=\"http:\/\/monempresarial.com\/wp-content\/uploads\/2015\/12\/mon-empresarial-004-guru-dirigent.png\" alt=\"mon-empresarial-004-guru-dirigent\" width=\"215\" height=\"256\" \/><span style=\"color: #cc8215; font-weight: bold;\">Els canvis es produeixen a tota velocitat,<\/span> a la mateixa vegada que apareixen noves oportunitats, reptes i riscos. Per assolir els Objectius de Desenvolupament Sostenible (ODS) ser\u00e0 necessari trobar la forma d\u2019atallar aquests reptes i desenvolupar noves formes de governan\u00e7a global. Els objectius principals que exposa l\u2019autor de <em>La Era del Desarrollo Sostenible<\/em>, Jeffrey Sachs, apunten a l\u2019eradicaci\u00f3 de la pobresa extrema i la protecci\u00f3 del planeta dels efectes que produeixen les nostres pr\u00f2pies accions. Per aix\u00f2, en aquesta nova era, necessitem nous l\u00edders compromesos i creatius.<\/p>\n<p><span style=\"color: #cc8215; font-weight: bold; text-transform: uppercase;\">Desenvolupament sostenible: qu\u00e8 \u00e9s i com s&#8217;aconsegueix?<\/span><br \/>\nTal com el defineix l\u2019autor, el desenvolupament sostenible \u00e9s una forma d\u2019entendre el m\u00f3n com una interacci\u00f3 complexa entre sistemes econ\u00f2mics, socials, ambientals i pol\u00edtics: l\u2019economia global que arriba a tots els racons del m\u00f3n; les interaccions socials que, segons l\u2019autor, estan relacionades amb la confian\u00e7a, l\u2019\u00e8tica, la desigualtat i les xarxes comunit\u00e0ries \u2013entre les que incloem les noves comunitats socials en l\u00ednia impulsades per les TIC\u2013; els sistemes complexos de la Terra, com el clima o els ecosistemes, i tamb\u00e9 la governan\u00e7a, en la qual incloem el comportament dels governs i de les empreses. No obstant aix\u00f2, en aquest m\u00f3n interconnectat hi ha una s\u00e8rie de problemes pel que fa a la distribuci\u00f3 del benestar com s\u00f3n la pobresa extrema, la desigualtat, la mobilitat social, la discriminaci\u00f3 i la cohesi\u00f3 social.<br \/>\n\u201cUna bona societat no \u00e9s \u00fanicament una societat econ\u00f2micament pr\u00f2spera, sin\u00f3 que ha de ser tamb\u00e9 socialment inclusiva, ambientalment sostenible i ben governada\u201d. Aquesta \u00e9s la definici\u00f3 de treball dels objectius normatius del desenvolupament sostenible emprada per l\u2019autor en l&#8217;obra, i \u00e9s, tamb\u00e9, l&#8217;enfocament dels Objectius de Desenvolupament Sostenible adoptats pels estats membres de l\u2019ONU. Per assolir aquest desenvolupament sostenible ha de produir-se la converg\u00e8ncia de tres objectius: creixement econ\u00f2mic, inclusi\u00f3 social i sostenibilitat ambiental. A m\u00e9s a m\u00e9s, caldr\u00e0 la implicaci\u00f3 total de tots els sectors de la societat i una forta inversi\u00f3.<\/p>\n<blockquote>\n<h2 style=\"color: #cc8215;\">Per assolir el desenvolupament sostenible ha de produir-se la converg\u00e8ncia de tres objectius: creixement econ\u00f2mic, inclusi\u00f3 social i sostenibilitat ambiental. A m\u00e9s a m\u00e9s, ser\u00e0 necess\u00e0ria la implicaci\u00f3 total de tots els sectors de la societat i una forta inversi\u00f3<\/h2>\n<\/blockquote>\n<p><span style=\"color: #cc8215;\"><span style=\"text-transform: uppercase;\"><b>Prioritats que es mantenen<\/b><\/span><\/span><br \/>\nDespr\u00e9s de la Cimera de Rio+20 es va crear una nova xarxa global per a la resoluci\u00f3 de problemes relacionats amb el desenvolupament sostenible que es va denominar Xarxa de Solucions de Desenvolupament Sostenible (SDSN). La creaci\u00f3 d&#8217;aquesta xarxa es va veure impulsada per la necessitat d&#8217;establir uns nous objectius, i una nova motivaci\u00f3 i voluntat pol\u00edtica en una era on l\u2019atenci\u00f3 s\u2019ha de posar en la resoluci\u00f3 de problemes en les diferents dimensions del desenvolupament sostenible.<br \/>\n<img decoding=\"async\" loading=\"lazy\" class=\"wp-image-13281 alignleft\" src=\"http:\/\/monempresarial.com\/wp-content\/uploads\/2017\/02\/La-era-del-desarrollo-sostenible.jpg\" width=\"300\" height=\"456\" srcset=\"https:\/\/www.monempresarial.com\/wp-content\/uploads\/2017\/02\/La-era-del-desarrollo-sostenible.jpg 480w, https:\/\/www.monempresarial.com\/wp-content\/uploads\/2017\/02\/La-era-del-desarrollo-sostenible-197x300.jpg 197w, https:\/\/www.monempresarial.com\/wp-content\/uploads\/2017\/02\/La-era-del-desarrollo-sostenible-197x300@2x.jpg 394w\" sizes=\"(max-width: 300px) 100vw, 300px\" \/>La llista d\u2019Objectius de Desenvolupament Sostenible recomanats per la SDSN s\u2019obre amb l&#8217;eradicaci\u00f3 de la pobresa extrema i de la fam. Ja que la humanitat est\u00e0 comen\u00e7ant a pressionar sobre els l\u00edmits del planeta a conseq\u00fc\u00e8ncia de la pr\u00f2pia acci\u00f3 humana ser\u00e0 imprescindible aconseguir el desenvolupament sempre dins d&#8217;aquests l\u00edmits planetaris. L&#8217;objectiu educatiu consistir\u00e0 a garantir un aprenentatge efectiu amb el desenvolupament d&#8217;un ensenyament primari universal. Una de les dimensions b\u00e0siques sobre les que es recolza el desenvolupament sostenible \u00e9s l&#8217;equitat, de manera que assolir la igualtat de g\u00e8nere, la inclusi\u00f3 social i els drets humans per a tots ser\u00e0 una condici\u00f3 necess\u00e0ria. No menys important ser\u00e0 aconseguir la salut i el benestar a totes les edats. La implantaci\u00f3 d&#8217;una agricultura sostenible i la sostenibilitat del subministrament alimentari tindran una import\u00e0ncia central.<br \/>\nTotes les ciutats tendiran a ser socialment inclusives, econ\u00f2micament productives i ambientalment sostenibles, a banda de segures i resistents al canvi clim\u00e0tic. A nivell mediambiental, caldr\u00e0 frenar el canvi clim\u00e0tic i garantir la biodiversitat de l&#8217;ecosistema. Finalment, ser\u00e0 imprescindible comptar amb l\u00edders compromesos amb la transpar\u00e8ncia, la responsabilitat, l&#8217;acc\u00e9s a la informaci\u00f3, la participaci\u00f3 i la fi dels paradisos fiscals i la corrupci\u00f3. Hem de pensar en una transformaci\u00f3 de la governan\u00e7a del desenvolupament sostenible.<br \/>\nEs tracta de trobar principis de govern com ara la responsabilitat, la transpar\u00e8ncia, la participaci\u00f3 i, sobretot, el comprom\u00eds amb el desenvolupament sostenible. L&#8217;esperan\u00e7a i la confian\u00e7a s\u00f3n les grans cartes que tenim per poder assolir el desenvolupament sostenible: el repte m\u00e9s gran i complex al qual s&#8217;ha enfrontat mai l&#8217;home al llarg de la seva exist\u00e8ncia.<\/p>\n<blockquote>\n<h2 style=\"color: #cc8215;\">Una de les dimensions b\u00e0siques sobre les que es recolza el desenvolupament sostenible \u00e9s l&#8217;equitat, de manera que assolir la igualtat de g\u00e8nere, la inclusi\u00f3 social i els drets humans per a tots ser\u00e0 una condici\u00f3 necess\u00e0ria<\/h2>\n<\/blockquote>\n<p><span style=\"color: #cc8215; font-weight: bold; text-transform: uppercase;\"><br \/>\n<\/span><\/p>\n<div style=\"background-color: #cc8215; text-align: center;\"><span style=\"color: #ffffff; font-weight: bold; font-size: 20px;\">DE PROP<\/span><\/div>\n<figure id=\"attachment_13279\" aria-describedby=\"caption-attachment-13279\" style=\"width: 650px\" class=\"wp-caption aligncenter\"><img decoding=\"async\" loading=\"lazy\" class=\"wp-image-13279\" src=\"http:\/\/monempresarial.com\/wp-content\/uploads\/2017\/02\/ITU-Pictures-2.jpg\" alt=\"Foto: ITU Pictures\" width=\"650\" height=\"433\" srcset=\"https:\/\/www.monempresarial.com\/wp-content\/uploads\/2017\/02\/ITU-Pictures-2.jpg 1148w, https:\/\/www.monempresarial.com\/wp-content\/uploads\/2017\/02\/ITU-Pictures-2-300x200.jpg 300w, https:\/\/www.monempresarial.com\/wp-content\/uploads\/2017\/02\/ITU-Pictures-2-1024x682.jpg 1024w, https:\/\/www.monempresarial.com\/wp-content\/uploads\/2017\/02\/ITU-Pictures-2-252x167.jpg 252w, https:\/\/www.monempresarial.com\/wp-content\/uploads\/2017\/02\/ITU-Pictures-2-300x200@2x.jpg 600w, https:\/\/www.monempresarial.com\/wp-content\/uploads\/2017\/02\/ITU-Pictures-2-252x167@2x.jpg 504w\" sizes=\"(max-width: 650px) 100vw, 650px\" \/><figcaption id=\"caption-attachment-13279\" class=\"wp-caption-text\">Foto: ITU Pictures<\/figcaption><\/figure>\n<p>Considerat com un dels grans economistes de la globalitzaci\u00f3 i definit per la revista <em>Time<\/em> com una de les 100 persones m\u00e9s influents del m\u00f3n, Jeffrey Sachs (Detroit, EUA, 1954) \u00e9s el director del Projecte del Mil\u00b7lenni i ha estat assessor especial del secretari general de Nacions Unides, Ban Ki-moon, sobre els Objectius de Desenvolupament del Mil\u00b7lenni, acords internacionals per a reduir la pobresa extrema, la fam i les malalties al m\u00f3n.<br \/>\nFerm defensor de cancel\u00b7lar el deute als pa\u00efsos pobres, Sachs \u00e9s especialista en situacions de crisis econ\u00f2miques greus. Ha treballat com a assessor de diversos governs de Llatinoam\u00e8rica, Europa de l&#8217;Est, \u00c0sia i \u00c0frica, i col\u00b7labora amb ag\u00e8ncies internacionals (Banc Mundial, Fons Monetari). <em>The New York Times<\/em> el va nomenar \u201cprobablement l&#8217;economista m\u00e9s important del m\u00f3n\u201d, i el 1997, <em>Le Nouvel Observateur<\/em>, \u201cun dels 50 l\u00edders m\u00e9s importants de la globalitzaci\u00f3\u201d. Sachs col\u00b7labora habitualment amb <em>The New York Times<\/em>, el <em>Financial Times<\/em> de Londres i<em> The Economist.<\/em><\/p>\n","protected":false},"excerpt":{"rendered":"<p>Des que el 1972 durant la Primera Confer\u00e8ncia de la Nacions Unides sobre el Medi Hum\u00e0 s\u2019assenyal\u00e9s la necessitat de combinar el desenvolupament econ\u00f2mic i la sostenibilitat ambiental, aquesta premissa s\u2019ha convertit en un repte que encara est\u00e0 lluny de transformar-se en una realitat.<\/p>\n","protected":false},"author":1,"featured_media":13285,"comment_status":"open","ping_status":"open","sticky":false,"template":"","format":"standard","meta":{"_mi_skip_tracking":false,"mc4wp_mailchimp_campaign":[],"jnews-multi-image_gallery":[],"jnews_single_post":[],"jnews_primary_category":[]},"categories":[10821,10822,10820,11,5057],"tags":[485,826,1167,5139,113],"_links":{"self":[{"href":"https:\/\/www.monempresarial.com\/ca\/wp-json\/wp\/v2\/posts\/13278"}],"collection":[{"href":"https:\/\/www.monempresarial.com\/ca\/wp-json\/wp\/v2\/posts"}],"about":[{"href":"https:\/\/www.monempresarial.com\/ca\/wp-json\/wp\/v2\/types\/post"}],"author":[{"embeddable":true,"href":"https:\/\/www.monempresarial.com\/ca\/wp-json\/wp\/v2\/users\/1"}],"replies":[{"embeddable":true,"href":"https:\/\/www.monempresarial.com\/ca\/wp-json\/wp\/v2\/comments?post=13278"}],"version-history":[{"count":1,"href":"https:\/\/www.monempresarial.com\/ca\/wp-json\/wp\/v2\/posts\/13278\/revisions"}],"predecessor-version":[{"id":46252,"href":"https:\/\/www.monempresarial.com\/ca\/wp-json\/wp\/v2\/posts\/13278\/revisions\/46252"}],"wp:featuredmedia":[{"embeddable":true,"href":"https:\/\/www.monempresarial.com\/ca\/wp-json\/wp\/v2\/media\/13285"}],"wp:attachment":[{"href":"https:\/\/www.monempresarial.com\/ca\/wp-json\/wp\/v2\/media?parent=13278"}],"wp:term":[{"taxonomy":"category","embeddable":true,"href":"https:\/\/www.monempresarial.com\/ca\/wp-json\/wp\/v2\/categories?post=13278"},{"taxonomy":"post_tag","embeddable":true,"href":"https:\/\/www.monempresarial.com\/ca\/wp-json\/wp\/v2\/tags?post=13278"}],"curies":[{"name":"wp","href":"https:\/\/api.w.org\/{rel}","templated":true}]}}