{"id":1348,"date":"2014-10-02T08:00:31","date_gmt":"2014-10-02T06:00:31","guid":{"rendered":"http:\/\/monempresarial.com\/?p=1348"},"modified":"2022-12-22T10:29:05","modified_gmt":"2022-12-22T09:29:05","slug":"lemprenedoria-mes-simple-opcio-laboral","status":"publish","type":"post","link":"https:\/\/www.monempresarial.com\/ca\/2014\/10\/02\/lemprenedoria-mes-simple-opcio-laboral\/","title":{"rendered":"L\u2019emprenedoria: m\u00e9s enll\u00e0 de la simple opci\u00f3 laboral"},"content":{"rendered":"<h5>Soluci\u00f3 a l\u2019atur o visi\u00f3 de futur? Actualment, emprendre \u00e9s el verb de moda i un concepte que est\u00e0 en boca de tothom. Analitzem l\u2019abast real que comporta la creaci\u00f3 d\u2019una empresa des d\u2019una \u00f2ptica transversal, comen\u00e7ant per descobrir qui, quan, per qu\u00e8 i com emprenem.<\/h5>\n<p style=\"text-align: right;\">Andrea Cosialls, Londres<\/p>\n<p>Segons es despr\u00e8n del <em>Global Entrepreneurship Monitor 2013<\/em> (GEM), el perfil majoritari de l\u2019emprenedor \u00e9s el d\u2019un home de 40 anys amb estudis superiors, exempleat d\u2019una empresa i amb un nivell de renda dins del tram superior. El 2013, el 7,1% de la poblaci\u00f3 d\u2019entre 35 i 44 anys estava involucrada en activitats emprenedores, un percentatge clarament superior a la taxa d\u2019activitat emprenedora total (TEA) general, que va ser del 5,2%. Pel que fa al g\u00e8nere, l\u2019emprenedoria continua estant dominada pel g\u00e8nere mascul\u00ed: el 2013, sis de cada 10 emprenedors eren homes. Tot i aix\u00f2, l\u2019any passat es va donar un lleuger augment de l\u2019emprenedoria entre dones.<\/p>\n<blockquote>\n<h2>Catalunya \u00e9s una de les comunitats aut\u00f2nomes m\u00e9s emprenedores. Les darreres dades recollides a l\u2019informe executiu del GEM 2013 recullen un \u00edndex TEA lleugerament superior al 7%.<\/h2>\n<\/blockquote>\n<p>Quant al nivell d\u2019estudis dels emprenedors, el 2013, el 36% tenien formaci\u00f3 superior, mentre que el 7% en tenien de postgrau.<br \/>\nD\u2019altra banda, gaireb\u00e9 una tercera part dels emprenedors ho fa per l\u2019exist\u00e8ncia d\u2019oportunitats (66,84%), mentre que un ter\u00e7 ho fa per necessitat (33,21%) i la resta per altres motius (3,92%). Els principals objectius de les persones que emprenen per oportunitat s\u00f3n assolir una major independ\u00e8ncia o augmentar els ingressos.<br \/>\nA Catalunya les dades s\u00f3n similars, tot i que cal tenir en compte que l\u2019activitat emprenedora per necessitat va augmentar el 2012 per tercer any consecutiu: mentre que al 2009 emprenia per necessitat un 9,4% dels emprenedors, el 2012, aquesta xifra constitu\u00efa el 25%.<\/p>\n<div>\n<table width=\"500\" cellpadding=\"5\" bgcolor=\"#8FBC8F\">\n<tbody>\n<tr>\n<td width=\"2\" bgcolor=\"#548B54\">\n<th colspan=\"2\" bgcolor=\"#548B54\">&nbsp;<span style=\"color: #ffffff; text-transform:uppercase;\">&nbsp;<strong>En quins sectors es creen m\u00e9s empreses?<\/strong><\/span><\/th>\n<td width=\"2\" bgcolor=\"#548B54\">\n<\/tr>\n<tr>\n<td width=\"2\"><\/td>\n<td valign=\"top\" width=\"248\">La crisi econ\u00f2mica no ha suposat un gran canvi pel que fa als sectors en qu\u00e8 es creen les empreses. Aix\u00ed, seguint la tend\u00e8ncia dels anys anteriors, la majoria de noves empreses al 2012 es van obrir en el sector de serveis al consum.<\/td>\n<td valign=\"top\" width=\"248\">Augmenta el nombre de negocis de serveis a d\u2019altres empreses \u2013 passant d\u2019un 25,5% el 2011 a un 40,6% el 2012- , mentre que es redueix lleugerament el pes dels sectors de transformaci\u00f3 i extractius.<\/td>\n<td width=\"2\"><\/td>\n<\/tr>\n<tr>\n<td colspan=\"4\" width=\"2\"><img decoding=\"async\" loading=\"lazy\" class=\"aligncenter size-full wp-image-1347\" title=\"Distribuci\u00f3 sectorial de les iniciatives d'empresaris novells (%)\" alt=\"Distribuci\u00f3 sectorial de les iniciatives d'empresaris novells (%)\" src=\"http:\/\/monempresarial.com\/wp-content\/uploads\/2014\/10\/monempresarial-154-emprenedoria-novells.png\" width=\"600\" height=\"362\" srcset=\"https:\/\/www.monempresarial.com\/wp-content\/uploads\/2014\/10\/monempresarial-154-emprenedoria-novells-300x181@2x.png 600w, https:\/\/www.monempresarial.com\/wp-content\/uploads\/2014\/10\/monempresarial-154-emprenedoria-novells-300x181.png 300w, https:\/\/www.monempresarial.com\/wp-content\/uploads\/2014\/10\/monempresarial-154-emprenedoria-novells-333x200.png 333w\" sizes=\"(max-width: 600px) 100vw, 600px\" \/><\/td>\n<\/tr>\n<\/tbody>\n<\/table>\n<\/div>\n<p><\/p>\n<div>\n<table width=\"500\" cellpadding=\"5\" bgcolor=\"#8FBC8F\">\n<tbody>\n<tr>\n<td width=\"2\" bgcolor=\"#548B54\">\n<th colspan=\"2\" bgcolor=\"#548B54\">&nbsp;<span style=\"color: #ffffff; text-transform:uppercase;\">&nbsp;<strong>Les cooperatives i les franqu\u00edcies, opcions a l\u2019al\u00e7a<\/strong><\/span><\/th>\n<td width=\"2\" bgcolor=\"#548B54\">\n<\/tr>\n<tr>\n<td width=\"2\"><\/td>\n<td valign=\"top\" width=\"248\">Dins del panorama de l\u2019emprenedoria, les cooperatives s\u2019erigeixen com un petit oasi i des de l\u2019esclat de la crisi, no han deixat de cr\u00e9ixer, passant de 97 noves cooperatives el 2008 a 147 el 2013. El 17,5% de la poblaci\u00f3 catalana s\u00f3n socis de cooperatives (1.320.000 socis), la majoria de les quals (71,3%) pertanyen al sector serveis. A Catalunya, les cooperatives han creat 45.000 llocs de treball, m\u00e9s d\u2019un 80% d\u2019ells amb contractes indefinits i la seva facturaci\u00f3 total s\u2019estima en m\u00e9s de 6 milions d\u2019euros.<\/td>\n<td valign=\"top\" width=\"248\">Quant a les franqu\u00edcies, el darrer informe de l\u2019Asociaci\u00f3n Espa\u00f1ola de Franquiciadores (AEF) apunta que a Catalunya el 2013 es van obrir 277 noves franqu\u00edcies, amb una facturaci\u00f3 anual superior als 6.526 milions d\u2019euros.<br \/>\nEn l\u2019\u00e0mbit estatal, per\u00f2, la comunitat de Madrid es troba al capdavant d\u2019aquest model de negoci amb 290 franqu\u00edcies obertes el 2013 i una facturaci\u00f3 d\u201911.871 milions d\u2019euros anuals.<\/td>\n<td width=\"2\"><\/td>\n<\/tr>\n<tr>\n<td colspan=\"4\" width=\"2\"><img decoding=\"async\" loading=\"lazy\" class=\"aligncenter size-full wp-image-1347\" title=\"Les Cooperatives i les Franqu\u00edcies, opcions a l'al\u00e7a a Catalunya\" alt=\"Les Cooperatives i les Franqu\u00edcies, opcions a l'al\u00e7a a Catalunya\" src=\"http:\/\/monempresarial.com\/wp-content\/uploads\/2014\/10\/monempresarial-154-emprenedoria-cooperatives.png\" width=\"600\" height=\"298\" \/><\/td>\n<\/tr>\n<\/tbody>\n<\/table>\n<\/div>\n<p><\/p>\n<div>\n<table width=\"500\" cellpadding=\"5\" bgcolor=\"#8FBC8F\">\n<tbody>\n<tr>\n<td width=\"2\" bgcolor=\"#548B54\">\n<th bgcolor=\"#548B54\">&nbsp;<span style=\"color: #ffffff; text-transform:uppercase;\">&nbsp;<strong>Per qu\u00e8 ho deixen?<\/strong><\/span><\/th>\n<td width=\"2\" bgcolor=\"#548B54\">\n<\/tr>\n<tr>\n<td width=\"2\"><\/td>\n<td valign=\"top\" width=\"496\">M\u00e9s del 60% dels emprenedors que van iniciar les seves empreses entre 2009 i 2011 no han aconseguit sobreviure el 2012. Aix\u00f2 suposa un augment significatiu respecte dels anys anteriors, concretament del 35,6%. Els motius que s\u2019al\u00b7leguen per abandonar la carrera emprenedora s\u00f3n la manca de rendibilitat de negoci (55,2%) i els problemes de finan\u00e7ament (6,6%).<\/td>\n<\/tr>\n<tr>\n<td colspan=\"3\" width=\"2\"><img decoding=\"async\" loading=\"lazy\" class=\"aligncenter size-full wp-image-1347\" title=\"Els motius de l'bandonament empresarial dels catalans el 2012\" alt=\"Els motius de l'bandonament empresarial dels catalans el 2012\" src=\"http:\/\/monempresarial.com\/wp-content\/uploads\/2014\/10\/monempresarial-154-emprenedoria-abandonament.png\" width=\"600\" height=\"362\" \/><\/td>\n<\/tr>\n<\/tbody>\n<\/table>\n<\/div>\n","protected":false},"excerpt":{"rendered":"<p>Soluci\u00f3 a l\u2019atur o visi\u00f3 de futur? Actualment, emprendre \u00e9s el verb de moda i un concepte que est\u00e0 en boca de tothom. Analitzem l\u2019abast real que comporta la creaci\u00f3 d\u2019una empresa des d\u2019una \u00f2ptica transversal, comen\u00e7ant per descobrir qui, quan, per qu\u00e8 i com emprenem.<\/p>\n","protected":false},"author":1,"featured_media":1347,"comment_status":"closed","ping_status":"open","sticky":false,"template":"","format":"standard","meta":{"_mi_skip_tracking":false,"mc4wp_mailchimp_campaign":[],"jnews-multi-image_gallery":[],"jnews_single_post":[],"jnews_primary_category":[]},"categories":[10815,10844,10,35,30],"tags":[],"_links":{"self":[{"href":"https:\/\/www.monempresarial.com\/ca\/wp-json\/wp\/v2\/posts\/1348"}],"collection":[{"href":"https:\/\/www.monempresarial.com\/ca\/wp-json\/wp\/v2\/posts"}],"about":[{"href":"https:\/\/www.monempresarial.com\/ca\/wp-json\/wp\/v2\/types\/post"}],"author":[{"embeddable":true,"href":"https:\/\/www.monempresarial.com\/ca\/wp-json\/wp\/v2\/users\/1"}],"replies":[{"embeddable":true,"href":"https:\/\/www.monempresarial.com\/ca\/wp-json\/wp\/v2\/comments?post=1348"}],"version-history":[{"count":0,"href":"https:\/\/www.monempresarial.com\/ca\/wp-json\/wp\/v2\/posts\/1348\/revisions"}],"wp:featuredmedia":[{"embeddable":true,"href":"https:\/\/www.monempresarial.com\/ca\/wp-json\/wp\/v2\/media\/1347"}],"wp:attachment":[{"href":"https:\/\/www.monempresarial.com\/ca\/wp-json\/wp\/v2\/media?parent=1348"}],"wp:term":[{"taxonomy":"category","embeddable":true,"href":"https:\/\/www.monempresarial.com\/ca\/wp-json\/wp\/v2\/categories?post=1348"},{"taxonomy":"post_tag","embeddable":true,"href":"https:\/\/www.monempresarial.com\/ca\/wp-json\/wp\/v2\/tags?post=1348"}],"curies":[{"name":"wp","href":"https:\/\/api.w.org\/{rel}","templated":true}]}}