{"id":1456,"date":"2014-10-27T08:00:21","date_gmt":"2014-10-27T07:00:21","guid":{"rendered":"http:\/\/monempresarial.com\/?p=1456"},"modified":"2025-09-16T11:43:24","modified_gmt":"2025-09-16T09:43:24","slug":"el-capitalisme-segons-piketty","status":"publish","type":"post","link":"https:\/\/www.monempresarial.com\/ca\/2014\/10\/27\/el-capitalisme-segons-piketty\/","title":{"rendered":"El capitalisme<\/span> segons Piketty"},"content":{"rendered":"<h4><img decoding=\"async\" loading=\"lazy\" class=\"alignright wp-image-8620\" src=\"http:\/\/monempresarial.com\/wp-content\/uploads\/2016\/01\/mon-empresarial-005-joan-tugores.png\" alt=\"mon-empresarial-005-joan-tugores\" width=\"226\" height=\"215\" \/><\/h4>\n<h4>El llibre de Thomas Piketty sobre les desigualtats ha tingut un ress\u00f2 medi\u00e0tic molt notable, evidenciant que a El capital al segle XXI l\u2019economista franc\u00e8s plantejava debats cabdals sobre el present i el futur del funcionament de les nostres economies.<\/h4>\n<h4><span style=\"color: #829c92; text-transform: uppercase;\">Joan Tugores Ques. <\/span>Catedr\u00e0tic d&#8217;Economia de la UB.<\/h4>\n<hr style=\"color: #b72126;\" \/>\n<p><em>El capital al segle XXI<\/em> \u00e9s el t\u00edtol del ja popular llibre de l\u2019economista franc\u00e8s Thomas Piketty que ha batut r\u00e8cords de vendes \u2013i, sobretot, de refer\u00e8ncies, tant elogioses com cr\u00edtiques\u2013 durant aquest 2014. Aporta un recull realment impressionant de dades sobre l\u2019evoluci\u00f3 \u2013en els darrers segles i a diversos pa\u00efsos\u2013 d\u2019indicadors de desigualtats en la distribuci\u00f3 de la renda i, en particular, de la tend\u00e8ncia a la concentraci\u00f3 de la riquesa en segments relativament redu\u00efts de la poblaci\u00f3, en particular, en el fam\u00f3s <em>top 1%<\/em>. Per\u00f2 l\u2019objectiu final de Piketty consisteix a, tot ordenant aquestes dades, tractar d\u2019establir certes regularitats que, enlla\u00e7ant amb autors cl\u00e0ssics del segle XIX, permetin parlar d\u2019unes lleis del capitalisme amb les quals entendre el passat i el present, i esbrinar a quina mena de futur estem abocats.<br \/>\nL\u2019\u00e8xit medi\u00e0tic del llibre s\u2019explica en bona mesura per la situaci\u00f3 que la crisi ha deixat al descobert: la desigualtat creixent quant a riquesa i renda. Ja abans de la crisi, fins i tot l\u2019Organitzaci\u00f3 per a la Cooperaci\u00f3 i el Desenvolupament Econ\u00f2mic (OCDE) ens parlava d\u2019un creixement desigual per descriure com els <em>dividends<\/em> de la <em>globalitzaci\u00f3<\/em> s\u2019estaven distribuint de forma asim\u00e8trica en les d\u00e8cades de prosperitat anteriors a 2008. Posteriorment, la gesti\u00f3 de la crisi ha portat a molt indrets a una distribuci\u00f3 dels costos \u2013en termes d\u2019ajustos i sacrificis\u2013, percebuda tamb\u00e9 com a significativament inequitativa. I m\u00e9s recentment, cada vegada que s\u2019apunta una certa recuperaci\u00f3, apareix el debat sobre la forma tamb\u00e9 asim\u00e8trica amb qu\u00e8 els eventuals <em>dividends<\/em> de la <em>recuperaci\u00f3<\/em> es distribuirien, de nou amb la percepci\u00f3 que la millora dels indicadors macroecon\u00f2mics no arriba a bona part de la ciutadania.<\/p>\n<figure id=\"attachment_1457\" aria-describedby=\"caption-attachment-1457\" style=\"width: 600px\" class=\"wp-caption aligncenter\"><img decoding=\"async\" loading=\"lazy\" class=\"wp-image-1457 size-full\" title=\"Saber si hi ha marge de maniobra per complementar la generaci\u00f3 de riquesa a escala global amb una distribuci\u00f3 socialment m\u00e9s raonable \u00e9s la gran pregunta que queda pendent.\" src=\"http:\/\/monempresarial.com\/wp-content\/uploads\/2014\/10\/monempresarial-155-tribuna-tugores.png\" alt=\"Saber si hi ha marge de maniobra per complementar la generaci\u00f3 de riquesa a escala global amb una distribuci\u00f3 socialment m\u00e9s raonable \u00e9s la gran pregunta que queda pendent.\" width=\"600\" height=\"222\" srcset=\"https:\/\/www.monempresarial.com\/wp-content\/uploads\/2014\/10\/monempresarial-155-tribuna-tugores-300x111@2x.png 600w, https:\/\/www.monempresarial.com\/wp-content\/uploads\/2014\/10\/monempresarial-155-tribuna-tugores-300x111.png 300w\" sizes=\"(max-width: 600px) 100vw, 600px\" \/><figcaption id=\"caption-attachment-1457\" class=\"wp-caption-text\">Saber si hi ha marge de maniobra per complementar la generaci\u00f3 de riquesa a escala global amb una distribuci\u00f3 socialment m\u00e9s raonable \u00e9s la gran pregunta que queda pendent. \/ SHUTTERSTOCK<\/figcaption><\/figure>\n<p><span style=\"color: #829c92; text-transform: uppercase; font-weight: bold;\">mirada a la hist\u00f2ria<\/span><br \/>\nAmb perspectiva hist\u00f2rica cal destacar la tipologia que fa Piketty de les etapes del capitalisme des del vessant de les desigualtats (que enlla\u00e7a de forma coherent i complement\u00e0ria amb d\u2019altres an\u00e0lisis com les de Rodrik). D\u2019una banda, el <em>capitalisme cl\u00e0ssic<\/em> seria el del segle XIX, amb escassa pres\u00e8ncia d\u2019intervencions p\u00fabliques i amb una din\u00e0mica d\u2019ascens del capitalisme i importants desigualtats. Seria el que Rodrik anomena el <em>capitalisme 1.0<\/em>, el que varen teoritzar autors que van des d\u2019Adam Smith fins a Karl Marx, i que fou novel\u00b7lat amb for\u00e7a a les obres de Dickens o Balzac.<br \/>\nEl segon tipus de capitalisme seria el <em>2.0<\/em>, associat, d\u2019una banda, a m\u00e9s intervencions p\u00fabliques en economia i, de l\u2019altra, a m\u00e9s pol\u00edtiques socials. Rodrik el vincula als enfocaments keynesians, mentre que Piketty documenta com fou una combinaci\u00f3 de fets -que inclouen les dues guerres mundials de la primera meitat del segle XX i les urg\u00e8ncies d\u2019una Gran Depressi\u00f3- el que va portar a unes distribucions de les rendes menys polaritzades. Les pol\u00edtiques redistributives i la consolidaci\u00f3 de les classes mitjanes als pa\u00efsos occidentals serien altres trets d\u2019aquest capitalisme.<\/p>\n<blockquote>\n<h2 style=\"color: #829c92;\">Piketty sost\u00e9 que s\u2019estaria produint una clara reversi\u00f3 cap a pautes en la distribuci\u00f3 de la renda m\u00e9s semblants a les vigents en el segle XIX i principis del XX que a les d\u00e8cades seg\u00fcents a la II Guerra Mundial<\/h2>\n<\/blockquote>\n<p><span style=\"color: #829c92; text-transform: uppercase; font-weight: bold;\"><img decoding=\"async\" loading=\"lazy\" class=\"wp-image-1172 alignleft\" title=\"El capital en el siglo XXI\" src=\"http:\/\/monempresarial.com\/wp-content\/uploads\/2014\/10\/moenempresarial-9788437507231_el-capital-en-el-siglo-xxi.png\" alt=\"\" width=\"369\" height=\"515\" \/>el capitalisme 3.0<\/span><br \/>\nAra, per\u00f2, estar\u00edem afrontant un tercer tipus de capitalisme que es va comen\u00e7ar a forjar amb la globalitzaci\u00f3 abans de la crisi, per\u00f2 que amb aquesta hauria quedat m\u00e9s cruament al descobert. Un <em>capitalisme global<\/em> \u2013o <em>3.0<\/em>, en la terminologia de Rodrik\u2013 al qual, a l\u2019evid\u00e8ncia que ara els mercats superen amb creixent facilitat les fronteres estatals caldria afegir-hi la pregunta cabdal de com queda la distribuci\u00f3 de la riquesa i el poder. Davant de les previsions optimistes i ing\u00e8nues que afirmaven que el capitalisme 3.0 seria una extensi\u00f3 a escala global del 2.0, Piketty documenta de forma molt n\u00edtida com s\u2019estaria produint una clara reversi\u00f3 cap a pautes en la distribuci\u00f3\u00a0de la renda m\u00e9s semblants a les vigents en el segle XIX i fins i tot de principis del segle XX que a les que v\u00e0rem tenir en les d\u00e8cades seg\u00fcents a la Segona Guerra Mundial. El <em>retorn a un capitalisme patrimonial<\/em> (per fer servir el t\u00edtol d\u2019una excel\u00b7lent ressenya per part de Milanovic del llibre de Piketty) seria, doncs, una regressi\u00f3 hist\u00f2rica en tota regla que evidenciaria que, per a desenc\u00eds de bona part de les generacions que van viure l\u2019estat del benestar, aquell capitalisme 2.0 amb <em>rostre hum\u00e0<\/em> hauria estat una excepci\u00f3, un <em>per\u00edode especial<\/em>. Si aix\u00f2 \u00e9s ja irreversible o encara hi ha marge de maniobra per complementar la generaci\u00f3 de riquesa a escala global amb una distribuci\u00f3 socialment m\u00e9s raonable \u00e9s la gran pregunta oberta que queda pendent.<\/p>\n<blockquote>\n<h2 style=\"color: #829c92;\">L&#8217;\u00e8xit medi\u00e0tic del llibre de l&#8217;economista franc\u00e8s s&#8217;explica en bona mesura per la situaci\u00f3 que la crisi ha deixat al descobert: la desigualtat creixent quant a riquesa i renda<\/h2>\n<\/blockquote>\n","protected":false},"excerpt":{"rendered":"<p>El llibre de Thomas Piketty sobre les desigualtats ha tingut un ress\u00f2 medi\u00e0tic molt notable, evidenciant que a El capital al segle XXI l\u2019economista franc\u00e8s plantejava debats cabdals sobre el present i el futur del funcionament de les nostres economies.<\/p>\n","protected":false},"author":8,"featured_media":1457,"comment_status":"closed","ping_status":"open","sticky":false,"template":"","format":"standard","meta":{"_mi_skip_tracking":false,"mc4wp_mailchimp_campaign":[],"jnews-multi-image_gallery":[],"jnews_single_post":[],"jnews_primary_category":[]},"categories":[10839,10840,9,10815,18],"tags":[],"_links":{"self":[{"href":"https:\/\/www.monempresarial.com\/ca\/wp-json\/wp\/v2\/posts\/1456"}],"collection":[{"href":"https:\/\/www.monempresarial.com\/ca\/wp-json\/wp\/v2\/posts"}],"about":[{"href":"https:\/\/www.monempresarial.com\/ca\/wp-json\/wp\/v2\/types\/post"}],"author":[{"embeddable":true,"href":"https:\/\/www.monempresarial.com\/ca\/wp-json\/wp\/v2\/users\/8"}],"replies":[{"embeddable":true,"href":"https:\/\/www.monempresarial.com\/ca\/wp-json\/wp\/v2\/comments?post=1456"}],"version-history":[{"count":1,"href":"https:\/\/www.monempresarial.com\/ca\/wp-json\/wp\/v2\/posts\/1456\/revisions"}],"predecessor-version":[{"id":47109,"href":"https:\/\/www.monempresarial.com\/ca\/wp-json\/wp\/v2\/posts\/1456\/revisions\/47109"}],"wp:featuredmedia":[{"embeddable":true,"href":"https:\/\/www.monempresarial.com\/ca\/wp-json\/wp\/v2\/media\/1457"}],"wp:attachment":[{"href":"https:\/\/www.monempresarial.com\/ca\/wp-json\/wp\/v2\/media?parent=1456"}],"wp:term":[{"taxonomy":"category","embeddable":true,"href":"https:\/\/www.monempresarial.com\/ca\/wp-json\/wp\/v2\/categories?post=1456"},{"taxonomy":"post_tag","embeddable":true,"href":"https:\/\/www.monempresarial.com\/ca\/wp-json\/wp\/v2\/tags?post=1456"}],"curies":[{"name":"wp","href":"https:\/\/api.w.org\/{rel}","templated":true}]}}