{"id":14810,"date":"2017-03-22T13:36:11","date_gmt":"2017-03-22T12:36:11","guid":{"rendered":"http:\/\/monempresarial.com\/?p=14810\/"},"modified":"2025-06-06T10:36:25","modified_gmt":"2025-06-06T08:36:25","slug":"entrevista-a-carles-ayats-president-de-la-delegacio-al-valles-oriental-de-la-cambra-de-comerc-de-barcelona","status":"publish","type":"post","link":"https:\/\/www.monempresarial.com\/ca\/2017\/03\/22\/entrevista-a-carles-ayats-president-de-la-delegacio-al-valles-oriental-de-la-cambra-de-comerc-de-barcelona\/","title":{"rendered":"Entrevista a Delf\u00ed Robinat,<\/span> president de la Cambra de Comer\u00e7 de T\u00e0rrega"},"content":{"rendered":"<h4 style=\"color: #000000;\">Capital de l\u2019Urgell, T\u00e0rrega concentra gaireb\u00e9 la meitat de la poblaci\u00f3 d\u2019aquesta comarca lleidatana, uns 16.500 habitants. \u00c9s un municipi dedicat, en gran mesura, al comer\u00e7 i al sector serveis, i destaca per albergar un dels esdeveniments culturals m\u00e9s coneguts arreu d\u2019Europa: la Fira de Teatre al Carrer de T\u00e0rrega. De l\u2019activitat firal, empresarial i econ\u00f2mica del municipi n\u2019hem parlat amb Delf\u00ed Robinat, president de la Cambra de Comer\u00e7 m\u00e9s petita de Catalunya.<\/h4>\n<p>Text: <a style=\"color: #5b366a;\" href=\"http:\/\/monempresarial.com\/author\/redaccio\/\">Redacci\u00f3<\/a>\u00a0\u00a0\u00a0Fotos: <span style=\"color: #5b366a;\">Cambra de Comer\u00e7 de T\u00e0rrega \/ Ajuntament de T\u00e0rrega<\/span><\/p>\n<hr style=\"color: #b72126;\" \/>\n<figure id=\"attachment_14818\" aria-describedby=\"caption-attachment-14818\" style=\"width: 272px\" class=\"wp-caption alignright\"><img decoding=\"async\" loading=\"lazy\" class=\"wp-image-14818\" src=\"http:\/\/monempresarial.com\/wp-content\/uploads\/2017\/03\/000-0030-1.jpg\" alt=\"Robinat reconeix que a T\u00e0rrega la crisi ha deixat la seva petjada, \u201csobretot en el comer\u00e7\u201d, un sector que, malgrat la recuperaci\u00f3, \u201cs\u2019ha de continuar potenciant i defensant\u201d.\" width=\"272\" height=\"415\" srcset=\"https:\/\/www.monempresarial.com\/wp-content\/uploads\/2017\/03\/000-0030-1.jpg 3168w, https:\/\/www.monempresarial.com\/wp-content\/uploads\/2017\/03\/000-0030-1-197x300.jpg 197w, https:\/\/www.monempresarial.com\/wp-content\/uploads\/2017\/03\/000-0030-1-671x1024.jpg 671w, https:\/\/www.monempresarial.com\/wp-content\/uploads\/2017\/03\/000-0030-1-197x300@2x.jpg 394w, https:\/\/www.monempresarial.com\/wp-content\/uploads\/2017\/03\/000-0030-1-671x1024@2x.jpg 1342w\" sizes=\"(max-width: 272px) 100vw, 272px\" \/><figcaption id=\"caption-attachment-14818\" class=\"wp-caption-text\">Robinat reconeix que a T\u00e0rrega la crisi ha deixat la seva petjada, \u201csobretot en el comer\u00e7\u201d, un sector que, malgrat la recuperaci\u00f3, \u201cs\u2019ha de continuar potenciant i defensant\u201d.<\/figcaption><\/figure>\n<p><span style=\"color: #5b366a; font-weight: bold;\">Tenint en compte que presideix l\u2019entitat des de l\u2019any 2002, quina \u00e9s la millor i la pitjor part de capitanejar la Cambra de Comer\u00e7 amb el pressupost m\u00e9s baix de les 13 que hi ha a Catalunya?<\/span><br \/>\nSempre ho he vist com una oportunitat. Tenim una estructura molt equilibrada, sense passius i un edifici molt emblem\u00e0tic en el qual no hi ha cap part hipotecada. I \u00e9s gr\u00e0cies a les exportacions de les empreses del territori que podem equilibrar m\u00e9s o menys el nostre pressupost. Dit aix\u00f2, una altra de les vies d\u2019ingressos importants de la Cambra s\u00f3n els certificats d\u2019origen: documents destinats a provar l\u2019origen de les mercaderies, a autentificar que s\u00f3n d\u2019origen comunitari.<br \/>\n\u00c9s cert que som la Cambra m\u00e9s petita per dimensi\u00f3, per\u00f2 som grans quant a la nostra capacitat d\u2019arrelament al territori i de proximitat amb les empreses. Tamb\u00e9 impulsem iniciatives que han comptat amb la pres\u00e8ncia de figures d\u2019alt nivell com ara Antoni Brufau (president de Repsol), Jose Mar\u00eda Gay de Li\u00e9bana, el president Puigdemont o la Junta Directiva del Bar\u00e7a.<\/p>\n<p><span style=\"color: #5b366a; font-weight: bold;\">Com definiria la situaci\u00f3 econ\u00f2mica actual de la ciutat? Comencen a veure els primers signes de recuperaci\u00f3 quant al sector serveis?<\/span><br \/>\nA T\u00e0rrega, com ha passat a la resta del pa\u00eds, la crisi ens ha afectat molt, i sobretot al comer\u00e7 per la caiguda del consum. Ara sembla que les coses comencen a remuntar, per\u00f2 \u00e9s un sector que hem de potenciar i defensar perqu\u00e8 la nostra \u00e9s una ciutat comercial.<\/p>\n<p><span style=\"color: #5b366a; font-weight: bold;\">Quins creu que s\u00f3n els factors determinants perqu\u00e8 el comer\u00e7 de proximitat planti cara a l\u2019arribada continuada de franqu\u00edcies a T\u00e0rrega?<\/span><br \/>\nT\u00e0rrega t\u00e9 una gran tradici\u00f3 comercial amb uns trets caracter\u00edstics molt marcats. La majoria de locals s\u00f3n propis, \u00e9s a dir, han passat de generaci\u00f3 en generaci\u00f3, i aquells que hi treballen s\u00f3n gent molt professional, que saben atendre i aconsellar molt b\u00e9 el client. I aix\u00f2, malgrat que els centres comercials i les franqu\u00edcies els preguin cada vegada m\u00e9s relleu, empeny gran part de la poblaci\u00f3 a tornar a la botiga tradicional, a la de sempre.<\/p>\n<blockquote>\n<h2 style=\"color: #5b366a;\">\u201c\u00c9s cert que som la Cambra m\u00e9s petita [de Catalunya] per dimensi\u00f3, per\u00f2 som grans quant a la nostra capacitat d\u2019arrelament al territori i de proximitat amb les empreses.\u201d<\/h2>\n<\/blockquote>\n<p><span style=\"color: #5b366a; font-weight: bold;\">I qu\u00e8 me\u2019n diu de la industria agroaliment\u00e0ria, un dels vostres punts forts?<\/span><br \/>\nAqu\u00ed sempre ha predominat l\u2019agricultura de sec\u00e0 (el cultiu de cereals), per\u00f2 ara, amb la inversi\u00f3 del Segarra-Garrigues, viurem un transformaci\u00f3 de la industria agroaliment\u00e0ria molt important. \u00c9s una obra lenta, per\u00f2 a T\u00e0rrega, amb el Canalet en funcionament, ens trobem a la part final. \u00c9s vital perqu\u00e8 puguem incorporar cultius i productes nous, diferents del cereal i que tinguin un valor afegit alt. De fet, el Grup Borges va impulsar la plantaci\u00f3 dels primers pistatxers en regadiu fa poc m\u00e9s d\u2019un any i ja estan donant els seus primers fruits.<br \/>\n<img decoding=\"async\" loading=\"lazy\" class=\"wp-image-14816 aligncenter\" src=\"http:\/\/monempresarial.com\/wp-content\/uploads\/2017\/03\/T\u00c0RREGA-\u00b7-Foto-1.jpg\" alt=\"\" width=\"652\" height=\"404\" srcset=\"https:\/\/www.monempresarial.com\/wp-content\/uploads\/2017\/03\/T\u00c0RREGA-\u00b7-Foto-1.jpg 1000w, https:\/\/www.monempresarial.com\/wp-content\/uploads\/2017\/03\/T\u00c0RREGA-\u00b7-Foto-1-300x186.jpg 300w, https:\/\/www.monempresarial.com\/wp-content\/uploads\/2017\/03\/T\u00c0RREGA-\u00b7-Foto-1-300x186@2x.jpg 600w\" sizes=\"(max-width: 652px) 100vw, 652px\" \/><br \/>\n<span style=\"color: #5b366a; font-weight: bold;\">Ja que ha fet refer\u00e8ncia al Grup Borges, empresa l\u00edder en exportaci\u00f3 dels seus productes, quin rol juguen les vendes al mercat exterior a T\u00e0rrega?<\/span><br \/>\nM\u00e9s del 70% de la facturaci\u00f3 que suma Borges prov\u00e9 de les exportacions. I el cas dels Turrons Vicens d\u2019Agramunt tamb\u00e9 \u00e9s similar. Ara b\u00e9, a la Cambra representem 3.000 empreses, per\u00f2 nom\u00e9s una desena d\u2019elles facturen m\u00e9s de 15 milions d\u2019euros. Amb aix\u00f2 vull dir que b\u00e0sicament el teixit empresarial el composen pimes de mercat local que no exporten.<\/p>\n<blockquote>\n<h2 style=\"color: #5b366a;\">\u201cA la Cambra representem m\u00e9s de 3.000 empreses, sobretot pimes de mercat local. Nom\u00e9s 10 d\u2019elles tenen una facturaci\u00f3 superior als 15 milions d\u2019euros.\u201d<\/h2>\n<\/blockquote>\n<p><span style=\"color: #5b366a; font-weight: bold;\"><img decoding=\"async\" loading=\"lazy\" class=\"alignright wp-image-14820 \" src=\"http:\/\/monempresarial.com\/wp-content\/uploads\/2017\/03\/Sin-t\u00edtulo-1-2.jpg\" alt=\"\" width=\"265\" height=\"663\" srcset=\"https:\/\/www.monempresarial.com\/wp-content\/uploads\/2017\/03\/Sin-t\u00edtulo-1-2.jpg 311w, https:\/\/www.monempresarial.com\/wp-content\/uploads\/2017\/03\/Sin-t\u00edtulo-1-2-120x300.jpg 120w, https:\/\/www.monempresarial.com\/wp-content\/uploads\/2017\/03\/Sin-t\u00edtulo-1-2-120x300@2x.jpg 240w\" sizes=\"(max-width: 265px) 100vw, 265px\" \/>Tampoc no podem passar per alt l\u2019activitat firal de la seva ciutat. Enguany han celebrat la 36a Fira de Teatre al Carrer de T\u00e0rrega, un dels cert\u00e0mens d&#8217;arts esc\u00e8niques m\u00e9s rellevants a Espanya i a Europa. Quin \u00e9s el balan\u00e7 que fa com a president de la Cambra de la recent edici\u00f3?<\/span><br \/>\nMolt positiva, la veritat. Un estudi encarregat a l\u2019empresa Ceres (amb dades de les edicions de 2013 i 2014) va concloure que prop del 75% de les companyies catalanes de la secci\u00f3 oficial s\u00f3n contractades arran de la seva participaci\u00f3 a la Fira. A m\u00e9s a m\u00e9s, segons el mateix informe, cada euro que les institucions inverteixen a la Fira genera un retorn de set.<\/p>\n<p><span style=\"color: #5b366a; font-weight: bold;\">\u00c9s evident que la Fira \u00e9s un actiu consolidat a T\u00e0rrega, per\u00f2 mirant cap al futur, quines s\u00f3n les vostres reclamacions per a la millora econ\u00f2mica de la ciutat?<\/span><br \/>\nA la Cambra treballem per a la defensa dels interessos generals del comer\u00e7 i de la ind\u00fastria i, per aquest motiu, demanem unes bones infraestructures. Hem d\u2019aprofitar que estem a la vora de Barcelona, Tarragona, Saragossa i Andorra.<br \/>\nA tall d\u2019exemple, fa anys que reclamem la reforma de la famosa C-14, carretera que va des de T\u00e0rrega a Montblanc i que es troba en un estat for\u00e7a precari. Despr\u00e9s, evidentment, tamb\u00e9 ens perjudica que el trajecte per anar Barcelona amb la l\u00ednia R12 sigui de m\u00e9s de dues hores i mitja&#8230; S\u2019ha d\u2019invertir per a millorar l\u2019acc\u00e9s a la ciutat i la seva promoci\u00f3.<\/p>\n","protected":false},"excerpt":{"rendered":"<p>Capital de l\u2019Urgell, T\u00e0rrega concentra gaireb\u00e9 la meitat de la poblaci\u00f3 d\u2019aquesta comarca lleidatana, uns 16.500 habitants. \u00c9s un municipi dedicat, en gran mesura, al comer\u00e7 i al sector serveis, i destaca per albergar un dels esdeveniments culturals m\u00e9s coneguts arreu d\u2019Europa: la Fira de Teatre al Carrer de T\u00e0rrega. De l\u2019activitat firal, empresarial i [&hellip;]<\/p>\n","protected":false},"author":1,"featured_media":14822,"comment_status":"open","ping_status":"open","sticky":false,"template":"","format":"standard","meta":{"_mi_skip_tracking":false,"mc4wp_mailchimp_campaign":[],"jnews-multi-image_gallery":[],"jnews_single_post":[],"jnews_primary_category":[]},"categories":[10820,10821,9,23,10825],"tags":[5179,5180,141,5178],"_links":{"self":[{"href":"https:\/\/www.monempresarial.com\/ca\/wp-json\/wp\/v2\/posts\/14810"}],"collection":[{"href":"https:\/\/www.monempresarial.com\/ca\/wp-json\/wp\/v2\/posts"}],"about":[{"href":"https:\/\/www.monempresarial.com\/ca\/wp-json\/wp\/v2\/types\/post"}],"author":[{"embeddable":true,"href":"https:\/\/www.monempresarial.com\/ca\/wp-json\/wp\/v2\/users\/1"}],"replies":[{"embeddable":true,"href":"https:\/\/www.monempresarial.com\/ca\/wp-json\/wp\/v2\/comments?post=14810"}],"version-history":[{"count":1,"href":"https:\/\/www.monempresarial.com\/ca\/wp-json\/wp\/v2\/posts\/14810\/revisions"}],"predecessor-version":[{"id":46248,"href":"https:\/\/www.monempresarial.com\/ca\/wp-json\/wp\/v2\/posts\/14810\/revisions\/46248"}],"wp:featuredmedia":[{"embeddable":true,"href":"https:\/\/www.monempresarial.com\/ca\/wp-json\/wp\/v2\/media\/14822"}],"wp:attachment":[{"href":"https:\/\/www.monempresarial.com\/ca\/wp-json\/wp\/v2\/media?parent=14810"}],"wp:term":[{"taxonomy":"category","embeddable":true,"href":"https:\/\/www.monempresarial.com\/ca\/wp-json\/wp\/v2\/categories?post=14810"},{"taxonomy":"post_tag","embeddable":true,"href":"https:\/\/www.monempresarial.com\/ca\/wp-json\/wp\/v2\/tags?post=14810"}],"curies":[{"name":"wp","href":"https:\/\/api.w.org\/{rel}","templated":true}]}}