{"id":14995,"date":"2017-04-04T10:24:14","date_gmt":"2017-04-04T08:24:14","guid":{"rendered":"http:\/\/monempresarial.com\/?p=14995\/"},"modified":"2025-09-25T10:04:48","modified_gmt":"2025-09-25T08:04:48","slug":"entrevista-a-ada-colau-alcaldessa-barcelona","status":"publish","type":"post","link":"https:\/\/www.monempresarial.com\/ca\/2017\/04\/04\/entrevista-a-ada-colau-alcaldessa-barcelona\/","title":{"rendered":"Entrevista a Ada Colau<\/span>: \u201cLes ciutats estem cridades a ser un agent pol\u00edtic cada cop m\u00e9s important\u201d"},"content":{"rendered":"<p><strong>L\u2019any 2015 es va convertir en la primera dona al capdavant del consistori barcelon\u00ed encap\u00e7alant un nou partit pol\u00edtic, Barcelona en Com\u00fa, que aglutinava un grup de persones provinents, com ella, del moviment ve\u00efnal, l\u2019acad\u00e8mia i l\u2019activisme social. A punt d\u2019assolir l\u2019equador del seu mandat, repassem amb Ada Colau (Barcelona, 1974) quins objectius fundacionals prevalen i quins \u00e0mbits s\u00f3n els que ara ocupen la primera plana de l\u2019agenda pol\u00edtica de la ciutat.<\/strong><\/p>\n<p>Text: <span style=\"color: #b6995b; font-weight: bold;\">Esther Escol\u00e1n<\/span><br \/>\nFotos: <span style=\"color: #b6995b; font-weight: bold;\">Ignacio Adeva<\/span><\/p>\n<hr style=\"color: #b72126;\" \/>\n<p><span style=\"color: #b6995b; font-weight: bold;\"><img decoding=\"async\" loading=\"lazy\" class=\"alignright size-full wp-image-14998\" src=\"http:\/\/monempresarial.com\/wp-content\/uploads\/2017\/04\/INA19966.jpg\" alt=\"\" width=\"283\" height=\"680\" srcset=\"https:\/\/www.monempresarial.com\/wp-content\/uploads\/2017\/04\/INA19966.jpg 283w, https:\/\/www.monempresarial.com\/wp-content\/uploads\/2017\/04\/INA19966-125x300.jpg 125w, https:\/\/www.monempresarial.com\/wp-content\/uploads\/2017\/04\/INA19966-125x300@2x.jpg 250w\" sizes=\"(max-width: 283px) 100vw, 283px\" \/>Quins factors creu que van afavorir la seva elecci\u00f3 com a alcaldessa?<\/span><br \/>\nQue, contra tot pron\u00f2stic, jo hagi acabat al capdavant de l\u2019Ajuntament de Barcelona \u00e9s sobretot m\u00e8rit d\u2019una ciutat tan excepcional que ha fet possible aquest canvi. Jo en s\u00f3c la cara visible, per\u00f2 tinc molt clar que no seria aqu\u00ed si al darrere no hi hagu\u00e9s un canvi realment substantiu i col\u2022lectiu a nivell cultural.<\/p>\n<p><span style=\"color: #b6995b; font-weight: bold;\">Precisament vost\u00e8s proposaven un mandat de canvi i de di\u00e0leg. En quins \u00e0mbits s\u2019ha avan\u00e7at m\u00e9s?<\/span><br \/>\nEl m\u00e9s important \u00e9s que, tan bon punt hem arribat, hem aconseguit canviar radicalment l\u2019agenda pol\u00edtica. Temes abans secundaris, com les persones, ara s\u00f3n prioritaris. I aix\u00f2 es tradueix, evidentment, en all\u00f2 que ens vam comprometre, que \u00e9s a prioritzar la pol\u00edtica social en un moment en qu\u00e8 el principal repte de la ciutat continua sent la desigualtat.<\/p>\n<p><span style=\"color: #b6995b; font-weight: bold;\">I com s\u2019encara aquest repte? Qu\u00e8 ha fet el seu govern per combatre el creixement d\u2019aquestes desigualtats?<\/span><br \/>\nHem duplicat la inversi\u00f3 social en els pressupostos; s\u2019ha fet un pla de xoc social en qu\u00e8 s\u2019han triplicat els plans d\u2019ocupaci\u00f3 laboral; s\u2019ha duplicat la renda infantil per a les fam\u00edlies amb menys ingressos, s\u2019ha triplicat el nombre de beques menjador, etc. Avui hi ha una s\u00e8rie d\u2019inversi\u00f3 social necess\u00e0ria per a les persones de la ciutat que pitjor ho estaven passant.<\/p>\n<p><span style=\"color: #b6995b; font-weight: bold;\">Al marge d\u2019aquests ajuts, quins altres canvis estructurals estan promovent?<\/span><br \/>\nMolts i molt diversos. I \u00e9s ara, a mig mandat i fruit d\u2019aquest canvi de prioritats que d\u00e8iem, quan s\u2019estan comen\u00e7ant a veure. Tant en mat\u00e8ria de pol\u00edtica social (hi destaquen les pol\u00edtiques d\u2019habitatge en les quals hem quadruplicat la inversi\u00f3), com, tamb\u00e9, en l\u2019\u00e0mbit econ\u00f2mic (on hem fet quelcom totalment necessari en aquesta ciutat, que \u00e9s governar el turisme per garantir, precisament, la seva sostenibilitat).<\/p>\n<blockquote>\n<h2 style=\"color: #b6995b;\">Sobre el PEUAT: \u201cL\u2019\u00fanic que vam constatar \u00e9s que calia posar ordre, ja que, despr\u00e9s que els allotjaments tur\u00edstics creixessin un 18% en sols cinc anys, hi havia indicis de bombolla i desequilibri. Calia un lideratge p\u00fablic i governar amb una mirada a llarg termini, i no merament electoralista.\u201d<\/h2>\n<\/blockquote>\n<p><span style=\"color: #b6995b; font-weight: bold;\">Justament, parli\u2019m de com es va gestar el Pla d\u2019Allotjaments Tur\u00edstics, conegut com el PEUAT.<\/span><br \/>\nAl principi, tothom se\u2019ns va tirar al damunt dient que aix\u00f2 frenaria el turisme; ara hem demostrat que no nom\u00e9s no ha passat aix\u00f2, sin\u00f3 que l\u2019activitat tur\u00edstica \u2013que representa el 13% del nostre PIB\u2013 ha continuat creixent. L\u2019\u00fanic que vam constatar \u00e9s que calia posar ordre, ja que, despr\u00e9s que els allotjaments tur\u00edstics creixessin un 18% en sols cinc anys, hi havia indicis de bombolla i desequilibri. Calia un lideratge p\u00fablic i governar amb una mirada a llarg termini, i no merament electoralista pensada per a un per\u00edode de quatre anys.<\/p>\n<p><span style=\"color: #b6995b; font-weight: bold;\"><br \/>\nQuins eixos conformen, doncs, aquesta intervenci\u00f3 a llarg termini?<\/span><br \/>\nEn l\u2019\u00e0mbit tur\u00edstic, es basa a desenvolupar un pla que no nom\u00e9s contempla la regulaci\u00f3, sin\u00f3 tamb\u00e9 una major diversificaci\u00f3. Estem treballant per potenciar l\u2019economia digital. Ara s\u2019acaba de celebrar el Mobile World Congress, el qual ens d\u00f3na visibilitat a nivell mundial, per\u00f2 cal que siguem capa\u00e7os d\u2019aprofitar aquest impacte tot l\u2019any per desenvolupar un teixit productiu d\u2019startups. Barcelona est\u00e0 molt ben posicionada a Europa per ser un hub d\u2019startups i estem treballant de manera conjunta amb la Fundaci\u00f3 de la Capitalitat del M\u00f2bil per aconseguir-ho. Tamb\u00e9 hem afavorit l\u2019acc\u00e9s al Mobile, a trav\u00e9s de Barcelona Activa, a un grup de pimes que d\u2019una altra manera no ho hauria pogut fer. L\u2019any passat van accedir-hi 10 startups i enguany, 24. Tamb\u00e9 hem promogut l\u2019acc\u00e9s de 50 petites empreses de pol\u00edgons industrials perif\u00e8rics com el del Bes\u00f2s.<\/p>\n<p><span style=\"color: #b6995b; font-weight: bold;\">Altres \u00e0mbits com l\u2019economia verda i social tamb\u00e9 s\u2019estan impulsant, no \u00e9s aix\u00ed?<\/span><br \/>\nBarcelona acumula una gran traject\u00f2ria en economia social i cooperativa, un \u00e0mbit que genera milers de llocs de treball i on s\u2019estan produint experi\u00e8ncies innovadores. Hem donat un impuls definitiu a Can Batll\u00f3, un projecte que, al seu torn, ha donat lloc a Coopolis, una cantera de cooperatives. El canvi de prioritats ha afavorit tamb\u00e9 que posar fre a la contaminaci\u00f3 esdevingui un imperatiu, quelcom que passa per plans de mobilitat que han fet que es tripliquin els carrils bici en nom\u00e9s dos anys; i per una forta aposta pel transport p\u00fablic, congelant tarifes i augmentant-ne la inversi\u00f3. Tamb\u00e9 estem treballant en una estrat\u00e8gia articulada de contaminaci\u00f3 amb tota l\u2019\u00e0rea metropolitana i els seus ajuntaments.<\/p>\n<blockquote>\n<h2 style=\"color: #b6995b;\">\u201cSi b\u00e9 \u00e9s cert que la pol\u00edtica laboral no \u00e9s compet\u00e8ncia estrictament municipal (..) hem destinat 240 milions d\u2019euros a habitatge i promoci\u00f3 econ\u00f2mica, dos temes estrat\u00e8gics com a ciutat, fent \u00e8mfasi en aut\u00f2noms i pimes, que constitueixen m\u00e9s del 90% del teixit econ\u00f2mic real.\u201d<\/h2>\n<\/blockquote>\n<p><span style=\"color: #b6995b; font-weight: bold;\"><img decoding=\"async\" loading=\"lazy\" class=\"size-full wp-image-15001 alignleft\" src=\"http:\/\/monempresarial.com\/wp-content\/uploads\/2017\/04\/Ada.jpg\" alt=\"\" width=\"378\" height=\"567\" srcset=\"https:\/\/www.monempresarial.com\/wp-content\/uploads\/2017\/04\/Ada.jpg 378w, https:\/\/www.monempresarial.com\/wp-content\/uploads\/2017\/04\/Ada-200x300.jpg 200w\" sizes=\"(max-width: 378px) 100vw, 378px\" \/>Quin paper juguen emprenedors i aut\u00f2noms dins d\u2019aquest ecosistema a priori ple d\u2019oportunitats? Ho tenen suficientment f\u00e0cil?<\/span><br \/>\nFins ara, clarament no! I ho dic com a exaut\u00f2noma que sap perfectament de qu\u00e8 va la hist\u00f2ria. Et tracten com si fossis un gran empresari que tingu\u00e9s una gran estructura quan \u00e9s tot el contrari. Si b\u00e9 \u00e9s cert que la pol\u00edtica laboral no \u00e9s compet\u00e8ncia estrictament municipal, reconeixem que fins ara no hi havia prou pol\u00edtiques de suport, i hem volgut implicar-nos a revertir la situaci\u00f3. Per aix\u00f2 hem destinat 240 milions d\u2019euros a habitatge i promoci\u00f3 econ\u00f2mica, dos temes estrat\u00e8gics com a ciutat, fent \u00e8mfasi en aut\u00f2noms i pimes, que constitueixen m\u00e9s del 90% del teixit econ\u00f2mic real.<\/p>\n<p><span style=\"color: #b6995b; font-weight: bold;\">A trav\u00e9s de quins instruments estan impulsant aquestes dues esferes?<\/span><br \/>\nA trav\u00e9s d\u2019equipaments com Barcelona Activa i de mecanismes indirectes com \u00e9s la contractaci\u00f3 p\u00fablica, on hem elaborat per primer cop una guia de contractaci\u00f3 que fixa les premisses socials i mediambientals que han de complir les empreses que vulguin treballar amb l\u2019Ajuntament de Barcelona, i que tamb\u00e9 ha servit per facilitar l\u2019acc\u00e9s de les pimes a la gran contractaci\u00f3 p\u00fablica. A la guia tamb\u00e9 hem fixat que una gran empresa que treballi amb nosaltres ha de complir els requisits de l\u2019Ajuntament pel que fa al pagament dels seus prove\u00efdors, de manera que si no els paga a temps sigui l\u2019Ajuntament qui ho faci directament. D\u2019alguna manera, ens fem corresponsables de les bones pr\u00e0ctiques dels nostres prove\u00efdors.<\/p>\n<blockquote>\n<h2 style=\"color: #b6995b;\">\u201cJo no recordo que a cap dels meus predecessors homes els hagin crivellat amb preguntes com s\u2019ho farien per combinar paternitat i alcaldia. En el meu cas, en canvi, tothom ha opinat sobre si m\u2019havia d\u2019agafar la baixa! Per\u00f2 si el meu embar\u00e0s ha servit per traslladar el debat a la primera plana pol\u00edtica i medi\u00e0tica, a mi ja em serveix\u201d<\/h2>\n<\/blockquote>\n<p><span style=\"color: #b6995b; font-weight: bold;\">A la corresponsabilitat, no obstant, encara li queda molt cam\u00ed per rec\u00f3rrer, sobretot en l\u2019\u00e0mbit familiar, un fet que incideix especialment en la carrera professional de les dones. Com ho viu vost\u00e8?<\/span><br \/>\n\u00c9s un tema que jo particularment porto molt b\u00e9. Estic vivint aquesta segona maternitat molt feli\u00e7 i conven\u00e7uda. La decisi\u00f3 m\u00e9s saludable que vaig prendre l\u2019any passat ha estat quedar-me embarassada. Ara b\u00e9, el que sobta i no hauria de sobtar \u00e9s que, tan aviat com vaig fer-ho p\u00fablic, va iniciar-se una pol\u00e8mica que no cal. I aqu\u00ed \u00e9s on veus que hi ha alguna cosa que no funciona. Jo no recordo que a cap dels meus predecessors homes els hagin crivellat amb preguntes sobre com s\u2019ho farien per combinar paternitat i alcaldia. En el meu cas, en canvi, tothom ha opinat sobre si m\u2019havia d\u2019agafar la baixa! Per\u00f2 si el meu embar\u00e0s ha servit per traslladar el debat a la primera plana pol\u00edtica i medi\u00e0tica, a mi ja em serveix.<\/p>\n<p><span style=\"color: #b6995b; font-weight: bold;\">La soluci\u00f3 a la conciliaci\u00f3 passa, en la seva opini\u00f3, per fixar les bases d\u2019una paternitat compartida entre ambd\u00f3s g\u00e8neres?<\/span><br \/>\nNosaltres hem situat el tema de les dones i la conciliaci\u00f3 en el centre de la nostra agenda. La tasca de tenir cura \u00e9s una feina necess\u00e0ria socialment; una altra cosa \u00e9s que no hagi estat valorada ni computada. \u00c9s essencial per a la vida tant d\u2019homes com de dones, d\u2019aqu\u00ed que calgui avan\u00e7ar cap a la idea de corresponsabilitat, perqu\u00e8 la crian\u00e7a o la cura de persones grans i\/o dependents no \u00e9s tasca exclusivament d\u2019elles. \u00c9s un tema que afecta de ple al nostre model de ciutat i ha arribat per quedar-se.<\/p>\n<blockquote>\n<h2 style=\"color: #b6995b;\">&#8220;Al final del mandat caldr\u00e0 reflexionar com a formaci\u00f3 pol\u00edtica, per\u00f2 la meva predisposici\u00f3 existeix. Quan arribes t\u2019adones que totes les pol\u00edtiques que necessita una gran ciutat no poden implementar-se en nom\u00e9s quatre anys.\u201d<\/h2>\n<\/blockquote>\n<p><span style=\"color: #b6995b; font-weight: bold;\"><img decoding=\"async\" loading=\"lazy\" class=\"alignright wp-image-14997\" src=\"http:\/\/monempresarial.com\/wp-content\/uploads\/2017\/04\/INA10348.jpg\" alt=\"\" width=\"363\" height=\"497\" \/>I vost\u00e8, tamb\u00e9 es queda? Ada Colau es presentar\u00e0 novament a l\u2019alcaldia de Barcelona, un cop expiri aquest mandat?<\/span><br \/>\nAl final del mandat caldr\u00e0 reflexionar com a formaci\u00f3 pol\u00edtica, per\u00f2 la meva predisposici\u00f3 existeix. Quan arribes t\u2019adones que totes les pol\u00edtiques que necessita una gran ciutat no poden implementar-se en nom\u00e9s quatre anys. Ara hem engegat un munt d\u2019actuacions que han modificat l\u2019agenda pol\u00edtica, per\u00f2 virar unes in\u00e8rcies tan fortes i observar resultats en actuacions que, a m\u00e9s, impliquen treballar de bracet amb altres administracions com la Generalitat o l\u2019Estat, requereixen dos o tres mandats.<\/p>\n<p><span style=\"color: #b6995b; font-weight: bold;\">Alguna altra aspiraci\u00f3 pol\u00edtica?<\/span><br \/>\nEstar al capdavant de l\u2019Ajuntament \u00e9s un ideal de m\u00e0xima realitzaci\u00f3. De vegades em pregunten si penso en la Generalitat o l\u2019Estat, com si un Ajuntament fos poca cosa, quan \u00e9s l\u2019administraci\u00f3 m\u00e9s propera a la ciutadania. Actualment, les ciutats estem cridades a ser un agent pol\u00edtic cada cop m\u00e9s important, una visi\u00f3 que ja va tenir Pasqual Maragall. En un moment global com l\u2019actual, on tot evoluciona tan r\u00e0pidament, els estats s\u2019han estancat com estructures obsoletes que no s\u2019encarreguen de temes que cal prioritzar. La ciutadania va per davant seu pel que fa a treballar en xarxa i per objectius. Nosaltres ens hem unit amb altres ciutats de l\u2019\u00e0rea metropolitana, Catalunya, Espanya, Europa, Am\u00e8rica Llatina, etc., per treballar en xarxa en temes com la millora de la contractaci\u00f3 p\u00fablica, la lluita contra el canvi clim\u00e0tic i els desnonaments, la crisi dels refugiats, etc. I aquest \u00e9s un element clau de la nova pol\u00edtica del segle XXI on les ciutats, com les dones, estem cridades a ser agents pol\u00edtics i de canvi.<\/p>\n","protected":false},"excerpt":{"rendered":"<p>L\u2019any 2015 es va convertir en la primera dona al capdavant del consistori barcelon\u00ed encap\u00e7alant un nou partit pol\u00edtic, Barcelona en Com\u00fa, que aglutinava un grup de persones provinents, com ella, del moviment ve\u00efnal, l\u2019acad\u00e8mia i l\u2019activisme social. A punt d\u2019assolir l\u2019equador del seu mandat, repassem amb Ada Colau (Barcelona, 1974) quins objectius fundacionals prevalen [&hellip;]<\/p>\n","protected":false},"author":1,"featured_media":15009,"comment_status":"open","ping_status":"open","sticky":false,"template":"","format":"standard","meta":{"_mi_skip_tracking":false,"mc4wp_mailchimp_campaign":[],"jnews-multi-image_gallery":[],"jnews_single_post":[],"jnews_primary_category":[]},"categories":[12,55],"tags":[5263,5264,5265,5266,8610,180,763,3950],"_links":{"self":[{"href":"https:\/\/www.monempresarial.com\/ca\/wp-json\/wp\/v2\/posts\/14995"}],"collection":[{"href":"https:\/\/www.monempresarial.com\/ca\/wp-json\/wp\/v2\/posts"}],"about":[{"href":"https:\/\/www.monempresarial.com\/ca\/wp-json\/wp\/v2\/types\/post"}],"author":[{"embeddable":true,"href":"https:\/\/www.monempresarial.com\/ca\/wp-json\/wp\/v2\/users\/1"}],"replies":[{"embeddable":true,"href":"https:\/\/www.monempresarial.com\/ca\/wp-json\/wp\/v2\/comments?post=14995"}],"version-history":[{"count":1,"href":"https:\/\/www.monempresarial.com\/ca\/wp-json\/wp\/v2\/posts\/14995\/revisions"}],"predecessor-version":[{"id":48124,"href":"https:\/\/www.monempresarial.com\/ca\/wp-json\/wp\/v2\/posts\/14995\/revisions\/48124"}],"wp:featuredmedia":[{"embeddable":true,"href":"https:\/\/www.monempresarial.com\/ca\/wp-json\/wp\/v2\/media\/15009"}],"wp:attachment":[{"href":"https:\/\/www.monempresarial.com\/ca\/wp-json\/wp\/v2\/media?parent=14995"}],"wp:term":[{"taxonomy":"category","embeddable":true,"href":"https:\/\/www.monempresarial.com\/ca\/wp-json\/wp\/v2\/categories?post=14995"},{"taxonomy":"post_tag","embeddable":true,"href":"https:\/\/www.monempresarial.com\/ca\/wp-json\/wp\/v2\/tags?post=14995"}],"curies":[{"name":"wp","href":"https:\/\/api.w.org\/{rel}","templated":true}]}}