{"id":15019,"date":"2017-04-19T12:06:22","date_gmt":"2017-04-19T10:06:22","guid":{"rendered":"http:\/\/monempresarial.com\/?p=15019\/"},"modified":"2025-09-25T10:04:24","modified_gmt":"2025-09-25T08:04:24","slug":"entrevista-a-jyrki-katainen-vicepresident-de-la-comissio-europea-per-a-locupacio-creixement-inversio-i-competitivitat","status":"publish","type":"post","link":"https:\/\/www.monempresarial.com\/ca\/2017\/04\/19\/entrevista-a-jyrki-katainen-vicepresident-de-la-comissio-europea-per-a-locupacio-creixement-inversio-i-competitivitat\/","title":{"rendered":"Entrevista a Jyrki Katainen,<\/span><\/span> vicepresident de la Comissi\u00f3 Europea per a l\u2019Ocupaci\u00f3, Creixement, Inversi\u00f3 i Competitivitat"},"content":{"rendered":"<p><strong>Jyrki Katainen (Siilinj\u00e4rvi, 1971) \u00e9s el vicepresident de la Comissi\u00f3 Europea per a l\u2019Ocupaci\u00f3, Creixement, Inversi\u00f3 i Competitivitat. Vinculat des de molt jove a la pol\u00edtica, va ser primer ministre de Finl\u00e0ndia. Ara \u00e9s l\u2019encarregat d\u2019un dels projectes estrella de l\u2019Executiu comunitari: el Pla d\u2019Inversi\u00f3 per a Europa (Pla Juncker). Durant tot un any va viatjar per tots els punts cardinals de la UE per explicar com recuperar la inversi\u00f3 perduda durant la crisi econ\u00f2mica. <\/strong><\/p>\n<p><strong>Text: <a style=\"color: #719f8c;\" href=\"http:\/\/monempresarial.com\/author\/eherrera\/\">Esther Herrera. Brussel\u00b7les<\/a><strong><br \/>\n<strong>Fotos: <a style=\"color: #719f8c;\">Comissi\u00f3 Europea<\/a><\/strong><\/strong><\/strong><\/p>\n<hr style=\"color: #b72126;\" \/>\n<p><span style=\"color: #719f8c; font-weight: bold;\"><img decoding=\"async\" loading=\"lazy\" class=\"alignright wp-image-15022\" src=\"http:\/\/monempresarial.com\/wp-content\/uploads\/2017\/04\/P025995001601-814134.jpg\" alt=\"\" width=\"452\" height=\"301\" srcset=\"https:\/\/www.monempresarial.com\/wp-content\/uploads\/2017\/04\/P025995001601-814134.jpg 3533w, https:\/\/www.monempresarial.com\/wp-content\/uploads\/2017\/04\/P025995001601-814134-300x200.jpg 300w, https:\/\/www.monempresarial.com\/wp-content\/uploads\/2017\/04\/P025995001601-814134-1024x683.jpg 1024w, https:\/\/www.monempresarial.com\/wp-content\/uploads\/2017\/04\/P025995001601-814134-252x167.jpg 252w, https:\/\/www.monempresarial.com\/wp-content\/uploads\/2017\/04\/P025995001601-814134-300x200@2x.jpg 600w, https:\/\/www.monempresarial.com\/wp-content\/uploads\/2017\/04\/P025995001601-814134-1024x683@2x.jpg 2048w, https:\/\/www.monempresarial.com\/wp-content\/uploads\/2017\/04\/P025995001601-814134-252x167@2x.jpg 504w\" sizes=\"(max-width: 452px) 100vw, 452px\" \/>El Pla Juncker est\u00e0 atraient la inversi\u00f3 que esperava?<\/span><br \/>\nTant el Fons Europeu d\u2019Inversions Estrat\u00e8giques (EFSI, en les seves sigles en angl\u00e8s) com els fons estructurals estan complint el seu rol. En termes generals, amb el Pla s\u2019han invertit 30.000 milions d\u2019euros en projectes, i esperem mobilitzar al voltant de 164.000 milions d\u2019euros en inversi\u00f3 real. Aix\u00f2 significa que, de moment, ja hem complert el 52% del nostre objectiu de mobilitzar 315.000 milions d\u2019euros d\u2019inversi\u00f3. Podem dir que estem aconseguint els nostres objectius, per\u00f2 encara queda feina per fer.<\/p>\n<p><span style=\"color: #719f8c; font-weight: bold;\">El Tribunal de Comptes de la UE va redactar un informe on posava en dubte el \u201cvalor afegit\u201d del Pla. Han seguit les seves recomanacions?<\/span><br \/>\nHi ha hagut quatre informes diferents: un d\u2019ells, del Tribunal de Comptes; i tres d\u2019altres que s\u00ed que constaten el seu valor afegit. Per tant, l\u2019opini\u00f3 del Tribunal de Comptes difereix dels altres tres. En qualsevol cas, ens prenem seriosament les seves cr\u00edtiques, i no nom\u00e9s aquestes, sin\u00f3 totes. I aquesta \u00e9s una de les raons per les quals volem canviar els criteris d\u2019elegibilitat de l\u2019EFSI. Volem assegurar-nos que no finan\u00e7arem carreteres, per exemple, a Alemanya, perqu\u00e8 dif\u00edcilment seria rendible. El valor afegit \u00e9s el valor fonamental de l\u2019EFSI.<\/p>\n<blockquote>\n<h2 style=\"color: #719f8c;\">&#8220;L\u2019economia col\u00b7laborativa tracta d\u2019augmentar la productivitat, crear un valor afegit i llocs de treball.&#8221;<\/h2>\n<\/blockquote>\n<p><span style=\"color: #719f8c; font-weight: bold;\">L\u2019economia de la UE est\u00e0 creixent de forma m\u00e9s lenta que la dels Estats Units. Est\u00e0 encaminada ja la recuperaci\u00f3?<\/span><br \/>\nEl creixement econ\u00f2mic l\u2019any passat va ser de l\u20191,7% a la UE. La nostra inflaci\u00f3 del desembre del 2016 va ser de l\u20191,8% en l\u00ednia amb el que aspira el BCE. La taxa d\u2019atur ha arribat als nivells m\u00e9s baixos des del 2009. I una de les raons d\u2019aix\u00f2 \u00e9s l\u2019aplicaci\u00f3 de reformes estructurals en els estats membres. Les reformes, tot i que sovint han estat pol\u00edticament doloroses, estan donant els seus fruits. Amb tot, el fet que la recuperaci\u00f3 arrib\u00e9s abans als Estats Units es deu al fet que nosaltres som 28 pa\u00efsos diferents amb les seves pr\u00f2pies pol\u00edtiques econ\u00f2miques; i els Estats Units n\u2019\u00e9s nom\u00e9s un.<\/p>\n<figure id=\"attachment_15021\" aria-describedby=\"caption-attachment-15021\" style=\"width: 591px\" class=\"wp-caption aligncenter\"><img decoding=\"async\" loading=\"lazy\" class=\"wp-image-15021\" src=\"http:\/\/monempresarial.com\/wp-content\/uploads\/2017\/04\/P025995000301-537059.jpg\" alt=\"El vicepresident de la CE d\u2019Ocupaci\u00f3, Creixement, Inversi\u00f3 i Competitivitat reconeix que Europa t\u00e9 grans reptes al capdavant. Entre ells, la regulaci\u00f3 de l\u2019economia col\u00b7laborativa al continent, per\u00f2 tamb\u00e9 la incertesa provinent dels Estats Units, o l\u2019augment del populisme en alguns pa\u00efsos i el Brexit.\" width=\"591\" height=\"394\" srcset=\"https:\/\/www.monempresarial.com\/wp-content\/uploads\/2017\/04\/P025995000301-537059.jpg 1640w, https:\/\/www.monempresarial.com\/wp-content\/uploads\/2017\/04\/P025995000301-537059-300x200.jpg 300w, https:\/\/www.monempresarial.com\/wp-content\/uploads\/2017\/04\/P025995000301-537059-1024x683.jpg 1024w, https:\/\/www.monempresarial.com\/wp-content\/uploads\/2017\/04\/P025995000301-537059-252x167.jpg 252w, https:\/\/www.monempresarial.com\/wp-content\/uploads\/2017\/04\/P025995000301-537059-300x200@2x.jpg 600w, https:\/\/www.monempresarial.com\/wp-content\/uploads\/2017\/04\/P025995000301-537059-252x167@2x.jpg 504w\" sizes=\"(max-width: 591px) 100vw, 591px\" \/><figcaption id=\"caption-attachment-15021\" class=\"wp-caption-text\">El vicepresident de la CE d\u2019Ocupaci\u00f3, Creixement, Inversi\u00f3 i Competitivitat reconeix que Europa t\u00e9 grans reptes al capdavant. Entre ells, la regulaci\u00f3 de l\u2019economia col\u00b7laborativa al continent, per\u00f2 tamb\u00e9 la incertesa provinent dels Estats Units, o l\u2019augment del populisme en alguns pa\u00efsos i el Brexit.<\/figcaption><\/figure>\n<p><span style=\"color: #719f8c; font-weight: bold;\">Molts estats membres no donen suport a l\u2019economia col\u00b7laborativa. Com es poden integrar aquestes plataformes en les nostres economies?<\/span><br \/>\nLa Comissi\u00f3 va publicar una guia per assessorar els estats membres. Des de llavors, he observat una actitud m\u00e9s neutra dels estats; perqu\u00e8 al principi la seva reacci\u00f3 va ser de malestar. Tanmateix, entenc que la legislaci\u00f3 dels estats pugui prohibir aquest tipus de plataformes, ho entenc, tot i que no crec que sigui correcte. La q\u00fcesti\u00f3 \u00e9s quan canviaran els estats membres el marc regulatori, perqu\u00e8 el m\u00f3n est\u00e0 canviant. Fa cent anys les persones es despla\u00e7aven sobretot amb cavalls i hi havia molt pocs cotxes. Puc imaginar-me que llavors tamb\u00e9 hi havia una regulaci\u00f3, per\u00f2 el sector del transport va haver d\u2019acceptar els autom\u00f2bils. Per aix\u00f2 recomano als estats membres que analitzin el seu marc regulatori des d\u2019aquesta perspectiva i deixin entrar nous models de negoci. Es tracta d\u2019augmentar la productivitat, crear un valor afegit i llocs de treball.<\/p>\n<blockquote>\n<h2 style=\"color: #719f8c;\">&#8220;Entenc la situaci\u00f3 d\u2019algunes ciutats amb molt de turisme, com Barcelona, on les plataformes que ofereixen allotjament poden distorsionar el sector, i entenc que aix\u00f2 s\u2019ha de regular. Per\u00f2 el que la Comissi\u00f3 Europea vol \u00e9s evitar que s\u2019hagin de prohibir aquests nous models de negoci.&#8221;<\/h2>\n<\/blockquote>\n<p><span style=\"color: #719f8c; font-weight: bold;\">Necessiten m\u00e9s temps?<\/span><br \/>\nS\u00ed, m\u00e9s temps, per\u00f2 tamb\u00e9 experi\u00e8ncies positives. Entenc la situaci\u00f3 d\u2019algunes ciutats amb molt de turisme, com Barcelona, on les plataformes que ofereixen allotjament poden distorsionar el sector, i entenc que aix\u00f2 s\u2019ha de regular. Per\u00f2 el que la Comissi\u00f3 Europea vol \u00e9s evitar que s\u2019hagin de prohibir aquests nous models de negoci. Per exemple, en alguns pa\u00efsos s\u2019apliquen l\u00edmits d\u2019un m\u00e0xim de 90 dies per poder llogar casa teva, aix\u00f2 \u00e9s una bona iniciativa. Per\u00f2 \u00e9s veritat que \u00e9s molt dif\u00edcil regular a nivell europeu perqu\u00e8 cada situaci\u00f3 \u00e9s diferent: la realitat \u00e9s diferent en un petit poble de Finl\u00e0ndia que a Barcelona, aix\u00ed que la mateixa regulaci\u00f3 no funciona en tots els casos.<\/p>\n<p><span style=\"color: #719f8c; font-weight: bold;\">Cada cop est\u00e0 tenint m\u00e9s import\u00e0ncia l\u2019economia circular. Tenen contactes amb la Xina, un dels pa\u00efsos que m\u00e9s hi aposta?<\/span><br \/>\nEl comissari Karmenu Vella [Medi Ambient] va viatjar a la Xina fa uns mesos i uns dels principals temes que hi va discutir va ser sobre l\u2019economia circular, i jo colidero un di\u00e0leg d\u2019alt nivell amb el vice-primer ministre xin\u00e8s. Estem molt satisfets que la Xina estigui tan interessada en aquest sector, perqu\u00e8 a la Comissi\u00f3 Europea pensem que ser\u00e0 la propera gran tend\u00e8ncia en l\u2019economia de mercat a nivell global.<\/p>\n<blockquote>\n<h2 style=\"color: #719f8c;\">&#8220;Estem molt satisfets que la Xina estigui tan interessada en aquest sector [l\u2019economia circular], perqu\u00e8 a la Comissi\u00f3 Europea pensem que ser\u00e0 la propera gran tend\u00e8ncia en l\u2019economia de mercat a nivell global.&#8221;<\/h2>\n<\/blockquote>\n<p><span style=\"color: #719f8c; font-weight: bold;\">La nova administraci\u00f3 Trump ha anunciat una nova etapa a favor del proteccionisme. Els preocupa quin pot ser el seu impacte a la UE?<\/span><br \/>\nAra \u00e9s dif\u00edcil de preveure com canviaran les pol\u00edtiques dels Estats Units. Per tant, \u00e9s encara m\u00e9s dif\u00edcil de saber l\u2019impacte d\u2019aquestes a mitj\u00e0-llarg termini. Per\u00f2 s\u00ed que podem dir que el proteccionisme mai no afavoreix el creixement de l\u2019economia, ni la creaci\u00f3 de llocs de treball a mitj\u00e0 termini; pot tenir un impacte positiu al principi, per\u00f2 a la llarga \u00e9s devastador per a l\u2019ocupaci\u00f3. Per aquesta ra\u00f3, la Comissi\u00f3 Europea ha dit clarament que la UE es posiciona a favor del lliure comer\u00e7 i per aix\u00f2 estem negociant actualment acords amb 20 pa\u00efsos. \u00c9s curi\u00f3s perqu\u00e8 abans de comen\u00e7ar a sentir a parlar de les idees sobre el proteccionisme des dels Estats Units, molts l\u00edders europeus es mostraven reticents als acords de lliure comer\u00e7. Per\u00f2 ara que el president Trump s\u2019hi ha posicionat en contra, molts l\u00edders d\u2019Europa i d\u2019arreu han sortit a defensar-los.<\/p>\n<p><img decoding=\"async\" loading=\"lazy\" class=\"aligncenter wp-image-15023\" src=\"http:\/\/monempresarial.com\/wp-content\/uploads\/2017\/04\/P032423000101-838524.jpg\" alt=\"\" width=\"609\" height=\"406\" srcset=\"https:\/\/www.monempresarial.com\/wp-content\/uploads\/2017\/04\/P032423000101-838524.jpg 1532w, https:\/\/www.monempresarial.com\/wp-content\/uploads\/2017\/04\/P032423000101-838524-300x200.jpg 300w, https:\/\/www.monempresarial.com\/wp-content\/uploads\/2017\/04\/P032423000101-838524-1024x682.jpg 1024w, https:\/\/www.monempresarial.com\/wp-content\/uploads\/2017\/04\/P032423000101-838524-252x167.jpg 252w, https:\/\/www.monempresarial.com\/wp-content\/uploads\/2017\/04\/P032423000101-838524-300x200@2x.jpg 600w, https:\/\/www.monempresarial.com\/wp-content\/uploads\/2017\/04\/P032423000101-838524-252x167@2x.jpg 504w\" sizes=\"(max-width: 609px) 100vw, 609px\" \/><\/p>\n<p><span style=\"color: #719f8c; font-weight: bold;\">\u00c9s, potser, el moment d\u2019acostar-se a d\u2019altres pa\u00efsos?<\/span><br \/>\nEls Estats Units s\u00f3n molt importants per a la UE i la UE \u00e9s important per als Estats Units. La relaci\u00f3 transatl\u00e0ntica \u00e9s fonamental en la nostra pol\u00edtica exterior i tamb\u00e9 en l\u2019economia, no hi ha cap dubte d\u2019aix\u00f2. Per\u00f2, alhora, apostem tamb\u00e9 per crear lligams amb d\u2019altres pa\u00efsos, perqu\u00e8 com va dir l\u2019Alta Representant [Federica] Mogherini: \u201cTenim m\u00e9s experi\u00e8ncia a fer caure els murs que no pas a construir-los.\u201d I aquesta \u00e9s la nostra pol\u00edtica. La nostra intenci\u00f3 \u00e9s crear aliances a tot arreu, all\u00e0 on els pa\u00efsos vulguin donar suport al multilateralisme. Les normes que van portar a la globalitzaci\u00f3 s\u00f3n les mateixes que els Estats Units han promogut durant anys, i ara s\u00f3n m\u00e9s necess\u00e0ries que mai. Est\u00e0 en el nostre inter\u00e8s, per\u00f2 tamb\u00e9 en el dels altres; perqu\u00e8 no volem donar suport a l\u2019unilateralisme enlloc.<\/p>\n<blockquote>\n<h2 style=\"color: #719f8c;\">&#8220;\u00c9s curi\u00f3s perqu\u00e8 abans de comen\u00e7ar a sentir a parlar de les idees sobre el proteccionsime des dels Estats Units, molts l\u00edders europeus es mostraven reticents als acords de lliure comer\u00e7. Per\u00f2 ara que el president Trump s\u2019hi ha posicionat en contra, molts l\u00edders d\u2019Europa i d\u2019arreu han sortit a defensar-lo.&#8221;<\/h2>\n<\/blockquote>\n<p><span style=\"color: #719f8c; font-weight: bold;\">En una Europa de <em>policrisi<\/em>, encara som a temps de superar-les?<\/span><br \/>\nTenim molts reptes que provenen tant de fora com de dins. De fora: la incertesa provinent dels Estats Units, sense saber quin impacte tindr\u00e0 en l\u2019economia o en la pol\u00edtica exterior; el terrorisme; la inestabilitat de pa\u00efsos ve\u00efns; o R\u00fassia, que \u00e9s imprevisible. Tot aix\u00f2 t\u00e9 un impacte negatiu a Europa i hem d\u2019afrontar-ho, per\u00f2 no tot est\u00e0 a les nostres mans. I, d\u2019altra banda, tamb\u00e9 tenim problemes interns: l\u2019augment del populisme en alguns pa\u00efsos o el Brexit. Estic segur que podem fer front a tots ells, per\u00f2 no \u00e9s correcte de pensar que totes aquestes contrarietats no existirien sense la UE. Necessitem governs que expliquin la seva visi\u00f3 d\u2019Europa, no dic que es glorifiqui, sin\u00f3 des d\u2019un punt de vista pragm\u00e0tic. Seria raonable que els l\u00edders i ciutadans hi donessin suport, perqu\u00e8 ells tamb\u00e9 s\u00f3n responsables d\u2019Europa.<\/p>\n<p><span style=\"color: #719f8c; font-weight: bold;\">Llegeix tamb\u00e9:\u00a0<a href=\"http:\/\/monempresarial.com\/2017\/04\/19\/els-limits-de-leconomia-collaborativa-a-europa\/\" target=\"_blank\" rel=\"noopener noreferrer\">Els l\u00edmits de l\u2019economia col\u00b7laborativa a Europa<\/a><\/span><\/p>\n","protected":false},"excerpt":{"rendered":"<p>Jyrki Katainen (Siilinj\u00e4rvi, 1971) \u00e9s el vicepresident de la Comissi\u00f3 Europea per a l\u2019Ocupaci\u00f3, Creixement, Inversi\u00f3 i Competitivitat. Vinculat des de molt jove a la pol\u00edtica, va ser primer ministre de Finl\u00e0ndia. Ara \u00e9s l\u2019encarregat d\u2019un dels projectes estrella de l\u2019Executiu comunitari: el Pla d\u2019Inversi\u00f3 per a Europa (Pla Juncker). Durant tot un any va [&hellip;]<\/p>\n","protected":false},"author":1,"featured_media":15025,"comment_status":"open","ping_status":"open","sticky":false,"template":"","format":"standard","meta":{"_mi_skip_tracking":false,"mc4wp_mailchimp_campaign":[],"jnews-multi-image_gallery":[],"jnews_single_post":[],"jnews_primary_category":[]},"categories":[9,10839,10815,10843,19],"tags":[4866,5272,251,611,853,895],"_links":{"self":[{"href":"https:\/\/www.monempresarial.com\/ca\/wp-json\/wp\/v2\/posts\/15019"}],"collection":[{"href":"https:\/\/www.monempresarial.com\/ca\/wp-json\/wp\/v2\/posts"}],"about":[{"href":"https:\/\/www.monempresarial.com\/ca\/wp-json\/wp\/v2\/types\/post"}],"author":[{"embeddable":true,"href":"https:\/\/www.monempresarial.com\/ca\/wp-json\/wp\/v2\/users\/1"}],"replies":[{"embeddable":true,"href":"https:\/\/www.monempresarial.com\/ca\/wp-json\/wp\/v2\/comments?post=15019"}],"version-history":[{"count":1,"href":"https:\/\/www.monempresarial.com\/ca\/wp-json\/wp\/v2\/posts\/15019\/revisions"}],"predecessor-version":[{"id":48122,"href":"https:\/\/www.monempresarial.com\/ca\/wp-json\/wp\/v2\/posts\/15019\/revisions\/48122"}],"wp:featuredmedia":[{"embeddable":true,"href":"https:\/\/www.monempresarial.com\/ca\/wp-json\/wp\/v2\/media\/15025"}],"wp:attachment":[{"href":"https:\/\/www.monempresarial.com\/ca\/wp-json\/wp\/v2\/media?parent=15019"}],"wp:term":[{"taxonomy":"category","embeddable":true,"href":"https:\/\/www.monempresarial.com\/ca\/wp-json\/wp\/v2\/categories?post=15019"},{"taxonomy":"post_tag","embeddable":true,"href":"https:\/\/www.monempresarial.com\/ca\/wp-json\/wp\/v2\/tags?post=15019"}],"curies":[{"name":"wp","href":"https:\/\/api.w.org\/{rel}","templated":true}]}}