{"id":15087,"date":"2017-04-26T09:19:16","date_gmt":"2017-04-26T07:19:16","guid":{"rendered":"http:\/\/monempresarial.com\/?p=15087\/"},"modified":"2025-09-25T10:02:48","modified_gmt":"2025-09-25T08:02:48","slug":"horitzo-2020-europa-busca-el-seu-lloc-en-la-investigacio-mundial","status":"publish","type":"post","link":"https:\/\/www.monempresarial.com\/ca\/2017\/04\/26\/horitzo-2020-europa-busca-el-seu-lloc-en-la-investigacio-mundial\/","title":{"rendered":"Horitz\u00f3 2020:<\/span><\/span> Europa busca el seu lloc en la investigaci\u00f3 mundial"},"content":{"rendered":"<p><strong>El programa Horitz\u00f3 2020 \u00e9s la ins\u00edgnia de la recerca i el desenvolupament a la UE, un projecte que busca atraure la innovaci\u00f3 a Europa dotat amb m\u00e9s 80.000 milions d\u2019euros pel per\u00edode 2014-2020. Amb aquesta iniciativa, la Uni\u00f3 Europea espera poder ocupar el seu lloc en la recerca mundial i rivalitzar, aix\u00ed, amb els gegants asi\u00e0tics o els Estats Units, fins ara sempre al capdavant.<\/strong><\/p>\n<p><strong><strong>Text: <a style=\"color: #719f8c;\" href=\"http:\/\/monempresarial.com\/author\/eherrera\/\">Esther Herrera<\/a><\/strong><\/strong><\/p>\n<hr style=\"color: #b72126;\" \/>\n<p>Europa vol enterrar la idea que les millors oportunitats per a la investigaci\u00f3 i la recerca estan fora de les seves fronteres. Tal com defensa l\u2019Executiu comunitari, el vell continent representa el 7% de la poblaci\u00f3 mundial i produeix un 30% de la seva investigaci\u00f3. Amb tot, i malgrat que la UE anima a tots els pa\u00efsos perqu\u00e8 d\u2019aqu\u00ed al 2020 inverteixin un 3% en recerca i desenvolupament, pocs ho estan complint. En el cas d\u2019Espanya, segons les \u00faltimes dades del Banc Mundial, s\u2019hi destina nom\u00e9s l\u20191,24% del pressupost. Aix\u00ed, els \u00fanics que ho compleixen s\u00f3n els n\u00f2rdics, que superen el 3%, tot i que els segueixen de prop Alemanya o Fran\u00e7a.<br \/>\nNo \u00e9s cap secret que molts investigadors i cient\u00edfics han preferit marxar a l\u2019estranger per desenvolupar la seva carrera. Per evitar-ho, la UE ha decidit dotar de majors recursos el Consell Europeu d\u2019Investigaci\u00f3 (ERC, en les seves sigles en angl\u00e8s) que subvenciona els professionals europeus de m\u00e9s alt nivell. A m\u00e9s, d\u00f3na suport a la seva formaci\u00f3, mobilitat i a tenir millors infraestructures d\u2019investigaci\u00f3.<br \/>\nCom a motor clau de l\u2019economia europea, Horitz\u00f3 2020 tamb\u00e9 recolza les pimes i tots aquells projectes que estiguin basats en sis diferents \u00e0rees: la salut, l\u2019alimentaci\u00f3 i agricultura, l\u2019energia, el transport, el clima i les mat\u00e8ries primeres, i les societats inclusives i la seguretat. L\u2019objectiu \u00e9s que una empresa que vulgui finan\u00e7ar-se amb Horitz\u00f3 2020 s\u00e0piga que, un cop aprovat, podria rebre fins a un 20% d\u2019ajuda per una durada de tres anys.<\/p>\n<blockquote>\n<h2 style=\"color: #719f8c; text-align: center;\">Europa representa el 7% de la poblaci\u00f3 mundial i produeix un 30% de la seva investigaci\u00f3<\/h2>\n<\/blockquote>\n<p><span style=\"color: #719f8c; font-weight: bold;\">Empreses i universitats, els principals beneficiats <\/span><br \/>\nFins ara Espanya \u00e9s el quart estat de la UE que m\u00e9s finan\u00e7ament ha rebut amb Horitz\u00f3 2020, amb un total de 1.100 milions d\u2019euros des del 2014, nom\u00e9s per darrere d\u2019Alemanya, Regne Unit i Fran\u00e7a. Les principals beneficiades al nostre pa\u00eds han estat les empreses, que han rebut un 38,6% del finan\u00e7ament, segons dades del Govern espanyol. La resta de finan\u00e7ament s\u2019ha destinat a universitats, organismes, associacions i administracions p\u00fabliques d\u2019investigaci\u00f3.<br \/>\nUna de les universitats que m\u00e9s finan\u00e7ament ha rebut d\u2019Horitz\u00f3 2020 \u00e9s la Universitat Aut\u00f2noma de Barcelona (UAB), amb 25,42 milions d\u2019euros per a 43 projectes de recerca, per darrere de la Universitat Polit\u00e8cnica de Catalunya. Un dels projectes que la UAB ha de coordinar amb diferents universitats europees, sota el paraig\u00fces d\u2019Horitz\u00f3 2020, \u00e9s SELECTA, que busca la formaci\u00f3 de joves investigadors especialitzats en les aplicacions mediambientals que tenen alguns materials met\u00e0l\u00b7lics. \u00c9s la primera vegada que la instituci\u00f3 coordina un projecte d\u2019aquesta magnitud.<br \/>\nUn altre pla liderat per la Universitat del Pireu (Gr\u00e8cia) \u00e9s DatAcron. Juntament amb diverses empreses espanyoles, ha desenvolupat nous m\u00e8todes per detectar amenaces o una activitat anormal en el programes que gestionen un gran volum de dades. A la pr\u00e0ctica, \u201ctracta de millorar la seguretat i l\u2019efici\u00e8ncia en la gesti\u00f3 del tr\u00e0fic mar\u00edtim o aeri\u201d, explica un dels inform\u00e0tics del projecte, l\u2019espanyol Miguel Garc\u00eda.<\/p>\n<blockquote>\n<h2 style=\"color: #719f8c; text-align: center;\">Espanya \u00e9s el quart estat de la UE que m\u00e9s finan\u00e7ament ha rebut amb Horitz\u00f3 2020, amb un total de 1.100 milions d\u2019euros des del 2014, nom\u00e9s per darrere d\u2019Alemanya, Regne Unit i Fran\u00e7a<\/h2>\n<p><img decoding=\"async\" loading=\"lazy\" class=\"size-full wp-image-15088 aligncenter\" src=\"http:\/\/monempresarial.com\/wp-content\/uploads\/2017\/04\/Sin-t\u00edtulo-3.jpg\" alt=\"\" width=\"829\" height=\"552\" srcset=\"https:\/\/www.monempresarial.com\/wp-content\/uploads\/2017\/04\/Sin-t\u00edtulo-3.jpg 829w, https:\/\/www.monempresarial.com\/wp-content\/uploads\/2017\/04\/Sin-t\u00edtulo-3-300x200.jpg 300w, https:\/\/www.monempresarial.com\/wp-content\/uploads\/2017\/04\/Sin-t\u00edtulo-3-252x167.jpg 252w, https:\/\/www.monempresarial.com\/wp-content\/uploads\/2017\/04\/Sin-t\u00edtulo-3-300x200@2x.jpg 600w, https:\/\/www.monempresarial.com\/wp-content\/uploads\/2017\/04\/Sin-t\u00edtulo-3-252x167@2x.jpg 504w\" sizes=\"(max-width: 829px) 100vw, 829px\" \/><\/p><\/blockquote>\n<p><span style=\"color: #719f8c; font-weight: bold;\">Llegeix tamb\u00e9:\u00a0<a href=\"http:\/\/monempresarial.com\/2017\/04\/25\/entrevista-a-carlos-moedas-comissari-europeu-de-ciencia-recerca-i-innovacio\/\" target=\"_blank\" rel=\"noopener noreferrer\">Entrevista a Carlos Moedas, comissari europeu de Ci\u00e8ncia, Recerca i Innovaci\u00f3<\/a>\u00a0<\/span><\/p>\n","protected":false},"excerpt":{"rendered":"<p>El programa Horitz\u00f3 2020 \u00e9s la ins\u00edgnia de la recerca i el desenvolupament a la UE, un projecte que busca atraure la innovaci\u00f3 a Europa dotat amb m\u00e9s 80.000 milions d\u2019euros pel per\u00edode 2014-2020. Amb aquesta iniciativa, la Uni\u00f3 Europea espera poder ocupar el seu lloc en la recerca mundial i rivalitzar, aix\u00ed, amb els [&hellip;]<\/p>\n","protected":false},"author":1,"featured_media":15090,"comment_status":"open","ping_status":"open","sticky":false,"template":"","format":"standard","meta":{"_mi_skip_tracking":false,"mc4wp_mailchimp_campaign":[],"jnews-multi-image_gallery":[],"jnews_single_post":[],"jnews_primary_category":[]},"categories":[9,10839,10815,10843,19],"tags":[1167,1174,1814,5292,143,170,181,240],"_links":{"self":[{"href":"https:\/\/www.monempresarial.com\/ca\/wp-json\/wp\/v2\/posts\/15087"}],"collection":[{"href":"https:\/\/www.monempresarial.com\/ca\/wp-json\/wp\/v2\/posts"}],"about":[{"href":"https:\/\/www.monempresarial.com\/ca\/wp-json\/wp\/v2\/types\/post"}],"author":[{"embeddable":true,"href":"https:\/\/www.monempresarial.com\/ca\/wp-json\/wp\/v2\/users\/1"}],"replies":[{"embeddable":true,"href":"https:\/\/www.monempresarial.com\/ca\/wp-json\/wp\/v2\/comments?post=15087"}],"version-history":[{"count":1,"href":"https:\/\/www.monempresarial.com\/ca\/wp-json\/wp\/v2\/posts\/15087\/revisions"}],"predecessor-version":[{"id":48115,"href":"https:\/\/www.monempresarial.com\/ca\/wp-json\/wp\/v2\/posts\/15087\/revisions\/48115"}],"wp:featuredmedia":[{"embeddable":true,"href":"https:\/\/www.monempresarial.com\/ca\/wp-json\/wp\/v2\/media\/15090"}],"wp:attachment":[{"href":"https:\/\/www.monempresarial.com\/ca\/wp-json\/wp\/v2\/media?parent=15087"}],"wp:term":[{"taxonomy":"category","embeddable":true,"href":"https:\/\/www.monempresarial.com\/ca\/wp-json\/wp\/v2\/categories?post=15087"},{"taxonomy":"post_tag","embeddable":true,"href":"https:\/\/www.monempresarial.com\/ca\/wp-json\/wp\/v2\/tags?post=15087"}],"curies":[{"name":"wp","href":"https:\/\/api.w.org\/{rel}","templated":true}]}}