{"id":15123,"date":"2017-05-17T09:40:05","date_gmt":"2017-05-17T07:40:05","guid":{"rendered":"http:\/\/monempresarial.com\/?p=15123\/"},"modified":"2025-06-06T10:35:10","modified_gmt":"2025-06-06T08:35:10","slug":"laccid-organitza-el-vii-congres-catala-de-comptabilitat-i-direccio","status":"publish","type":"post","link":"https:\/\/www.monempresarial.com\/ca\/2017\/05\/17\/laccid-organitza-el-vii-congres-catala-de-comptabilitat-i-direccio\/","title":{"rendered":"L&#8217;ACCID organitza el <\/span> VII Congr\u00e9s Catal\u00e0 de Comptabilitat i Direcci\u00f3"},"content":{"rendered":"<h5>Els dies 8 i 9 de juny, l&#8217;Associaci\u00f3 Catalana de Comptabilitat i Direcci\u00f3 (ACCID) celebrar\u00e0 el VII Congr\u00e9s Catal\u00e0 de Comptabilitat i Direcci\u00f3 a l\u2019IESE Business School. L&#8217;acte reunir\u00e0 prop de 1.000 persones, entre els quals no faltaran emprenedors, directius, acad\u00e8mics, alumnes i professionals de la comptabilitat i la direcci\u00f3 d&#8217;empreses.<\/h5>\n<hr style=\"color: #b72126;\" \/>\n<p><span style=\"color: #719f8c; font-weight: bold;\">El Congr\u00e9s s&#8217;iniciar\u00e0 amb una obertura <\/span> que anir\u00e0 a c\u00e0rrec del president de la Generalitat de Catalunya, <strong>Carles Puigdemont<\/strong>; la vocal del Consell de l\u2019IESE d\u2019Executive Education, <strong>Mireia Rius<\/strong>; el deg\u00e0 del Col\u00b7legi d\u2019Economistes de Catalunya, <strong>Joan B. Casas<\/strong>; el president del Col\u00b7legi de Censors Jurats de Comptes de Catalunya, <strong>Daniel Faura<\/strong>; la presidenta del Col\u00b7legi de Secretaris, Interventors i Tresorers de l\u2019Administraci\u00f3 Local de Catalunya, <strong>Maria Petra S\u00e1iz<\/strong>; el president del Col\u00b7legi Oficial de Gestors Administratius de Catalunya, <strong>Alfonso Lluzar<\/strong>, i el president de l\u2019ACCID, <strong>Oriol Amat<\/strong>.<br \/>\nPosteriorment, es celebrar\u00e0 la confer\u00e8ncia inaugural sota la tem\u00e0tica <em>La Fageda. Qu\u00e8 tenen en com\u00fa bogeria i empresa?<\/em> Hi participar\u00e0 com a ponent, <strong>Crist\u00f2bal Colon<\/strong>, president i fundador de la Fageda.<\/p>\n<p><span style=\"color: #719f8c; font-weight: bold;\"><img decoding=\"async\" loading=\"lazy\" class=\"wp-image-15125 size-full aligncenter\" src=\"http:\/\/monempresarial.com\/wp-content\/uploads\/2017\/05\/vii-congres-accid.jpg\" alt=\"\" width=\"1280\" height=\"500\" srcset=\"https:\/\/www.monempresarial.com\/wp-content\/uploads\/2017\/05\/vii-congres-accid.jpg 1280w, https:\/\/www.monempresarial.com\/wp-content\/uploads\/2017\/05\/vii-congres-accid-300x117.jpg 300w, https:\/\/www.monempresarial.com\/wp-content\/uploads\/2017\/05\/vii-congres-accid-1024x400.jpg 1024w, https:\/\/www.monempresarial.com\/wp-content\/uploads\/2017\/05\/vii-congres-accid-300x117@2x.jpg 600w\" sizes=\"(max-width: 1280px) 100vw, 1280px\" \/><\/span><\/p>\n<p>A m\u00e9s se celebraran diverses confer\u00e8ncies simult\u00e0nies\u00a0impartides per ponents de gran prestigi com el president d&#8217;International Group of Controlling, <strong>Heimo Losbichler<\/strong>; el professor de la UAM, <strong>Jorge Tua<\/strong>; el president de l\u2019Oficina Antifrau de Catalunya, <strong>Miguel \u00c1ngel Gimeno,<\/strong> i el professor de l\u2019IESE Business School, <strong>Antonio Argando\u00f1a<\/strong>, entre d&#8217;altres.<br \/>\nEl Congr\u00e9s tamb\u00e9 inclour\u00e0 diverses sessions de treball simult\u00e0nies de comptabilitat (financera, de gesti\u00f3, de cooperatives i p\u00fablica), de valoraci\u00f3 d&#8217;empreses, TIC, lideratge, control de costos i responsabilitat social. A m\u00e9s, hi haur\u00e0 una trobada de l&#8217;Agrupaci\u00f3 Professors de Comptabilitat i Control (APC).<\/p>\n<p><span style=\"color: #719f8c; font-weight: bold;\">Lliurament de premis<\/span><br \/>\nDurant el marc del VII Congr\u00e9s ACCID, se\u00a0celebrar\u00e0 el Lliurament de la XIV edici\u00f3 dels Premis de reconeixement ACCID i II Premi Ferran Termes, guardons que reconeixen\u00a0les tasques realitzades a Catalunya en l\u2019\u00e0mbit de la informaci\u00f3 financera per professionals, acad\u00e8mics i entitats p\u00fabliques o empreses privades, aix\u00ed com l\u2019\u00fas del catal\u00e0.<\/p>\n<p><span style=\"color: #719f8c; font-weight: bold;\">Cloenda<\/span><br \/>\nPer clausurar el VII Congr\u00e9s ACCID, tindr\u00e0 lloc la <em>Confer\u00e8ncia<\/em> <em>sobre Management<\/em> que impartir\u00e0 el Conseller Delegat d\u2019Uriach, <strong>Oriol Segarra<\/strong>. Tamb\u00e9 es far\u00e0 entrega dels Ajuts a la recerca ACCID, el Premi al I Concurs Extarordinari de Casos Pr\u00e0ctics i els XII Premis ACCID-\u00d2MNIUM, on hi participaran\u00a0<strong>Mireia Rius<\/strong>; el president de l\u2019Associaci\u00f3 de Comptables del Principat d\u2019Andorra, <strong>Jord\u00ed Mart\u00ed; <\/strong>el president de l\u2019Instituto de Contabilidad y Auditor\u00eda de Cuentas, <strong>Enrique Rubio<\/strong>; el <em>chief executive<\/em> d&#8217;Association of International Accounts,\u00a0<strong>Philip Turnbull<\/strong>; la directora de la Cambra de Comer\u00e7 Alemanya per Espanya,\u00a0<strong>Marie Antonia von Sch\u00f6nburg<\/strong>; el president del Registre d\u2019Economistes Auditors, <strong>Carlos Puig de Travy<\/strong>; el president d\u2019Agrupaci\u00f3 de Professors de Comptabilitat i Control, <strong>Joaquim Rabaseda, <\/strong>i\u00a0<strong>Oriol Amat. <\/strong>Per acabar,\u00a0<strong>Enrique Rubio<\/strong>, president de l\u2019Instituto de Contabilidad y Auditor\u00eda de Cuentas, far\u00e0 una breu intervenci\u00f3.<\/p>\n<ul>\n<li><span style=\"color: #719f8c; font-weight: bold;\">Si us voleu descarregar el programa del VII Congr\u00e9s feu clic <a href=\"http:\/\/www.accid.org\/congres\/CATALA\/programa.html\" target=\"_blank\" rel=\"noopener noreferrer\">aqu\u00ed<\/a>.<\/span><\/li>\n<li><span style=\"color: #719f8c; font-weight: bold;\">Si us voleu inscriure feu clic <a href=\"http:\/\/www.accid.org\/congres\/CATALA\/inscripcio.html\" target=\"_blank\" rel=\"noopener noreferrer\">aqu\u00ed<\/a>.<\/span><\/li>\n<\/ul>\n","protected":false},"excerpt":{"rendered":"<p>Els dies 8 i 9 de juny, l&#8217;Associaci\u00f3 Catalana de Comptabilitat i Direcci\u00f3 (ACCID) celebrar\u00e0 el VII Congr\u00e9s Catal\u00e0 de Comptabilitat i Direcci\u00f3 a l\u2019IESE Business School. L&#8217;acte reunir\u00e0 prop de 1.000 persones, entre els quals no faltaran emprenedors, directius, acad\u00e8mics, alumnes i professionals de la comptabilitat i la direcci\u00f3 d&#8217;empreses. El Congr\u00e9s s&#8217;iniciar\u00e0 amb [&hellip;]<\/p>\n","protected":false},"author":1,"featured_media":15124,"comment_status":"open","ping_status":"open","sticky":false,"template":"","format":"standard","meta":{"_mi_skip_tracking":false,"mc4wp_mailchimp_campaign":[],"jnews-multi-image_gallery":[],"jnews_single_post":[],"jnews_primary_category":[]},"categories":[5694,10820,10821,10825,10],"tags":[1174,1210,1958,2882,5305,5306],"_links":{"self":[{"href":"https:\/\/www.monempresarial.com\/ca\/wp-json\/wp\/v2\/posts\/15123"}],"collection":[{"href":"https:\/\/www.monempresarial.com\/ca\/wp-json\/wp\/v2\/posts"}],"about":[{"href":"https:\/\/www.monempresarial.com\/ca\/wp-json\/wp\/v2\/types\/post"}],"author":[{"embeddable":true,"href":"https:\/\/www.monempresarial.com\/ca\/wp-json\/wp\/v2\/users\/1"}],"replies":[{"embeddable":true,"href":"https:\/\/www.monempresarial.com\/ca\/wp-json\/wp\/v2\/comments?post=15123"}],"version-history":[{"count":1,"href":"https:\/\/www.monempresarial.com\/ca\/wp-json\/wp\/v2\/posts\/15123\/revisions"}],"predecessor-version":[{"id":46244,"href":"https:\/\/www.monempresarial.com\/ca\/wp-json\/wp\/v2\/posts\/15123\/revisions\/46244"}],"wp:featuredmedia":[{"embeddable":true,"href":"https:\/\/www.monempresarial.com\/ca\/wp-json\/wp\/v2\/media\/15124"}],"wp:attachment":[{"href":"https:\/\/www.monempresarial.com\/ca\/wp-json\/wp\/v2\/media?parent=15123"}],"wp:term":[{"taxonomy":"category","embeddable":true,"href":"https:\/\/www.monempresarial.com\/ca\/wp-json\/wp\/v2\/categories?post=15123"},{"taxonomy":"post_tag","embeddable":true,"href":"https:\/\/www.monempresarial.com\/ca\/wp-json\/wp\/v2\/tags?post=15123"}],"curies":[{"name":"wp","href":"https:\/\/api.w.org\/{rel}","templated":true}]}}