{"id":15156,"date":"2017-05-23T14:30:41","date_gmt":"2017-05-23T12:30:41","guid":{"rendered":"http:\/\/monempresarial.com\/?p=15156\/"},"modified":"2025-06-06T10:34:47","modified_gmt":"2025-06-06T08:34:47","slug":"entrevista-a-domenec-espadale-president-de-la-cambra-de-comerc-de-girona","status":"publish","type":"post","link":"https:\/\/www.monempresarial.com\/ca\/2017\/05\/23\/entrevista-a-domenec-espadale-president-de-la-cambra-de-comerc-de-girona\/","title":{"rendered":"Entrevista a Dom\u00e8nec Espadal\u00e9,<\/span> president de la Cambra de Comer\u00e7 de Girona"},"content":{"rendered":"<h4 style=\"color: #000000;\">El turisme i les exportacions han estat els pilars de l\u2019economia gironina al llarg d\u2019aquests \u00faltims anys, els dos \u00e0mbits que millor han aguantat la tempesta de la crisi i que se segueixen potenciant. D\u2019aix\u00f2 i d\u2019altres aspectes que afecten el dia a dia del municipi parlem amb el president de la Cambra de Comer\u00e7 de Girona, Dom\u00e8nec Espadal\u00e9, un bon coneixedor de les virtuts, per\u00f2 tamb\u00e9 de les febleses del territori.<\/h4>\n<p>Text: <a style=\"color: #5b366a;\" href=\"http:\/\/monempresarial.com\/author\/bseijo\/\">Berta Seijo<\/a>\u00a0\/\/ Fotos: <span style=\"color: #5b366a;\">Cambra de Comer\u00e7 de Girona \/ Shutterstock<\/span><\/p>\n<hr style=\"color: #b72126;\" \/>\n<figure id=\"attachment_15160\" aria-describedby=\"caption-attachment-15160\" style=\"width: 287px\" class=\"wp-caption alignright\"><img decoding=\"async\" loading=\"lazy\" class=\"wp-image-15160\" src=\"http:\/\/monempresarial.com\/wp-content\/uploads\/2017\/05\/DSC3431.jpg\" alt=\"A Girona sempre s\u2019ha potenciat al m\u00e0xim la sortida dels productes del territori. Nom\u00e9s cal fer refer\u00e8ncia a la dada que destaca el president de la Cambra: \u201cEl nombre de documents d\u2019exportaci\u00f3 a pa\u00efsos tercers (que no estan dins de la UE) creix a un ritme del 9% des de fa quatre o cinc anys.\u201d \" width=\"287\" height=\"431\" srcset=\"https:\/\/www.monempresarial.com\/wp-content\/uploads\/2017\/05\/DSC3431.jpg 960w, https:\/\/www.monempresarial.com\/wp-content\/uploads\/2017\/05\/DSC3431-200x300.jpg 200w, https:\/\/www.monempresarial.com\/wp-content\/uploads\/2017\/05\/DSC3431-683x1024.jpg 683w, https:\/\/www.monempresarial.com\/wp-content\/uploads\/2017\/05\/DSC3431-200x300@2x.jpg 400w\" sizes=\"(max-width: 287px) 100vw, 287px\" \/><figcaption id=\"caption-attachment-15160\" class=\"wp-caption-text\">A Girona sempre s\u2019ha potenciat al m\u00e0xim la sortida dels productes del territori. Nom\u00e9s cal fer refer\u00e8ncia a la dada que destaca el president de la Cambra: \u201cEl nombre de documents d\u2019exportaci\u00f3 a pa\u00efsos tercers (que no estan dins de la UE) creix a un ritme del 9% des de fa quatre o cinc anys.\u201d<\/figcaption><\/figure>\n<p><span style=\"color: #5b366a; font-weight: bold;\">Els efectes secundaris de la crisi econ\u00f2mica encara marquen el dia a dia de gran part del teixit empresarial al nostre pa\u00eds. Ara b\u00e9, si ens centrem en les comarques gironines, es pot afirmar que hi ha indicis de recuperaci\u00f3 o bones perspectives de creixement de cara al pr\u00f2xim any?<\/span><br \/>\nTenim molts bons indicadors. El m\u00e9s clar \u00e9s el nombre d\u2019empreses que s\u2019han constitu\u00eft durant el 2016, que ha crescut de manera important: m\u00e9s d\u2019un 19%. Es van constituir 1.929 societats, segons d\u2019Institut Nacional d\u2019Estad\u00edstica. Tamb\u00e9 s\u2019ha aturat la sagnia dels tancaments de negocis, i les xifres d\u2019atur comencen a millorar, tot i que molt lentament. Crec, sincerament, que les perspectives van millorant i que el 2017 ser\u00e0 millor que l\u2019any anterior.<\/p>\n<p><span style=\"color: #5b366a; font-weight: bold;\">En aquesta l\u00ednia, quina tipologia d\u2019empreses diria que ha tolerat millor la crisi a Girona? I pel que fa a sectors: quines activitats han estat les m\u00e9s perjudicades i quines les que millor han resistit?<\/span><br \/>\nEl turisme i la ind\u00fastria, sobretot la que exporta, han estat les que han tolerat millor la crisi. Alguns mercats tur\u00edstics habituals han tingut problemes i nosaltres hem rebut visitants que eren clients d\u2019altres destinacions. Per\u00f2 tamb\u00e9 \u00e9s atribu\u00efble a la millora constant de la nostra destinaci\u00f3, i a les inversions i campanyes que es fan des del sector.<br \/>\nD\u2019altra banda, l\u2019obra p\u00fablica, pr\u00e0cticament testimonial, no ajuda gens. La construcci\u00f3 es recupera lentament, per\u00f2 havia arribat a caure tan avall que \u00e9s dif\u00edcil arribar a nivells que puguin impulsar de manera decidida l\u2019economia. El comer\u00e7 mant\u00e9 la vitalitat, ja que m\u00e9s d\u2019un 20% de les noves empreses s\u2019engloben dins aquest sector.<\/p>\n<p><span style=\"color: #5b366a; font-weight: bold;\">Vost\u00e8, que est\u00e0 al corrent de les seves preocupacions i inquietuds, diria que la inestabilitat pol\u00edtica i el front obert entre Catalunya i Espanya amo\u00efna els empresaris gironins?<\/span><br \/>\nLes empreses fan el seu cam\u00ed i, en cas que hi hagi una preocupaci\u00f3, de moment no es reflecteix en les dades. Cada cop v\u00e9nen m\u00e9s multinacionals i s\u2019han creat noves empreses. Si em pregunta si no seria millor un panorama m\u00e9s estable, la resposta \u00e9s que s\u00ed. Caldria superar aquest estadi d\u2019incertesa quan abans millor.<\/p>\n<blockquote>\n<h2 style=\"color: #5b366a; text-align: center;\">\u201cNo ens podem permetre que tanta gent quedi despenjada del sistema econ\u00f2mic, sobretot els joves\u201d<\/h2>\n<\/blockquote>\n<p><span style=\"color: #5b366a; font-weight: bold;\"><img decoding=\"async\" loading=\"lazy\" class=\" wp-image-15162 aligncenter\" src=\"http:\/\/monempresarial.com\/wp-content\/uploads\/2017\/05\/GIRONA-2.jpg\" alt=\"\" width=\"634\" height=\"423\" srcset=\"https:\/\/www.monempresarial.com\/wp-content\/uploads\/2017\/05\/GIRONA-2.jpg 1084w, https:\/\/www.monempresarial.com\/wp-content\/uploads\/2017\/05\/GIRONA-2-300x200.jpg 300w, https:\/\/www.monempresarial.com\/wp-content\/uploads\/2017\/05\/GIRONA-2-1024x683.jpg 1024w, https:\/\/www.monempresarial.com\/wp-content\/uploads\/2017\/05\/GIRONA-2-252x167.jpg 252w, https:\/\/www.monempresarial.com\/wp-content\/uploads\/2017\/05\/GIRONA-2-300x200@2x.jpg 600w, https:\/\/www.monempresarial.com\/wp-content\/uploads\/2017\/05\/GIRONA-2-252x167@2x.jpg 504w\" sizes=\"(max-width: 634px) 100vw, 634px\" \/><\/span><\/p>\n<p><span style=\"color: #5b366a; font-weight: bold;\">I qu\u00e8 me\u2019n diu d\u2019un altre dels grans problemes de la societat catalana: l\u2019atur. Quines actuacions du a terme la Cambra de Comer\u00e7 de Girona per generar oportunitats laborals?<\/span><br \/>\nL\u2019atur \u00e9s la xacra m\u00e9s important. No ens podem permetre que tanta gent quedi despenjada del sistema econ\u00f2mic, sobretot els joves. Per aix\u00f2 la Cambra s\u2019ha apuntat al programa de Garantia Juvenil, en el qual ajudem a formar joves que no estudien ni treballen. Per la Cambra ja hi han passat m\u00e9s de 400 joves en aquests plans de formaci\u00f3, molts dels quals han acabat aconseguint una feina. Tamb\u00e9 ajudem a crear noves empreses i a la internacionalitzaci\u00f3, que \u00e9s un dels nostres principals cavalls de batalla. Aquest any fem un programa de missions empresarials molt potent i portarem empreses gironines a con\u00e8ixer els pa\u00efsos on hi ha m\u00e9s possibilitats exportadores.<\/p>\n<p><span style=\"color: #5b366a; font-weight: bold;\">En aquest sentit, tinc ent\u00e8s que Girona sempre ha estat un territori on l\u2019exportaci\u00f3 ha crescut a ritmes m\u00e9s elevats que a la resta de Catalunya o d\u2019Espanya. Qu\u00e8 hi ha darrere d\u2019aquest fenomen?<\/span><br \/>\nPotser \u00e9s el fet de ser territori fronterer, per\u00f2 des de sempre hem potenciat al m\u00e0xim la sortida dels nostres productes. Pensi que les dades de la Cambra de documents d\u2019exportaci\u00f3 a pa\u00efsos tercers (que no estan dins de la Uni\u00f3 Europea i pels quals es necessiten uns tr\u00e0mits especials que nom\u00e9s fan les Cambres) creixen a un ritme del 9% des de fa quatre o cinc anys. Aix\u00f2 vol dir que la nostra exportaci\u00f3 busca nous horitzons i obre contactes amb pa\u00efsos que fins ara no eren els nostres clients. Tamb\u00e9, a trav\u00e9s de fons europeus, estem impulsant els intercanvis econ\u00f2mics transfronterers. Hem format una alian\u00e7a amb les cambres d\u2019Andorra, Perpiny\u00e0 i Lleida (CCI Pirineus Med) per tal de trencar fronteres i aconseguir que les empreses col\u00b7laborin m\u00e9s activament a una i altra banda en el territori catal\u00e0 pirenenc.<\/p>\n<blockquote>\n<h2 style=\"color: #5b366a; text-align: center;\">\u201cCada cop v\u00e9nen m\u00e9s multinacionals i s\u2019han creat noves empreses, per\u00f2 si em pregunta si no seria millor un panorama pol\u00edtic m\u00e9s estable, la resposta \u00e9s que s\u00ed. Caldria superar aquest estadi d\u2019incertesa quan abans millor.\u201d<\/h2>\n<\/blockquote>\n<p><span style=\"color: #5b366a; font-weight: bold;\"><img decoding=\"async\" loading=\"lazy\" class=\" wp-image-15158 alignleft\" src=\"http:\/\/monempresarial.com\/wp-content\/uploads\/2017\/05\/Sin-t\u00edtulo-1-2.jpg\" alt=\"\" width=\"227\" height=\"732\" srcset=\"https:\/\/www.monempresarial.com\/wp-content\/uploads\/2017\/05\/Sin-t\u00edtulo-1-2.jpg 211w, https:\/\/www.monempresarial.com\/wp-content\/uploads\/2017\/05\/Sin-t\u00edtulo-1-2-93x300.jpg 93w, https:\/\/www.monempresarial.com\/wp-content\/uploads\/2017\/05\/Sin-t\u00edtulo-1-2-93x300@2x.jpg 186w\" sizes=\"(max-width: 227px) 100vw, 227px\" \/>Per \u00faltim, voldria saber quin balan\u00e7 fa del 2016, \u00e9s a dir, quins fets econ\u00f2mics han estat els m\u00e9s destacats i quins reptes resten encara pendents per al 2017?<\/span><br \/>\nA Girona \u00e9s molt destacable l\u2019ampliaci\u00f3 i nova creaci\u00f3 d\u2019ind\u00fastries que s\u2019ha dut a terme durant l\u2019any passat. Hi ha empreses del sector qu\u00edmic o de l\u2019agroalimentari que han decidit fer un pas endavant. Aix\u00f2 vol dir que hi ha confian\u00e7a en el futur. Tamb\u00e9 destacaria l\u2019aposta decidida per l\u2019exportaci\u00f3 i la creaci\u00f3 d\u2019empreses. A la banda negativa tenim l\u2019atur i la dificultat de la construcci\u00f3 per tornar a assolir xifres significatives. Tamb\u00e9 cal destacar l\u2019escassa inversi\u00f3 de l\u2019Estat a les comarques gironines (o a Catalunya, en general), sobretot en temes d\u2019infraestructures. El menyspreu constant del corredor Mediterrani afecta la nostra productivitat. \u00c9s un problema que frena el creixement a tot l\u2019arc Mediterrani i, finalment, hi ha un front com\u00fa d\u2019empresaris i institucions per reclamar solucions immediates. Fins avui, l\u2019Estat s\u2019estima m\u00e9s invertir en la seva concepci\u00f3 radial de les comunicacions, que beneficia Madrid.<\/p>\n<blockquote>\n<h2 style=\"color: #5b366a; text-align: center;\">\u201cEl menyspreu constant del corredor Mediterrani afecta la nostra productivitat. \u00c9s un problema que frena el creixement a tot l\u2019arc Mediterrani i, finalment, hi ha un front com\u00fa d\u2019empresaris i institucions per reclamar solucions immediates.\u201d<\/h2>\n<\/blockquote>\n","protected":false},"excerpt":{"rendered":"<p>El turisme i les exportacions han estat els pilars de l\u2019economia gironina al llarg d\u2019aquests \u00faltims anys, els dos \u00e0mbits que millor han aguantat la tempesta de la crisi i que se segueixen potenciant. D\u2019aix\u00f2 i d\u2019altres aspectes que afecten el dia a dia del municipi parlem amb el president de la Cambra de Comer\u00e7 [&hellip;]<\/p>\n","protected":false},"author":1,"featured_media":15161,"comment_status":"open","ping_status":"open","sticky":false,"template":"","format":"standard","meta":{"_mi_skip_tracking":false,"mc4wp_mailchimp_campaign":[],"jnews-multi-image_gallery":[],"jnews_single_post":[],"jnews_primary_category":[]},"categories":[9,10820,10821,23,10825],"tags":[141,176,179,1403,2795,5315,5316],"_links":{"self":[{"href":"https:\/\/www.monempresarial.com\/ca\/wp-json\/wp\/v2\/posts\/15156"}],"collection":[{"href":"https:\/\/www.monempresarial.com\/ca\/wp-json\/wp\/v2\/posts"}],"about":[{"href":"https:\/\/www.monempresarial.com\/ca\/wp-json\/wp\/v2\/types\/post"}],"author":[{"embeddable":true,"href":"https:\/\/www.monempresarial.com\/ca\/wp-json\/wp\/v2\/users\/1"}],"replies":[{"embeddable":true,"href":"https:\/\/www.monempresarial.com\/ca\/wp-json\/wp\/v2\/comments?post=15156"}],"version-history":[{"count":1,"href":"https:\/\/www.monempresarial.com\/ca\/wp-json\/wp\/v2\/posts\/15156\/revisions"}],"predecessor-version":[{"id":46241,"href":"https:\/\/www.monempresarial.com\/ca\/wp-json\/wp\/v2\/posts\/15156\/revisions\/46241"}],"wp:featuredmedia":[{"embeddable":true,"href":"https:\/\/www.monempresarial.com\/ca\/wp-json\/wp\/v2\/media\/15161"}],"wp:attachment":[{"href":"https:\/\/www.monempresarial.com\/ca\/wp-json\/wp\/v2\/media?parent=15156"}],"wp:term":[{"taxonomy":"category","embeddable":true,"href":"https:\/\/www.monempresarial.com\/ca\/wp-json\/wp\/v2\/categories?post=15156"},{"taxonomy":"post_tag","embeddable":true,"href":"https:\/\/www.monempresarial.com\/ca\/wp-json\/wp\/v2\/tags?post=15156"}],"curies":[{"name":"wp","href":"https:\/\/api.w.org\/{rel}","templated":true}]}}