{"id":15193,"date":"2017-06-01T13:00:40","date_gmt":"2017-06-01T11:00:40","guid":{"rendered":"http:\/\/monempresarial.com\/?p=15193\/"},"modified":"2025-06-06T10:34:28","modified_gmt":"2025-06-06T08:34:28","slug":"gerard-olive-jose-elias-i-martina-font-finalistes-del-premi-jove-empresari-2016","status":"publish","type":"post","link":"https:\/\/www.monempresarial.com\/ca\/2017\/06\/01\/gerard-olive-jose-elias-i-martina-font-finalistes-del-premi-jove-empresari-2016\/","title":{"rendered":"Gerard Oliv\u00e9, Jos\u00e9 El\u00edas i Martina Font,<\/span> finalistes del Premi Jove Empresari 2016"},"content":{"rendered":"<h5><strong>L\u2019Associaci\u00f3 de Joves Empresaris de Catalunya (AIJEC) donar\u00e0 a con\u00e8ixer el nom del guanyador el pr\u00f2xim 5 de juliol en una gala presidida pel president de la Generalitat, Carles Puigdemont. Durant l\u2019acte tamb\u00e9 es desvetllar\u00e0 quina \u00e9s la Millor Iniciativa Empresarial entre NABLA Thermoelectrics, Signaturit i Transplant Biomedicals.<\/strong><\/h5>\n<hr style=\"color: #b72126;\" \/>\n<p><span style=\"color: #719f8c; font-weight: bold;\">Qui \u00e9s el millor jove empresari de Catalunya? <\/span>L\u2019Associaci\u00f3 de Joves Empresaris de Catalunya (AIJEC) fa 24 anys que s\u2019ho pregunta i per donar-hi resposta organitza anualment el Premi Jove Empresari que busca recon\u00e8ixer \u201cel treball, l\u2019esfor\u00e7 i la const\u00e0ncia dels joves empresaris capa\u00e7os de generar llocs de treball i impulsar projectes empresarials\u201d. Aix\u00ed, enguany, d\u2019entre el m\u00e9s d\u2019un centenar de candidatures rebudes per l\u2019Associaci\u00f3, un jurat format per representants de les conselleries d\u2019Economia i Coneixement i d\u2019Empresa i Ocupaci\u00f3, la Direcci\u00f3 General de Joventut, Foment del Treball, Barcelona Activa, ACC1\u00d3, la Cambra de Comer\u00e7, a m\u00e9s de personalitats del m\u00f3n de l\u2019empresa, les principals escoles de negocis i els mitjans de comunicaci\u00f3, n\u2019ha triat els tres finalistes. S\u00f3n <strong>Gerard Oliv\u00e9<\/strong>, cofundador i co-CEO d\u2019Antai Venture Builder, BeRepublic i BeAgency, on ha creat empreses de la talla de Wallapop, Deliberry, Glovo, Cornerjob, Carnovo o el fons d&#8217;inversi\u00f3 Media Digital Ventures, un grup amb m\u00e9s de 500 treballadors i pres\u00e8ncia a m\u00e9s de 12 pa\u00efsos; <strong>Jos\u00e9 El\u00edas<\/strong>, fundador i CEO d\u2019Audax Energia, empresa comercialitzadora d\u2019energia el\u00e8ctrica i gas que va tancar el 2016 amb una xifra de negoci de quasi 360 milions d&#8217;euros i un benefici net d\u201911,8 milions; i <strong>Martina Font<\/strong>, codirectora de Font Packaging Group, empresa que es dedica a la fabricaci\u00f3 de cartr\u00f3 ondulat, caixes de cartr\u00f3 i embalatge des del 1954, i creadora de Kartox, la primera empresa <em>online<\/em> d&#8217;embalatge del pa\u00eds a dissenyar i fabricar caixes a mida en 4 dies. D\u2019ells els jurat de l\u2019AIJEC n\u2019ha destacat , respectivament, \u201cl\u2019esperit emprenedor\u201d, la seva \u201cil\u00b7lusi\u00f3 i dinamisme\u201d, aix\u00ed com \u201cla capacitat d\u2019innovaci\u00f3 i modernitzaci\u00f3 per esdevenir un referent de la industria 4.0\u201d.<br \/>\nEl nom del guanyador que finalment s\u2019endur\u00e0 a casa el XXIV Premi Jove Empresari el desvetllar\u00e0 el pr\u00f2xim 5 de juliol el president de la Generalitat, Carles Puigdemont, en el marc de la gala anual de lliurament de premis de l\u2019AIJEC que, despr\u00e9s d\u2019haver ocupat en altres edicions espais emblem\u00e0tics com el Camp Nou, el Mercat del Born o el Tibidabo, aquest cop tindr\u00e0 lloc al Castell de Montju\u00efc.<\/p>\n<figure id=\"attachment_15198\" aria-describedby=\"caption-attachment-15198\" style=\"width: 2359px\" class=\"wp-caption alignright\"><img decoding=\"async\" loading=\"lazy\" class=\"size-full wp-image-15198\" src=\"http:\/\/monempresarial.com\/wp-content\/uploads\/2017\/06\/finalistes.jpg\" alt=\"\" width=\"2359\" height=\"913\" \/><figcaption id=\"caption-attachment-15198\" class=\"wp-caption-text\">D&#8217;esq. a dreta: Gerard Oliv\u00e9, Martina Font i Jos\u00e9 El\u00edas.<\/figcaption><\/figure>\n<p><span style=\"color: #719f8c; font-weight: bold;\">Millor iniciativa empresarial<\/span><br \/>\nDurant l\u2019acte tamb\u00e9 es coneixer\u00e0 el nom del guanyador a la Millor Iniciativa Empresarial, amb qu\u00e8 l&#8217;AIJEC premia el projecte amb la idea de negoci m\u00e9s creativa i innovadora. Els finalistes aquest cop s\u00f3n: <strong>NABLA Thermoelectrics<\/strong>, empresa que idea dispositius que permeten recuperen el calor residual dels vehicles o de les instal\u00b7lacions industrials o dom\u00e8stiques per generar electricitat; <strong>Signaturit<\/strong>, la primera soluci\u00f3 de signatura electr\u00f2nica que permet a empreses i individus sol\u00b7licitar signatures directament des de qualsevol plataforma de correu electr\u00f2nic amb plena validesa legal; i <strong>Transplant Biomedicals<\/strong>, companyia sorgida de l&#8217;IDIBAPS &#8211; Hospital Cl\u00ednic de Barcelona que es dedica a desenvolupar un nou dispositiu m\u00e8dic per a la preservaci\u00f3 i transport d&#8217;\u00f2rgans per a transplantament, incrementant el nombre d&#8217;\u00f2rgans disponibles i l&#8217;\u00e8xit en el procediment.<\/p>\n","protected":false},"excerpt":{"rendered":"<p>L\u2019Associaci\u00f3 de Joves Empresaris de Catalunya (AIJEC) donar\u00e0 a con\u00e8ixer el nom del guanyador el pr\u00f2xim 5 de juliol en una gala presidida pel president de la Generalitat, Carles Puigdemont. Durant l\u2019acte tamb\u00e9 es desvetllar\u00e0 quina \u00e9s la Millor Iniciativa Empresarial entre NABLA Thermoelectrics, Signaturit i Transplant Biomedicals. Qui \u00e9s el millor jove empresari de [&hellip;]<\/p>\n","protected":false},"author":1,"featured_media":15203,"comment_status":"open","ping_status":"open","sticky":false,"template":"","format":"standard","meta":{"_mi_skip_tracking":false,"mc4wp_mailchimp_campaign":[],"jnews-multi-image_gallery":[],"jnews_single_post":[],"jnews_primary_category":[]},"categories":[5694,10820,10821,10825,10],"tags":[311,1147,3619,5329,5330,5331,116],"_links":{"self":[{"href":"https:\/\/www.monempresarial.com\/ca\/wp-json\/wp\/v2\/posts\/15193"}],"collection":[{"href":"https:\/\/www.monempresarial.com\/ca\/wp-json\/wp\/v2\/posts"}],"about":[{"href":"https:\/\/www.monempresarial.com\/ca\/wp-json\/wp\/v2\/types\/post"}],"author":[{"embeddable":true,"href":"https:\/\/www.monempresarial.com\/ca\/wp-json\/wp\/v2\/users\/1"}],"replies":[{"embeddable":true,"href":"https:\/\/www.monempresarial.com\/ca\/wp-json\/wp\/v2\/comments?post=15193"}],"version-history":[{"count":1,"href":"https:\/\/www.monempresarial.com\/ca\/wp-json\/wp\/v2\/posts\/15193\/revisions"}],"predecessor-version":[{"id":46239,"href":"https:\/\/www.monempresarial.com\/ca\/wp-json\/wp\/v2\/posts\/15193\/revisions\/46239"}],"wp:featuredmedia":[{"embeddable":true,"href":"https:\/\/www.monempresarial.com\/ca\/wp-json\/wp\/v2\/media\/15203"}],"wp:attachment":[{"href":"https:\/\/www.monempresarial.com\/ca\/wp-json\/wp\/v2\/media?parent=15193"}],"wp:term":[{"taxonomy":"category","embeddable":true,"href":"https:\/\/www.monempresarial.com\/ca\/wp-json\/wp\/v2\/categories?post=15193"},{"taxonomy":"post_tag","embeddable":true,"href":"https:\/\/www.monempresarial.com\/ca\/wp-json\/wp\/v2\/tags?post=15193"}],"curies":[{"name":"wp","href":"https:\/\/api.w.org\/{rel}","templated":true}]}}