{"id":15273,"date":"2017-06-02T11:22:33","date_gmt":"2017-06-02T09:22:33","guid":{"rendered":"http:\/\/monempresarial.com\/?p=15273\/"},"modified":"2025-09-25T09:58:07","modified_gmt":"2025-09-25T07:58:07","slug":"correus-electronics-i-estres-laboral","status":"publish","type":"post","link":"https:\/\/www.monempresarial.com\/ca\/2017\/06\/02\/correus-electronics-i-estres-laboral\/","title":{"rendered":"Correus electr\u00f2nics i estr\u00e8s laboral"},"content":{"rendered":"<p><img decoding=\"async\" loading=\"lazy\" class=\"wp-image-15239  alignleft\" src=\"http:\/\/monempresarial.com\/wp-content\/uploads\/2017\/06\/Groschl_Stefan.jpg\" alt=\"\" width=\"265\" height=\"353\" srcset=\"https:\/\/www.monempresarial.com\/wp-content\/uploads\/2017\/06\/Groschl_Stefan.jpg 553w, https:\/\/www.monempresarial.com\/wp-content\/uploads\/2017\/06\/Groschl_Stefan-225x300.jpg 225w, https:\/\/www.monempresarial.com\/wp-content\/uploads\/2017\/06\/Groschl_Stefan-225x300@2x.jpg 450w\" sizes=\"(max-width: 265px) 100vw, 265px\" \/><\/p>\n<h4 style=\"color: #602d11;\">Els empleats dediquen al voltant de 13 hores a la setmana a la missatgeria electr\u00f2nica. Suficient perqu\u00e8 nombrosos estudis sostinguin que un gran volum de missatges, les interrupcions que provoquen en les tasques i processos laborals, i la possibilitat d&#8217;enviar i rebre correus electr\u00f2nics relacionats amb el treball en qualsevol moment i lloc, ajuda a crear-los una sensaci\u00f3 de sobrec\u00e0rrega i estr\u00e8s.<\/h4>\n<p><span style=\"color: #663300; font-weight: bold; text-transform: uppercase;\">STEFAN GR\u00d6SCHL.<\/span><span style=\"color: #663300; font-weight: bold; text-transform: uppercase;\">\u00a0<\/span><strong>Professor del Departament de Gesti\u00f3 d\u2019ESSEC Business School.<\/strong><\/p>\n<hr style=\"color: #b72126;\" \/>\n<p>Si b\u00e9 \u00e9s cert que s&#8217;han formulat m\u00faltiples recomanacions per combatre l&#8217;estr\u00e8s associat a la missatgeria electr\u00f2nica -des de la introducci\u00f3 de filtres al correu electr\u00f2nic fins al treball <em>off-line<\/em>-, aquestes s\u00f3n sovint ignorades o, simplement, no funcionen per a la majoria d&#8217;empleats. I \u00e9s que les organitzacions i els seus directius fracassen a l&#8217;hora de recon\u00e8ixer com les normes socials i la lectura que fem d&#8217;elles, l&#8217;estructura laboral i la temporalitat en els fluxos de treball reforcen la sensaci\u00f3 de saturaci\u00f3 i estr\u00e8s que afronten els treballadors a causa dels correus electr\u00f2nics.<br \/>\nL&#8217;estr\u00e8s real no est\u00e0 relacionat amb el volum de correus electr\u00f2nics als quals fem front, per\u00f2 s\u00ed amb l&#8217;ansietat de quedar-nos endarrerits, de perdre el control de les nostres responsabilitats o de passar per alt un missatge important a causa d&#8217;un filtre o una safata d&#8217;entrada plena a vessar. En aquesta l\u00ednia, mentre que l&#8217;asincronia d&#8217;un correu electr\u00f2nic ofereix a l&#8217;empleat la possibilitat de respondre quan a aquest li vagi millor, les expectatives culturals el pressionen perqu\u00e8 contesti immediatament. A m\u00e9s, com cada vegada es treballa m\u00e9s en diferents zones hor\u00e0ries o en equips geogr\u00e0ficament dispersos, \u00e9s complicat per als treballadors respondre els correus electr\u00f2nics a mesura que arriben. Per tant, els missatges acumulats abans o despr\u00e9s de l&#8217;horari laboral tamb\u00e9 s\u00f3n culpables de l&#8217;augment d\u2019aquest sentiment de sobrec\u00e0rrega de correus electr\u00f2nics i d&#8217;estr\u00e8s.<\/p>\n<hr style=\"color: #b72126;\" \/>\n<h4><strong><img decoding=\"async\" loading=\"lazy\" class=\"alignright wp-image-15260 \" src=\"http:\/\/monempresarial.com\/wp-content\/uploads\/2017\/06\/shutterstock_491870008.jpg\" alt=\"\" width=\"293\" height=\"241\" srcset=\"https:\/\/www.monempresarial.com\/wp-content\/uploads\/2017\/06\/shutterstock_491870008.jpg 369w, https:\/\/www.monempresarial.com\/wp-content\/uploads\/2017\/06\/shutterstock_491870008-300x246.jpg 300w, https:\/\/www.monempresarial.com\/wp-content\/uploads\/2017\/06\/shutterstock_491870008-72x60.jpg 72w, https:\/\/www.monempresarial.com\/wp-content\/uploads\/2017\/06\/shutterstock_491870008-72x60@2x.jpg 144w\" sizes=\"(max-width: 293px) 100vw, 293px\" \/><\/strong><\/h4>\n<h4><\/h4>\n<h4><strong>Si les organitzacions i els seus directius volen corregir el sentiment d&#8217;estr\u00e8s dels treballadors provocat per la sobrec\u00e0rrega d&#8217;e-mails, han d&#8217;afrontar les seves ansietats, els criteris o normes que han assumit i el flux de comunicaci\u00f3 di\u00e0ria que s&#8217;escapa del seu control.<\/strong><\/h4>\n<p>&nbsp;<\/p>\n<p>&nbsp;<\/p>\n<p>&nbsp;<\/p>\n","protected":false},"excerpt":{"rendered":"<p>Els empleats dediquen al voltant de 13 hores a la setmana a la missatgeria electr\u00f2nica. Suficient perqu\u00e8 nombrosos estudis sostinguin que un gran volum de missatges, les interrupcions que provoquen en les tasques i processos laborals, i la possibilitat d&#8217;enviar i rebre correus electr\u00f2nics relacionats amb el treball en qualsevol moment i lloc, ajuda a [&hellip;]<\/p>\n","protected":false},"author":1,"featured_media":15251,"comment_status":"open","ping_status":"open","sticky":false,"template":"","format":"standard","meta":{"_mi_skip_tracking":false,"mc4wp_mailchimp_campaign":[],"jnews-multi-image_gallery":[],"jnews_single_post":[],"jnews_primary_category":[]},"categories":[11,10817,37,10836,56],"tags":[4256,5359,5360,5361,5362,1958,2512,3097],"_links":{"self":[{"href":"https:\/\/www.monempresarial.com\/ca\/wp-json\/wp\/v2\/posts\/15273"}],"collection":[{"href":"https:\/\/www.monempresarial.com\/ca\/wp-json\/wp\/v2\/posts"}],"about":[{"href":"https:\/\/www.monempresarial.com\/ca\/wp-json\/wp\/v2\/types\/post"}],"author":[{"embeddable":true,"href":"https:\/\/www.monempresarial.com\/ca\/wp-json\/wp\/v2\/users\/1"}],"replies":[{"embeddable":true,"href":"https:\/\/www.monempresarial.com\/ca\/wp-json\/wp\/v2\/comments?post=15273"}],"version-history":[{"count":1,"href":"https:\/\/www.monempresarial.com\/ca\/wp-json\/wp\/v2\/posts\/15273\/revisions"}],"predecessor-version":[{"id":48105,"href":"https:\/\/www.monempresarial.com\/ca\/wp-json\/wp\/v2\/posts\/15273\/revisions\/48105"}],"wp:featuredmedia":[{"embeddable":true,"href":"https:\/\/www.monempresarial.com\/ca\/wp-json\/wp\/v2\/media\/15251"}],"wp:attachment":[{"href":"https:\/\/www.monempresarial.com\/ca\/wp-json\/wp\/v2\/media?parent=15273"}],"wp:term":[{"taxonomy":"category","embeddable":true,"href":"https:\/\/www.monempresarial.com\/ca\/wp-json\/wp\/v2\/categories?post=15273"},{"taxonomy":"post_tag","embeddable":true,"href":"https:\/\/www.monempresarial.com\/ca\/wp-json\/wp\/v2\/tags?post=15273"}],"curies":[{"name":"wp","href":"https:\/\/api.w.org\/{rel}","templated":true}]}}