{"id":1529,"date":"2014-10-31T08:00:35","date_gmt":"2014-10-31T07:00:35","guid":{"rendered":"http:\/\/monempresarial.com\/?p=1529"},"modified":"2025-09-16T11:43:06","modified_gmt":"2025-09-16T09:43:06","slug":"apps-economia-collaborativa","status":"publish","type":"post","link":"https:\/\/www.monempresarial.com\/ca\/2014\/10\/31\/apps-economia-collaborativa\/","title":{"rendered":"Apps<\/em> d\u2019economia col\u00b7laborativa: <\/span>del somni al malson"},"content":{"rendered":"<h4>Van n\u00e9ixer com el somni d\u2019alguns consumidors ut\u00f2pics, per\u00f2 aviat s\u2019han convertit en un malson, tant pels sectors on competeixen com per les administracions que no compten amb un marc legal on enquadrar-les i, fins i tot, pels propis usuaris.<\/h4>\n<figure id=\"attachment_1528\" aria-describedby=\"caption-attachment-1528\" style=\"width: 375px\" class=\"wp-caption alignright\"><img decoding=\"async\" loading=\"lazy\" class=\"wp-image-1528\" title=\"El consum col\u00b7laboratiu que proposen iniciatives com Uber o Airbnb es pot considerar com a compet\u00e8ncia deslleial?\" src=\"http:\/\/monempresarial.com\/wp-content\/uploads\/2014\/10\/monempresarial-155-smartphone-airbnb-uber.png\" alt=\"El consum col\u00b7laboratiu que proposen iniciatives com Uber o Airbnb es pot considerar com a compet\u00e8ncia deslleial?\" width=\"375\" height=\"254\" srcset=\"https:\/\/www.monempresarial.com\/wp-content\/uploads\/2014\/10\/monempresarial-155-smartphone-airbnb-uber-300x203@2x.png 600w, https:\/\/www.monempresarial.com\/wp-content\/uploads\/2014\/10\/monempresarial-155-smartphone-airbnb-uber-300x203.png 300w\" sizes=\"(max-width: 375px) 100vw, 375px\" \/><figcaption id=\"caption-attachment-1528\" class=\"wp-caption-text\">El consum col\u00b7laboratiu que proposen iniciatives com Uber o Airbnb es pot considerar com a compet\u00e8ncia deslleial?\u00a0\u00a0\u00a0\u00a0\u00a0\/\u00a0SHUTTERSTOCK<\/figcaption><\/figure>\n<h4 style=\"text-align: left;\">Text: Raquel Correa, Brussel\u00b7les<\/h4>\n<hr style=\"color: #b72126;\" \/>\n<p>Les iniciatives P2P (l\u2019abreviaci\u00f3 en angl\u00e8s de <em>peer-to-peer<\/em>, d\u2019igual a igual) es basen en una xarxa de persones que s&#8217;organitza a trav\u00e9s d\u2019Internet i en la qual tothom per oferir i rebre un servei. \u00c9s a dir, que no hi ha una relaci\u00f3 unidireccional \u2013de qui ofereix el servei a qui l\u2019utilitza- sin\u00f3 que tots els individus es comporten com a iguals. Una esp\u00e8cie de consum col\u00b7laboratiu que la xarxa ha facilitat i les aplicacions de m\u00f2bil han popularitzat entre uns ciutadans m\u00e9s disposats que mai a estalviar diners amb aquesta forma de consum alternatiu que esquiva impostos i llic\u00e8ncies, i no reclama a ning\u00fa perqu\u00e8 certifiqui elevats est\u00e0ndards de qualitat que s\u00ed que s\u00f3n obligatoris pel sector establert amb qu\u00e8 competeixen.<\/p>\n<blockquote>\n<h2>\u201cEl debat sobre l&#8217;economia col\u00b7laborativa ens obliga a repensar com la tecnologia digital est\u00e0 alterant molts aspectes de les nostres vides\u201d, declarava a principis d\u2019estiu la comiss\u00e0ria europea d\u2019Agenda Digital, Neelie Kroes<\/h2>\n<\/blockquote>\n<p><strong>Uber i Airbnb<\/strong><br \/>\nDues de les iniciatives que han causat m\u00e9s rebombori aquest estiu han estat Uber, el sistema que \u2013des d\u2019abril a Barcelona, i a partir del mes de setembre a Madrid- ofereix transport entre particulars reempla\u00e7ant el taxi, i Airbnb, una oferta d\u2019habitacions i habitatges sencers de lloguer que substitueix l\u2019allotjament en hotels durant les vacances.<\/p>\n<p>\u201cEl debat sobre l&#8217;economia col\u00b7laborativa ens obliga a repensar com la tecnologia digital est\u00e0 alterant molts aspectes de les nostres vides. Aquesta economia \u00e9s signe d&#8217;una emprenedoria molt necess\u00e0ria i \u00e9s un impuls per a tots nosaltres com a consumidors\u201d, declarava a principis d\u2019estiu la comiss\u00e0ria europea d\u2019Agenda Digital, Neelie Kroes, ferma defensora d\u2019una economia \u201coberta a la innovaci\u00f3\u201d. Una defensa, que en realitat, responia a les vagues i protestes que el gremi de taxistes va organitzar a Madrid i Barcelona per queixar-se contra l\u2019intrusisme d\u2019Uber en un sector al qual a ells els va costar llic\u00e8ncies a preus d\u2019or d\u2019accedir. Un sector que, a m\u00e9s, ha perdut molta quota de mercat amb la crisi i que, amb el desembarcament d\u2019aquesta compet\u00e8ncia, que consideren deslleial, tem el pitjor.<\/p>\n<blockquote>\n<h2>La Llei d\u2019Ordenaci\u00f3 del Transport estableix que un particular no pot cobrar pel transport \u201cllevat del sup\u00f2sit de percepci\u00f3 de dietes o despeses de despla\u00e7ament\u201d. Uber al\u00b7lega que les tarifes que cobra serveixen per cobrir les despeses del trajecte i de manteniment del cotxe i, per tant, no infringeix la llei<\/h2>\n<\/blockquote>\n<p>Els taxistes, doncs, reclamen que la Llei els empari, per\u00f2 Uber ha agafat a les administracions a contrapeu, sense instruments legals actualitzats que donin cobertura a una aplicaci\u00f3 m\u00f2bil d\u2019aquest tipus. De fet, la norma aplicable en aquest cas \u00e9s la Llei d\u2019Ordenaci\u00f3 del Transport, que estableix que un particular no pot cobrar pel transport \u201cllevat del sup\u00f2sit de percepci\u00f3 de dietes o despeses de despla\u00e7ament\u201d. I aqu\u00ed \u00e9s on entra Uber, que al\u00b7lega que les tarifes que cobra serveixen per cobrir les despeses del trajecte i de manteniment del cotxe i, per tant, no infringeix la llei.<\/p>\n<p><strong>Revolta ve\u00efnal<\/strong><br \/>\nPer\u00f2 si les aplicacions s\u00f3n un malson per al sector amb qui competeixen (des)lleialment, i per les administracions, que no disposen d\u2019eines legals actualitzades i, sense voler-ho, deixen escletxes per on es colen aquestes apps, tamb\u00e9 ho s\u00f3n per als ciutadans, que veuen com portals com Airbnb han fet canviar la vida del seu barri en pocs mesos. \u00c9s el cas de la Barceloneta, que aquest estiu s\u2019ha al\u00e7at en peu de guerra per denunciar la proliferaci\u00f3 de pisos tur\u00edstics il\u00b7legals que inunden el barri de \u201cturistes de borratxera\u201d, inc\u00edvics i sorollosos. Si la Barceloneta compta amb una setantena d\u2019apartaments tur\u00edstics registrats, els ve\u00efns intueixen que n\u2019hi ha centenars d\u2019il\u00b7legals i que ning\u00fa no en controla l\u2019ocupaci\u00f3.<\/p>\n<blockquote>\n<h2>La Generalitat calcula que a Catalunya hi podria haver fins a un mili\u00f3 de llits tur\u00edstics il\u00b7legals. La primera passa per sancionar-los va ser imposar una multa de 30.000 euros al portal Airbnb<\/h2>\n<\/blockquote>\n<p>La Generalitat calcula que a Catalunya hi podria haver fins a un mili\u00f3 de llits tur\u00edstics il\u00b7legals i aquest estiu ja va fer la primera passa per sancionar-los: imposar una multa de 30.000 euros al portal Airbnb al\u00b7legant que els apartaments que ofereix el gegant californi\u00e0 de l\u2019allotjament compartit no estan inscrits al Registre de Turisme de Catalunya, tal com estableix la normativa de la Generalitat. El primer toc d\u2019atenci\u00f3 que la plataforma de lloguer d\u2019allotjaments tur\u00edstics ha rebut a Europa i l\u2019espurna que va fer esclatar les protestes dels ve\u00efns de la Barceloneta, que es van posar del costat de l\u2019Administraci\u00f3, conven\u00e7uts que el somni s\u2019havia convertit en un malson.<\/p>\n","protected":false},"excerpt":{"rendered":"<p>Van n\u00e9ixer com el somni d\u2019alguns consumidors ut\u00f2pics, per\u00f2 aviat s\u2019han convertit en un malson, tant pels sectors on competeixen com per les administracions que no compten amb un marc legal on enquadrar-les i, fins i tot, pels propis usuaris.<\/p>\n","protected":false},"author":16,"featured_media":1528,"comment_status":"closed","ping_status":"open","sticky":false,"template":"","format":"standard","meta":{"_mi_skip_tracking":false,"mc4wp_mailchimp_campaign":[],"jnews-multi-image_gallery":[],"jnews_single_post":[],"jnews_primary_category":[]},"categories":[9,24],"tags":[6069,113,896,1157,4476,4558,5957,6067,6068],"_links":{"self":[{"href":"https:\/\/www.monempresarial.com\/ca\/wp-json\/wp\/v2\/posts\/1529"}],"collection":[{"href":"https:\/\/www.monempresarial.com\/ca\/wp-json\/wp\/v2\/posts"}],"about":[{"href":"https:\/\/www.monempresarial.com\/ca\/wp-json\/wp\/v2\/types\/post"}],"author":[{"embeddable":true,"href":"https:\/\/www.monempresarial.com\/ca\/wp-json\/wp\/v2\/users\/16"}],"replies":[{"embeddable":true,"href":"https:\/\/www.monempresarial.com\/ca\/wp-json\/wp\/v2\/comments?post=1529"}],"version-history":[{"count":1,"href":"https:\/\/www.monempresarial.com\/ca\/wp-json\/wp\/v2\/posts\/1529\/revisions"}],"predecessor-version":[{"id":47108,"href":"https:\/\/www.monempresarial.com\/ca\/wp-json\/wp\/v2\/posts\/1529\/revisions\/47108"}],"wp:featuredmedia":[{"embeddable":true,"href":"https:\/\/www.monempresarial.com\/ca\/wp-json\/wp\/v2\/media\/1528"}],"wp:attachment":[{"href":"https:\/\/www.monempresarial.com\/ca\/wp-json\/wp\/v2\/media?parent=1529"}],"wp:term":[{"taxonomy":"category","embeddable":true,"href":"https:\/\/www.monempresarial.com\/ca\/wp-json\/wp\/v2\/categories?post=1529"},{"taxonomy":"post_tag","embeddable":true,"href":"https:\/\/www.monempresarial.com\/ca\/wp-json\/wp\/v2\/tags?post=1529"}],"curies":[{"name":"wp","href":"https:\/\/api.w.org\/{rel}","templated":true}]}}