{"id":15312,"date":"2017-06-07T11:06:29","date_gmt":"2017-06-07T09:06:29","guid":{"rendered":"http:\/\/monempresarial.com\/?p=15312\/"},"modified":"2025-06-06T10:34:16","modified_gmt":"2025-06-06T08:34:16","slug":"mon-empresarial-guanyadora-del-premi-al-millor-treball-periodistic-en-temes-economics-de-pimec","status":"publish","type":"post","link":"https:\/\/www.monempresarial.com\/ca\/2017\/06\/07\/mon-empresarial-guanyadora-del-premi-al-millor-treball-periodistic-en-temes-economics-de-pimec\/","title":{"rendered":"M\u00f3n Empresarial:<\/em> <\/span> guanyadora del Premi al Millor Treball Period\u00edstic en temes econ\u00f2mics de PIMEC"},"content":{"rendered":"<h5>La revista especialitzada en economia i empresa va rebre el guard\u00f3 que atorga la patronal catalana de la petita i mitjana empresa en una gran gala organitzada ahir a la nit al Palau Sant Jordi amb la presencia del president de la Generalitat, Carles Puigdemont.<\/h5>\n<hr style=\"color: #b72126;\" \/>\n<p><span style=\"color: #719f8c; font-weight: bold;\"><img decoding=\"async\" loading=\"lazy\" class=\"wp-image-15315 alignleft\" src=\"http:\/\/monempresarial.com\/wp-content\/uploads\/2017\/06\/portada-9-e1496826188861.jpg\" alt=\"\" width=\"330\" height=\"428\" srcset=\"https:\/\/www.monempresarial.com\/wp-content\/uploads\/2017\/06\/portada-9-e1496826188861.jpg 689w, https:\/\/www.monempresarial.com\/wp-content\/uploads\/2017\/06\/portada-9-e1496826188861-231x300.jpg 231w\" sizes=\"(max-width: 330px) 100vw, 330px\" \/>\u201cPer haver creat un espai de debat plural<\/span> de l\u00edders empresarials, col\u00b7legis professionals, sindicats i partits pol\u00edtics amb reflexions econ\u00f2miques, an\u00e0lisi i opinions de refer\u00e8ncia de la m\u00e0 d&#8217;experts i l\u00edders nacionals i internacionals\u201d. Aix\u00ed com \u201cper la qualitat dels seus continguts, per tractar permanentment temes relacionats amb les pimes i els aut\u00f2noms i per haver aconseguit convertir-se en una revista econ\u00f2mica de refer\u00e8ncia en l\u2019\u00e0mbit estatal\u201d. Aquests s\u00f3n els motius esgrimits per PIMEC per justificar que el Premi al Millor Treball Period\u00edstic en temes econ\u00f2mics que cada any atorga la patronal catalana de la petita i mitjana empresa hagi estat concedit enguany a <em>M\u00f3n Empresarial.<\/em><br \/>\nEls Premis Pimes s\u00f3n una distinci\u00f3 que atorga PIMEC en reconeixement a les millors iniciatives empresarials realitzades a Catalunya en diferents \u00e0mbits. Aquest any, van assolir a la seva 30a edici\u00f3 i per celebrar-ho anit es va organitzar una gran gala al Palau Sant Jordi on hi van assistir m\u00e9s de 1.200 persones del m\u00f3n econ\u00f2mic, pol\u00edtic i social, entre elles Carles Puigdemont, president de la Generalitat de Catalunya, que presid\u00ed l\u2019acte. L\u2019editora de <em>M\u00f3n Empresarial<\/em>, Laura Pons, i el president del Consell Editorial de <em>M\u00f3n Empresarial<\/em>, Joan Pons, van ser els encarregats de recollir el guard\u00f3 en nom de la publicaci\u00f3.<\/p>\n<p><span style=\"color: #719f8c; font-weight: bold;\">R\u00e8cord de participaci\u00f3<\/span><br \/>\nEn una convocat\u00f2ria que enguany ha registrat una xifra r\u00e8cord de participaci\u00f3 amb 101 candidatures provinents de 93 empreses -augment del 43% respecte a l\u2019any passat, \u201cfet que s\u2019associa amb la bona marxa de l\u2019economia i, especialment, de les pimes\u201d, segons PIMEC, la resta de guardonats van ser:<\/p>\n<ul>\n<li><strong>Reconeixement en el comer\u00e7:<\/strong> Gremi de Carnissers de Barcelona i Comarques<\/li>\n<li><strong>Reconeixement a la millor iniciativa col\u00b7lectiva:<\/strong> AGIC &#8211; FERCA<\/li>\n<li><strong>Premi DIPLOCAT a la Diplom\u00e0cia Empresarial Catalana:<\/strong> Beabloo<\/li>\n<li><strong>Col\u00b7laboraci\u00f3 Empresa-Formaci\u00f3 Professional:<\/strong> Institut La Garrotxa<\/li>\n<li><strong>Premi Fundaci\u00f3 PIMEC als Valors d\u2019empresa:<\/strong> Numintec Comunicaciones<\/li>\n<li><strong>Premi a la Qualitat Ling\u00fc\u00edstica en el m\u00f3n empresarial (amb la col\u00b7laboraci\u00f3 del Departament de Cultura):<\/strong> Associaci\u00f3 Priorat Enoturisme<\/li>\n<li><strong>Premi al Comer\u00e7 m\u00e9s competitiu:<\/strong> Forn de pa i pastisseria Cardona<\/li>\n<li><strong>Premi a la Microempresa m\u00e9s competitiva:<\/strong> Electronic Intelligent Controls<\/li>\n<li><strong>Premi a la Petita Empresa m\u00e9s competitiva:<\/strong> Las Monta\u00f1as del Canad\u00e1<\/li>\n<li><strong>Premi a la Mitjana Empresa m\u00e9s competitiva:<\/strong> Maquinaria Industrial DARA<\/li>\n<\/ul>\n<p>Durant la gala tamb\u00e9 es van commemorar els 10 anys de la creaci\u00f3 de la Fundaci\u00f3 PIMEC.<\/p>\n","protected":false},"excerpt":{"rendered":"<p>La revista especialitzada en economia i empresa va rebre el guard\u00f3 que atorga la patronal catalana de la petita i mitjana empresa en una gran gala organitzada ahir a la nit al Palau Sant Jordi amb la presencia del president de la Generalitat, Carles Puigdemont. \u201cPer haver creat un espai de debat plural de l\u00edders [&hellip;]<\/p>\n","protected":false},"author":1,"featured_media":15314,"comment_status":"open","ping_status":"open","sticky":false,"template":"","format":"standard","meta":{"_mi_skip_tracking":false,"mc4wp_mailchimp_campaign":[],"jnews-multi-image_gallery":[],"jnews_single_post":[],"jnews_primary_category":[]},"categories":[5694,10820,10821,10825,10],"tags":[5414,5415,5416,5417,7675,113,180,290,5153],"_links":{"self":[{"href":"https:\/\/www.monempresarial.com\/ca\/wp-json\/wp\/v2\/posts\/15312"}],"collection":[{"href":"https:\/\/www.monempresarial.com\/ca\/wp-json\/wp\/v2\/posts"}],"about":[{"href":"https:\/\/www.monempresarial.com\/ca\/wp-json\/wp\/v2\/types\/post"}],"author":[{"embeddable":true,"href":"https:\/\/www.monempresarial.com\/ca\/wp-json\/wp\/v2\/users\/1"}],"replies":[{"embeddable":true,"href":"https:\/\/www.monempresarial.com\/ca\/wp-json\/wp\/v2\/comments?post=15312"}],"version-history":[{"count":1,"href":"https:\/\/www.monempresarial.com\/ca\/wp-json\/wp\/v2\/posts\/15312\/revisions"}],"predecessor-version":[{"id":46238,"href":"https:\/\/www.monempresarial.com\/ca\/wp-json\/wp\/v2\/posts\/15312\/revisions\/46238"}],"wp:featuredmedia":[{"embeddable":true,"href":"https:\/\/www.monempresarial.com\/ca\/wp-json\/wp\/v2\/media\/15314"}],"wp:attachment":[{"href":"https:\/\/www.monempresarial.com\/ca\/wp-json\/wp\/v2\/media?parent=15312"}],"wp:term":[{"taxonomy":"category","embeddable":true,"href":"https:\/\/www.monempresarial.com\/ca\/wp-json\/wp\/v2\/categories?post=15312"},{"taxonomy":"post_tag","embeddable":true,"href":"https:\/\/www.monempresarial.com\/ca\/wp-json\/wp\/v2\/tags?post=15312"}],"curies":[{"name":"wp","href":"https:\/\/api.w.org\/{rel}","templated":true}]}}