{"id":15390,"date":"2017-07-06T14:01:51","date_gmt":"2017-07-06T12:01:51","guid":{"rendered":"http:\/\/monempresarial.com\/?p=15390\/"},"modified":"2025-06-06T10:33:53","modified_gmt":"2025-06-06T08:33:53","slug":"xxiv-edicio-premi-jove-empresari-aijec-jose-elias-serigeix-com-a-millor-jove-empresari-2016","status":"publish","type":"post","link":"https:\/\/www.monempresarial.com\/ca\/2017\/07\/06\/xxiv-edicio-premi-jove-empresari-aijec-jose-elias-serigeix-com-a-millor-jove-empresari-2016\/","title":{"rendered":"XXIV Edici\u00f3 Premi Jove Empresari AIJEC:<\/span> Jos\u00e9 El\u00edas s\u2019erigeix com a millor Jove Empresari 2016"},"content":{"rendered":"<h4>El fundador d\u2019Audax Energia s\u2019imposa davant de Gerard Oliv\u00e9 d&#8217;Antai Venture Builder i Martina Font de Font Packaging Group en la XXIV edici\u00f3 dels guardons que atorga l\u2019Associaci\u00f3 de Joves Empresaris de Catalunya que, enguany, tamb\u00e9 ha volgut recon\u00e8ixer la companyia Transplant Biomedicals amb el trofeu a la Millor Iniciativa Empresarial i a Rosa Oriol (Tous) com a Millor Traject\u00f2ria Professional.<\/h4>\n<hr style=\"color: #b72126;\" \/>\n<p><span style=\"color: #719f8c; font-weight: bold;\">Jos\u00e9 El\u00edas, fundador d&#8217;Audax Energia,\u00a0<\/span>companyia que comercialitza energia el\u00e8ctrica i gas a Espanya, Portugal, It\u00e0lia, Alemanya, Pol\u00f2nia i Holanda, \u00e9s el millor jove empresari catal\u00e0 del 2016. Aix\u00ed ho certifica el guard\u00f3 que li va atorgar anit l\u2019<strong><a href=\"http:\/\/www.aijec.cat\/\" target=\"_blank\" rel=\"noopener noreferrer\">Associaci\u00f3 de Joves Empresaris de Catalunya (AIJEC)<\/a> <\/strong>en el marc <strong>24a edici\u00f3 del Premi Jove Empresari<\/strong>, celebrada al pati d\u2019armes del Castell de Montjuic amb la pres\u00e8ncia de 300 empresaris i representants del m\u00f3n institucional i empresarial catal\u00e0. El\u00edas, que es va imposar als altres dos finalistes, <strong>Gerard Oliv\u00e9<\/strong>, d&#8217;Antai Venture Builder, i <strong>Martina Font<\/strong>, de Font Packaging Group, \u201cper haver aconseguit construir un fort grup empresarial amb m\u00e9s de 1.700 treballadors en poc m\u00e9s de 8 anys\u201d, va recollir el premi de mans del nou conseller d&#8217;Empresa i Ocupaci\u00f3, <strong>Santi Vila<\/strong>.<br \/>\nDurant la gala l\u2019AIJEC tamb\u00e9 va recon\u00e8ixer la tasca de <strong>Transplant Biomedicals<\/strong> amb el <strong>Premi a la Millor Iniciativa Empresarial<\/strong>. La companyia sorgida de l&#8217;IDIBAPS &#8211; Hospital Cl\u00ednic de Barcelona est\u00e0 desenvolupant un nou dispositiu m\u00e8dic per a la preservaci\u00f3 i transport d&#8217;\u00f2rgans per a trasplantaments que incrementar\u00e0 el nombre d&#8217;\u00f2rgans disponibles i l&#8217;\u00e8xit en el procediment. \u201cEls beneficis que aquesta tecnologia pot aportar a la societat i com es podran capgirar les estad\u00edstiques, arribant a duplicar la superviv\u00e8ncia dels \u00f2rgans trasplantats i reduint fins a quatre vegades els danys que pateixen durant aquest proc\u00e9s\u201d, van ser les raons esgrimides per l\u2019Associaci\u00f3 de Joves Empresaris de Catalunya per premiar la companyia.<\/p>\n<p style=\"text-align: left;\"><span style=\"color: #719f8c; font-weight: bold;\">Emprenedoria en femen\u00ed<\/span><br \/>\nLa cita anual de l\u2019AIJEC, tot i premiar el talent jove en clau de futur, no s\u2019oblida de la important tasca realitzada per aquells emprenedors s\u00e8nior que amb la seva passi\u00f3 i perseveran\u00e7a han obert el cam\u00ed a les noves generacions. \u00c9s per aix\u00f2 que anit tamb\u00e9 es va lliurar el <strong>Reconeixement a la Millor Traject\u00f2ria Professional<\/strong>. Enguany el guard\u00f3 fou per a <strong>Rosa Oriol<\/strong>, de TOUS, \u201cun exemple de dona emprenedora, que fa cinquanta anys, quan es va casar, va optar per treballar en comptes de quedar-se a casa i va descobrir la seva passi\u00f3 per les joies\u201d. Avui TOUS est\u00e0 present als cinc continents, amb m\u00e9s de 500 botigues en una cinquantena de pa\u00efsos.<\/p>\n<p style=\"text-align: left;\"><span style=\"color: #719f8c; font-weight: bold;\">M\u00e9s premis<\/span><br \/>\nEl <strong>Reconeixement a la Qualitat Ling\u00fc\u00edstica Empresarial<\/strong>, que premia l\u2019aposta per la llengua catalana en l\u2019\u00e0mbit de l\u2019empresa, va ser per a <strong>Cuinara<\/strong>, marca de menjar saludable sense additius. El <strong>Reconeixement al Futur Empresari<\/strong>, guard\u00f3 que premia al millor projecte emprenedor treballat per menors de 18 anys a la Fundaci\u00f3 Escola Emprenedors, per la seva banda, va anar a parar a mans del <strong>projecte Breasy<\/strong> del Col\u00b7legi Mare de D\u00e9u dels \u00c0ngels (Barcelona), que ha creat un termos que escalfa i refreda de manera ecol\u00f2gica i amb compartiment per a aliments petits.<\/p>\n<p style=\"text-align: left;\"><strong><span style=\"color: #719f8c;\">Desestigmatitzar la figura dels empresaris\u00a0<\/span><\/strong><br \/>\nEl president de l\u2019AIJEC, <strong>Eloi Pal\u00e0<\/strong>, va aprofitar la reuni\u00f3 anual de l\u2019associaci\u00f3 per fer una crida per canviar la visi\u00f3 que es d\u00f3na de l\u2019empresari. <strong>&#8220;Encara avui en ple segle XXI, l\u2019empresa segueix estant estigmatitzada, el mateix que la paraula empresari. \u00c9s important que tots contribu\u00efm en aquesta tasca de conscienciaci\u00f3&#8221;.\u00a0 &#8220;Necessitem m\u00e9s actors que pugin al escenari, perqu\u00e8 el nostre estat del benestar i el dels nostres fills est\u00e0 en joc&#8221;<\/strong>, va advertir el president dels joves empresaris, que va recalcar que aquesta <strong>&#8220;\u00e9s una tasca de tots, i \u00e9s per a tots&#8221;<\/strong>. Durant el seu discurs Pal\u00e0 va insistir en la necessitat de crear un ecosistema \u00f2ptim per a les empreses. <strong>&#8220;Una societat pr\u00f2spera requereix d\u2019un intens teixit empresarial i cal que la oportunitat de muntar una empresa estigui a l\u2019abast de tothom&#8221;<\/strong>. Finalment, el president de l&#8217;AIJEC va apel\u00b7lar als pol\u00edtics a no deixar passar aquesta oportunitat i proposar <strong>&#8220;veritables mesures d\u2019ajuda per als joves empresaris&#8221;<\/strong>.<\/p>\n","protected":false},"excerpt":{"rendered":"<p>El fundador d\u2019Audax Energia s\u2019imposa davant de Gerard Oliv\u00e9 d&#8217;Antai Venture Builder i Martina Font de Font Packaging Group en la XXIV edici\u00f3 dels guardons que atorga l\u2019Associaci\u00f3 de Joves Empresaris de Catalunya que, enguany, tamb\u00e9 ha volgut recon\u00e8ixer la companyia Transplant Biomedicals amb el trofeu a la Millor Iniciativa Empresarial i a Rosa Oriol [&hellip;]<\/p>\n","protected":false},"author":1,"featured_media":15197,"comment_status":"open","ping_status":"open","sticky":false,"template":"","format":"standard","meta":{"_mi_skip_tracking":false,"mc4wp_mailchimp_campaign":[],"jnews-multi-image_gallery":[],"jnews_single_post":[],"jnews_primary_category":[]},"categories":[5694,10820,10821,10,10825],"tags":[1147,1434,2761,3858,5330,5442,5443],"_links":{"self":[{"href":"https:\/\/www.monempresarial.com\/ca\/wp-json\/wp\/v2\/posts\/15390"}],"collection":[{"href":"https:\/\/www.monempresarial.com\/ca\/wp-json\/wp\/v2\/posts"}],"about":[{"href":"https:\/\/www.monempresarial.com\/ca\/wp-json\/wp\/v2\/types\/post"}],"author":[{"embeddable":true,"href":"https:\/\/www.monempresarial.com\/ca\/wp-json\/wp\/v2\/users\/1"}],"replies":[{"embeddable":true,"href":"https:\/\/www.monempresarial.com\/ca\/wp-json\/wp\/v2\/comments?post=15390"}],"version-history":[{"count":1,"href":"https:\/\/www.monempresarial.com\/ca\/wp-json\/wp\/v2\/posts\/15390\/revisions"}],"predecessor-version":[{"id":46235,"href":"https:\/\/www.monempresarial.com\/ca\/wp-json\/wp\/v2\/posts\/15390\/revisions\/46235"}],"wp:featuredmedia":[{"embeddable":true,"href":"https:\/\/www.monempresarial.com\/ca\/wp-json\/wp\/v2\/media\/15197"}],"wp:attachment":[{"href":"https:\/\/www.monempresarial.com\/ca\/wp-json\/wp\/v2\/media?parent=15390"}],"wp:term":[{"taxonomy":"category","embeddable":true,"href":"https:\/\/www.monempresarial.com\/ca\/wp-json\/wp\/v2\/categories?post=15390"},{"taxonomy":"post_tag","embeddable":true,"href":"https:\/\/www.monempresarial.com\/ca\/wp-json\/wp\/v2\/tags?post=15390"}],"curies":[{"name":"wp","href":"https:\/\/api.w.org\/{rel}","templated":true}]}}