{"id":15412,"date":"2017-07-28T10:31:54","date_gmt":"2017-07-28T08:31:54","guid":{"rendered":"http:\/\/monempresarial.com\/?p=15412\/"},"modified":"2025-09-25T09:55:52","modified_gmt":"2025-09-25T07:55:52","slug":"entrevista-a-julian-king-comissari-europeu-dunio-de-la-seguretat","status":"publish","type":"post","link":"https:\/\/www.monempresarial.com\/ca\/2017\/07\/28\/entrevista-a-julian-king-comissari-europeu-dunio-de-la-seguretat\/","title":{"rendered":"Entrevista a Julian King,<\/span><\/span> comissari europeu d\u2019Uni\u00f3 de la Seguretat"},"content":{"rendered":"<h4>Julian King (Sutton Coldfield, 1964) \u00e9s el comissari d\u2019Uni\u00f3 de la Seguretat. La seva principal tasca \u00e9s coordinar i donar m\u00e9s visibilitat a la lluita antiterrorista despr\u00e9s dels nombrosos atemptats que ha patit la UE recentment. Ser\u00e0 l\u2019\u00faltim brit\u00e0nic que ocupi una cartera a la Comissi\u00f3 Europea, ja que el Regne Unit deixar\u00e0 el club d\u2019aqu\u00ed a dos anys. Diplom\u00e0tic de professi\u00f3 i eur\u00f2fil per convicci\u00f3, va estudiar a les prestigioses universitats d\u2019Oxford i l\u2019\u00c9cole Nationale d\u2019Administration (Par\u00eds).<\/h4>\n<h4>Text: <a style=\"color: #719f8c;\" href=\"http:\/\/monempresarial.com\/author\/eherrera\/\">Esther Herrera. Brussel\u00b7les<\/a><br \/>\nFotos: <a style=\"color: #719f8c;\">Comissi\u00f3 Europea<\/a><\/h4>\n<hr style=\"color: #b72126;\" \/>\n<p><img decoding=\"async\" loading=\"lazy\" class=\"alignright wp-image-15415\" src=\"http:\/\/monempresarial.com\/wp-content\/uploads\/2017\/07\/P032463001001-238420.jpg\" alt=\"\" width=\"461\" height=\"275\" srcset=\"https:\/\/www.monempresarial.com\/wp-content\/uploads\/2017\/07\/P032463001001-238420.jpg 1452w, https:\/\/www.monempresarial.com\/wp-content\/uploads\/2017\/07\/P032463001001-238420-300x179.jpg 300w, https:\/\/www.monempresarial.com\/wp-content\/uploads\/2017\/07\/P032463001001-238420-1024x611.jpg 1024w, https:\/\/www.monempresarial.com\/wp-content\/uploads\/2017\/07\/P032463001001-238420-333x200.jpg 333w, https:\/\/www.monempresarial.com\/wp-content\/uploads\/2017\/07\/P032463001001-238420-300x179@2x.jpg 600w, https:\/\/www.monempresarial.com\/wp-content\/uploads\/2017\/07\/P032463001001-238420-333x200@2x.jpg 666w\" sizes=\"(max-width: 461px) 100vw, 461px\" \/><\/p>\n<p><span style=\"color: #719f8c; font-weight: bold;\">Per qu\u00e8 considera que \u00e9s necessari tenir una vertadera Uni\u00f3 de la Seguretat?<\/span><br \/>\nPerqu\u00e8 junts som molt m\u00e9s forts. Les amenaces a qu\u00e8 ens enfrontem arriben de formes molt diferents, per\u00f2 compartim una mateixa an\u00e0lisi i els mateixos valors. Aquells que ens volen fer mal -i aqu\u00ed incloc a terroristes, organitzacions criminals i, en alguns casos, actors estatals i no estatals que busquen soscavar les nostres democr\u00e0cies- no entenen de fronteres. \u00c9s m\u00e9s, busquen beneficiar-se\u2019n i aprofitar-se de les seves vulnerabilitats. Per aquesta ra\u00f3, el president Juncker va crear una cartera espec\u00edfica en aquesta \u00e0rea. \u00c9s un honor per a mi ser el primer que se\u2019n fa c\u00e0rrec.<\/p>\n<p><span style=\"color: #719f8c; font-weight: bold;\">Aviat far\u00e0 un any que va prendre\u2019n possessi\u00f3. Un any molt dif\u00edcil, perqu\u00e8 diversos pa\u00efsos de la UE han patit atacs terroristes. El preocupa que molts ciutadans percebin que no es poden sentir segurs enlloc?<\/span><br \/>\nPart de la meva feina, i de la dels meus companys a la Comissi\u00f3, \u00e9s protegir adequadament els ciutadans perqu\u00e8 puguin viure les seves vides en pau, estabilitat i seguretat. Tot i aix\u00ed, \u00e9s veritat que la seguretat i, en particular, l\u2019amena\u00e7a del terrorisme, \u00e9s una de les seves principals preocupacions. Amb tot, tinc confian\u00e7a que despr\u00e9s de dos anys i mig en qu\u00e8 hem patit atacs terroristes, estiguem comen\u00e7ant a progressar per sentir una major seguretat. Estem treballant durament per acorralar els terroristes i evitar que puguin operar, per exemple, prohibint que puguin tenir acc\u00e9s als seus comptes, vigilant la seva mobilitat o impedint que obtinguin armes.<\/p>\n<blockquote>\n<h2 style=\"color: #719f8c; text-align: center;\">&#8220;Aprenem de cada atac perqu\u00e8 l\u2019\u00e8xit que hagi pogut tenir un terrorista en el passat sigui un atemptat frustrat en el futur.&#8221;<\/h2>\n<\/blockquote>\n<p><span style=\"color: #719f8c; font-weight: bold;\">Despr\u00e9s dels atacs de Par\u00eds el 13 de novembre del 2015 es va demostrar que els serveis d\u2019intel\u00b7lig\u00e8ncia no cooperaven suficientment. Han millorat des de llavors?<\/span><br \/>\nAra, els serveis de seguretat i intel\u00b7lig\u00e8ncia cooperen i intercanvien informaci\u00f3 cada dia. Estan constantment treballant com millorar, perqu\u00e8 compartir informaci\u00f3 de forma adequada \u00e9s clau per lluitar contra el terrorisme. Per aix\u00f2 \u00e9s necessari que, primer, tots els estats membres facin el m\u00e0xim \u00fas dels sistemes d\u2019informaci\u00f3 que la UE ha posat a la seva disposici\u00f3. Hem refor\u00e7at l\u2019intercanvi d\u2019informaci\u00f3 entre tots els actors i aqu\u00ed hem vist importants progressos.<br \/>\nD\u2019altra banda, hem proposat nous sistemes d\u2019informaci\u00f3. La presid\u00e8ncia rotat\u00f2ria de la UE i el Parlament Europeu aviat conclouran les negociacions per aprovar el Sistema Europeu d\u2019Informaci\u00f3 i Autoritzaci\u00f3 de Viatges (ETIAS, en la seva sigla en angl\u00e8s). Aquest sistema ens permetr\u00e0 activar un mecanisme d\u2019alerta si alg\u00fa demana un visat per viatjar per Schengen i t\u00e9 algun tipus d\u2019antecedent criminal. Finalment, estem treballant en la connexi\u00f3 de totes les bases de dades per assegurar que els nostres sistemes d\u2019informaci\u00f3 es comuniquen entre ells i aix\u00ed eliminar els buits legals en qu\u00e8 terroristes que, per exemple, utilitzen diversos \u00e0lies passin desapercebuts en els nostres sistemes.<\/p>\n<figure id=\"attachment_15416\" aria-describedby=\"caption-attachment-15416\" style=\"width: 699px\" class=\"wp-caption aligncenter\"><img decoding=\"async\" loading=\"lazy\" class=\"wp-image-15416 \" src=\"http:\/\/monempresarial.com\/wp-content\/uploads\/2017\/07\/P033519000401-671771.jpg\" alt=\"\" width=\"699\" height=\"466\" srcset=\"https:\/\/www.monempresarial.com\/wp-content\/uploads\/2017\/07\/P033519000401-671771.jpg 1155w, https:\/\/www.monempresarial.com\/wp-content\/uploads\/2017\/07\/P033519000401-671771-300x200.jpg 300w, https:\/\/www.monempresarial.com\/wp-content\/uploads\/2017\/07\/P033519000401-671771-1024x683.jpg 1024w, https:\/\/www.monempresarial.com\/wp-content\/uploads\/2017\/07\/P033519000401-671771-252x167.jpg 252w, https:\/\/www.monempresarial.com\/wp-content\/uploads\/2017\/07\/P033519000401-671771-300x200@2x.jpg 600w, https:\/\/www.monempresarial.com\/wp-content\/uploads\/2017\/07\/P033519000401-671771-252x167@2x.jpg 504w\" sizes=\"(max-width: 699px) 100vw, 699px\" \/><figcaption id=\"caption-attachment-15416\" class=\"wp-caption-text\">King assegura que s&#8217;estan prenent les mesures necess\u00e0ries per dificultar que els terroristes puguin &#8220;viatjar, finan\u00e7ar-se i accedir a armes i a explosius&#8221;. Perqu\u00e8 aix\u00f2 sigui possible, el comissari europeu reconeix que \u00e9s essencial la cooperaci\u00f3 internacional i &#8220;treballar conjuntament&#8221;.<\/figcaption><\/figure>\n<p><span style=\"color: #719f8c; font-weight: bold;\">Estem, aleshores, m\u00e9s preparats ara que fa dos anys per evitar atemptats terroristes?<\/span><br \/>\nMirant enrere aquests \u00faltims dos anys, ens estem assegurant que aprenem de cada atac perqu\u00e8 l\u2019\u00e8xit que hagi pogut tenir un terrorista en el passat sigui un atemptat frustrat en el futur. Els recents atacs a Europa tenen molts punts en com\u00fa. Per exemple, molts es van preparar i executar a diversos pa\u00efsos, alguns dels atacants eren ciutadans o residents europeus que havien viatjat a S\u00edria o a l\u2019Iraq, i nom\u00e9s un petit grup provenia de pa\u00efsos tercers. I gaireb\u00e9 tots els atacants havien creuat les fronteres exteriors de la UE en algun moment abans dels seus atemptats. En resposta a aix\u00f2, hem endurit la seguretat a les fronteres exteriors de la UE, amb controls sistem\u00e0tics per a tothom. Tamb\u00e9 el registre de dades de passatgers (PNR, en la seva sigla en angl\u00e8s) far\u00e0 m\u00e9s f\u00e0cil la detecci\u00f3 de moviments dels terroristes. La informaci\u00f3 \u00e9s b\u00e0sica per poder-nos defensar, per aix\u00f2 hem enfortit els nostres sistemes d\u2019informaci\u00f3 per con\u00e8ixer qui entra i qui surt de la zona Schengen. Alhora que enfortim els controls a les fronteres exteriors i l\u2019intercanvi d\u2019informaci\u00f3 entre les nostres forces de l\u2019ordre i les ag\u00e8ncies de seguretat, tamb\u00e9 criminalitzem els viatges a S\u00edria i a l\u2019Iraq amb intencions terroristes. Tamb\u00e9 hem proposat un enduriment en les normes sobre blanqueig de diners, i ara hem posat m\u00e9s dif\u00edcil als terroristes accedir a les armes m\u00e9s perilloses i a detonadors explosius. Aix\u00ed que podem dir que els estem posant molt dif\u00edcil als terroristes poder viatjar, finan\u00e7ar-se i accedir a armes i explosius.<\/p>\n<blockquote>\n<h2 style=\"color: #719f8c; text-align: center;\">&#8220;Aquells que ens volen fer mal -i aqu\u00ed incloc a terroristes, organitzacions criminals i, en alguns casos, actors estatals i no estatals que busquen soscavar les nostres democr\u00e0cies- no entenen de fronteres.&#8221;<\/h2>\n<\/blockquote>\n<p><span style=\"color: #719f8c; font-weight: bold;\">La cooperaci\u00f3 entre pa\u00efsos europeus \u00e9s b\u00e0sica, tamb\u00e9 amb els Estats Units. Est\u00e0 en contacte amb la nova Administraci\u00f3 Trump? Creu que la cooperaci\u00f3 continuar\u00e0 sent la mateixa?<\/span><br \/>\nLes amenaces a la seguretat actualment s\u00f3n transnacionals, no importen les fronteres i ens afecten a tots per igual com, per exemple, la propaganda a la Xarxa dels grups terroristes, el terrorisme financer, la ciberseguretat o el tr\u00e0fic d\u2019armes. Per tant, l\u2019a\u00efllament no \u00e9s una resposta; hem de treballar conjuntament. La UE i els Estats Units tenen una llarga i estreta relaci\u00f3 en mat\u00e8ria de seguretat, i seguirem treballant junts. La Comissi\u00f3 Europea ha estat en contacte de forma regular amb la nova Administraci\u00f3. Quant a la seguretat, tenim contactes regulars en contraterrorisme i ciberseguretat, i estem augmentant l\u2019intercanvi d\u2019informaci\u00f3 entre les nostres diferents ag\u00e8ncies de seguretat. Enfrontar-se als reptes actuals sobre seguretat requereix cooperaci\u00f3 internacional per seguir protegint els nostres ciutadans i contribuir a la pau i la seguretat al m\u00f3n.<\/p>\n<p><span style=\"color: #719f8c; font-weight: bold;\">Quin creu que ha de ser el rol de les xarxes socials com Twitter i Facebook en la lluita antiterrorista? Creu que estan fent suficient?<\/span><br \/>\nEl desembre del 2015, la Comissi\u00f3 va llan\u00e7ar la iniciativa del F\u00f2rum UE d\u2019Internet amb la participaci\u00f3 dels estats membres i les companyies m\u00e9s importants del sector. Aquesta iniciativa t\u00e9 dos objectius: reduir l\u2019acc\u00e9s a continguts terroristes per Internet i donar a la societat civil m\u00e9s i millors alternatives a la Xarxa. Quant al primer objectiu, l\u2019Europol compta amb la Unitat de Notificaci\u00f3 de Contingut d\u2019Internet que identifica els continguts terroristes que es troben a la Xarxa. Es guarden en una base de dades desenvolupada per la ind\u00fastria d\u2019Internet i ajuda que aquesta propaganda no torni a reproduir-se en d\u2019altres plataformes. Tot i aix\u00ed, impedir que les persones acabin caient en el terrorisme ha de ser el nostre principal objectiu. Per aix\u00f2, hem de donar m\u00e9s eines a professors, agents de presons, treballadors socials, etc. perqu\u00e8 identifiquin el m\u00e9s aviat possible si veuen signes d\u2019extremisme i assegurar que es pot intervenir i oferir ajuda.<br \/>\nTamb\u00e9 \u00e9s clar que grups terroristes com Da\u2019esh (acr\u00f2nim d\u2019Estat Isl\u00e0mic, en \u00e0rab) dediquen un gran nombre de recursos a Internet perqu\u00e8 ho veuen com un mecanisme ideal per atraure i reclutar a individus, i donen instruccions espec\u00edfiques de com perpetrar atrocitats contra civils innocents. A la Comissi\u00f3 estem treballant durament perqu\u00e8 totes aquestes companyies d\u2019Internet, incloses les xarxes socials, estiguin disposades a fer el necessari per protegir els seus usuaris, impedint que els terroristes es benefici\u00efn d\u2019aquestes plataformes.<\/p>\n<blockquote>\n<h2 style=\"color: #719f8c; text-align: center;\">&#8220;Els serveis de seguretat i intel\u00b7lig\u00e8ncia cooperen i intercanvien informaci\u00f3 cada dia. Estan constantment treballant com millorar, perqu\u00e8 compartir informaci\u00f3 de forma adequada \u00e9s clau per lluitar contra el terrorisme.&#8221;<\/h2>\n<\/blockquote>\n<p><span style=\"color: #719f8c; font-weight: bold;\">Llegeix tamb\u00e9:\u00a0<a href=\"http:\/\/monempresarial.com\/2017\/07\/28\/la-unio-europea-davant-del-desafiament-del-terrorisme-internacional\/\" target=\"_blank\" rel=\"noopener noreferrer\">La UE davant del desafiament del terrorisme internacional<\/a><\/span><\/p>\n","protected":false},"excerpt":{"rendered":"<p>Julian King (Sutton Coldfield, 1964) \u00e9s el comissari d\u2019Uni\u00f3 de la Seguretat. La seva principal tasca \u00e9s coordinar i donar m\u00e9s visibilitat a la lluita antiterrorista despr\u00e9s dels nombrosos atemptats que ha patit la UE recentment. Ser\u00e0 l\u2019\u00faltim brit\u00e0nic que ocupi una cartera a la Comissi\u00f3 Europea, ja que el Regne Unit deixar\u00e0 el club [&hellip;]<\/p>\n","protected":false},"author":1,"featured_media":15413,"comment_status":"open","ping_status":"open","sticky":false,"template":"","format":"standard","meta":{"_mi_skip_tracking":false,"mc4wp_mailchimp_campaign":[],"jnews-multi-image_gallery":[],"jnews_single_post":[],"jnews_primary_category":[]},"categories":[9,10839,10815,10843,19],"tags":[143,170,954,1053,2047,5453,5454,5455,5456],"_links":{"self":[{"href":"https:\/\/www.monempresarial.com\/ca\/wp-json\/wp\/v2\/posts\/15412"}],"collection":[{"href":"https:\/\/www.monempresarial.com\/ca\/wp-json\/wp\/v2\/posts"}],"about":[{"href":"https:\/\/www.monempresarial.com\/ca\/wp-json\/wp\/v2\/types\/post"}],"author":[{"embeddable":true,"href":"https:\/\/www.monempresarial.com\/ca\/wp-json\/wp\/v2\/users\/1"}],"replies":[{"embeddable":true,"href":"https:\/\/www.monempresarial.com\/ca\/wp-json\/wp\/v2\/comments?post=15412"}],"version-history":[{"count":1,"href":"https:\/\/www.monempresarial.com\/ca\/wp-json\/wp\/v2\/posts\/15412\/revisions"}],"predecessor-version":[{"id":48092,"href":"https:\/\/www.monempresarial.com\/ca\/wp-json\/wp\/v2\/posts\/15412\/revisions\/48092"}],"wp:featuredmedia":[{"embeddable":true,"href":"https:\/\/www.monempresarial.com\/ca\/wp-json\/wp\/v2\/media\/15413"}],"wp:attachment":[{"href":"https:\/\/www.monempresarial.com\/ca\/wp-json\/wp\/v2\/media?parent=15412"}],"wp:term":[{"taxonomy":"category","embeddable":true,"href":"https:\/\/www.monempresarial.com\/ca\/wp-json\/wp\/v2\/categories?post=15412"},{"taxonomy":"post_tag","embeddable":true,"href":"https:\/\/www.monempresarial.com\/ca\/wp-json\/wp\/v2\/tags?post=15412"}],"curies":[{"name":"wp","href":"https:\/\/api.w.org\/{rel}","templated":true}]}}