{"id":15427,"date":"2017-07-28T11:15:36","date_gmt":"2017-07-28T09:15:36","guid":{"rendered":"http:\/\/monempresarial.com\/?p=15427\/"},"modified":"2025-09-25T09:55:38","modified_gmt":"2025-09-25T07:55:38","slug":"la-unio-europea-davant-del-desafiament-del-terrorisme-internacional","status":"publish","type":"post","link":"https:\/\/www.monempresarial.com\/ca\/2017\/07\/28\/la-unio-europea-davant-del-desafiament-del-terrorisme-internacional\/","title":{"rendered":"La Uni\u00f3 Europea, <\/span><\/span>davant del desafiament del terrorisme internacional"},"content":{"rendered":"<h4>La lluita antiterrorista \u00e9s un dels principals problemes amb qu\u00e8 s\u2019enfronta actualment la Uni\u00f3 Europea. El president del Consell Europeu, Donald Tusk, va alertar recentment en un dels seus discursos sobre el futur de la UE que el terrorisme \u00e9s una de les principals amenaces externes. En els \u00faltims dos anys, el territori europeu ha patit m\u00e9s de 10 atemptats. Per aquesta ra\u00f3, la Comissi\u00f3 Europea ha situat entre les seves prioritats la creaci\u00f3 d\u2019una Uni\u00f3 per a la Seguretat que coordini la lluita antiterrorista entre els estats membres.<\/h4>\n<h4>Text: <a style=\"color: #719f8c;\" href=\"http:\/\/monempresarial.com\/author\/eherrera\/\">Esther Herrera<\/a><\/h4>\n<hr style=\"color: #b72126;\" \/>\n<p><img decoding=\"async\" loading=\"lazy\" class=\" wp-image-15430 alignleft\" src=\"http:\/\/monempresarial.com\/wp-content\/uploads\/2017\/07\/BOLA.jpg\" alt=\"\" width=\"358\" height=\"358\" srcset=\"https:\/\/www.monempresarial.com\/wp-content\/uploads\/2017\/07\/BOLA.jpg 1200w, https:\/\/www.monempresarial.com\/wp-content\/uploads\/2017\/07\/BOLA-150x150.jpg 150w, https:\/\/www.monempresarial.com\/wp-content\/uploads\/2017\/07\/BOLA-300x300.jpg 300w, https:\/\/www.monempresarial.com\/wp-content\/uploads\/2017\/07\/BOLA-1024x1024.jpg 1024w, https:\/\/www.monempresarial.com\/wp-content\/uploads\/2017\/07\/BOLA-300x300@2x.jpg 600w\" sizes=\"(max-width: 358px) 100vw, 358px\" \/>La primera vegada que es va parlar que s\u2019havia d\u2019ampliar la coordinaci\u00f3 entre els estats membres per lluitar contra el terrorisme va ser el 1999. Lamentablement, cinc anys m\u00e9s tard Madrid patiria un dels pitjors atacs de la seva hist\u00f2ria provinents del terrorisme internacional, a mans d\u2019Al-Qaeda. Des de llavors, el dia 11 de mar\u00e7 \u00e9s el Dia Europeu en la Lluita Contra el Terrorisme. Despr\u00e9s tamb\u00e9 es veuria atacada Londres, el 2007, i malgrat que tot els pa\u00efsos rere cada atemptat s\u2019han afanyat a demanar m\u00e9s coordinaci\u00f3 i millors recursos, es va avan\u00e7ar poc. Ara, l\u2019augment de la pressi\u00f3 d\u2019un nou grup, Estat Isl\u00e0mic, ha posat encara m\u00e9s contra les cordes a la Uni\u00f3 Europea per les seves car\u00e8ncies en la lluita antiterrorista.<\/p>\n<p><span style=\"color: #719f8c; font-weight: bold;\">L\u2019Europa post <em>Je suis Charlie<\/em><\/span><br \/>\nDes de la Comissi\u00f3 Europea admeten que l\u2019atac contra la revista sat\u00edrica francesa Charlie Hebdo i contra el supermercat jueu a Par\u00eds el gener del 2015 va marcar un abans i un despr\u00e9s. Es va anunciar una nova directiva de control d\u2019armes perqu\u00e8 fusells com els kal\u00e0ixnikov es puguin inhabilitar r\u00e0pidament per evitar la seva venda per Internet. Moltes d\u2019aquestes armes provenen de la guerra dels Balcans durant els anys 90, o a vegades es venen peces per separat, per\u00f2 amb la nova legislaci\u00f3 es podr\u00e0 seguir millor el seu rastre per evitar que acabin en el mercat negre. D\u2019aqu\u00ed a un any i mig, tots els pa\u00efsos estaran obligats a aplicar aquesta nova directiva, que, amb tot, \u00e9s molt menys ambiciosa del que s\u2019esperava en un primer moment, a causa de les pressions del lobby de ca\u00e7adors a pa\u00efsos com la Rep\u00fablica Txeca.<br \/>\nTamb\u00e9 despr\u00e9s de Charlie Hebdo, tots els estats es van comprometre a introduir informaci\u00f3 al Sistema d\u2019Informaci\u00f3 de Schengen (SIS), la base de dades comuna dels pa\u00efsos que comparteixen la lliure circulaci\u00f3 de persones, ja que els germans Coulibaly que van perpetrar l\u2019atac ja eren coneguts dels serveis d\u2019intel\u00b7lig\u00e8ncia. Per\u00f2 els aven\u00e7os encara s\u00f3n molt lents, en part per la desconfian\u00e7a de les autoritats policials a compartir la seva informaci\u00f3.<\/p>\n<blockquote>\n<h2 style=\"color: #719f8c; text-align: center;\">En la legislaci\u00f3 que m\u00e9s s\u2019ha avan\u00e7at fins ara ha estat en l\u2019aplicaci\u00f3 del Registre Europeu de Dades de Passatgers (PNR, en les seves sigles en angl\u00e8s). Un sistema en qu\u00e8 es comparteix tota la informaci\u00f3 personal dels usuaris que viatgen en avi\u00f3 dins i fora de la UE<\/h2>\n<\/blockquote>\n<p><span style=\"color: #719f8c; font-weight: bold;\">Objectiu: recuperar el control de les fronteres<\/span><br \/>\n11 mesos m\u00e9s tard, el 13 de novembre del 2015, una s\u00e8rie d\u2019atacs a la capital francesa tornen a posar al descobert els mateixos problemes: els pa\u00efsos segueixen sense coordinar-se. Salah i Ibrahim Abdeslam i Mohamed Abaaoud, terroristes que van participar i preparar els atemptats, havien viscut a B\u00e8lgica i eren coneguts per les seves forces policials, per\u00f2 Fran\u00e7a no en tenia const\u00e0ncia. Llavors, els ministres d\u2019Interior de la UE van tornar a lamentar que els atemptats, en part, es perpetressin per la manca de col\u00b7laboraci\u00f3 policial. Amb la intenci\u00f3 de protegir m\u00e9s i millor les fronteres exteriors de la UE, es va acordar que a tots els ciutadans europeus i als de pa\u00efsos tercers se\u2019ls apliquin controls sistem\u00e0tics. Aix\u00ed, des del passat mes d\u2019abril, la informaci\u00f3 personal de totes les persones que entren a la zona Schengen es creua amb el servei de dades SIS per saber si tenen antecedents lligats al terrorisme. Tamb\u00e9 llavors es va iniciar la nova directiva que busca ampliar la lluita contra el terrorisme, en qu\u00e8 s\u2019aplicaran penes m\u00e9s dures per a les persones que financen activitats terroristes o que ajuden a viatjar cap a S\u00edria o l\u2019Iraq per unir-se a grups armats.<br \/>\nPer\u00f2 en la legislaci\u00f3 que m\u00e9s s\u2019ha avan\u00e7at fins ara ha estat en l\u2019aplicaci\u00f3 del Registre Europeu de Dades de Passatgers (PNR, en la seva sigla en angl\u00e8s). Un sistema en qu\u00e8 es comparteix tota la informaci\u00f3 personal dels usuaris que viatgen en avi\u00f3 dins i fora de la UE. La proposta va n\u00e9ixer el 2011, per\u00f2 va estar durant anys bloquejada pel Parlament Europeu pels temors que el dret a la privacitat dels ciutadans fos vulnerat. Amb la pressi\u00f3 dels atacs terroristes, finalment es va poder arribar a un acord a mitjan 2016, i actualment l\u2019Executiu comunitari ofereix assist\u00e8ncia legal perqu\u00e8 tots els pa\u00efsos la puguin aplicar en menys d\u2019un any. Tot i aix\u00ed, hi ha pa\u00efsos com B\u00e8lgica, que va patir el pitjor atac de la seva hist\u00f2ria el 22 de mar\u00e7 del 2016 a l\u2019aeroport de Brussel\u00b7les i la parada de metro de Maelbeek de la capital, que ja est\u00e0 treballant per aplicar el PNR per a les persones que viatgin en tren pels seus quatre estats ve\u00efns: Regne Unit, Fran\u00e7a, Pa\u00efsos Baixos i Alemanya.<\/p>\n<p><img decoding=\"async\" loading=\"lazy\" class=\"wp-image-15431 size-full aligncenter\" src=\"http:\/\/monempresarial.com\/wp-content\/uploads\/2017\/07\/CAT-1-1.jpg\" alt=\"\" width=\"550\" height=\"600\" srcset=\"https:\/\/www.monempresarial.com\/wp-content\/uploads\/2017\/07\/CAT-1-1-275x300@2x.jpg 550w, https:\/\/www.monempresarial.com\/wp-content\/uploads\/2017\/07\/CAT-1-1-275x300.jpg 275w\" sizes=\"(max-width: 550px) 100vw, 550px\" \/><\/p>\n<p><span style=\"color: #719f8c; font-weight: bold;\">Llegeix tamb\u00e9:\u00a0<a href=\"http:\/\/monempresarial.com\/2017\/07\/28\/entrevista-a-julian-king-comissari-europeu-dunio-de-la-seguretat\/\" target=\"_blank\" rel=\"noopener noreferrer\">Entrevista a Julian King, comissari europeu d&#8217;Uni\u00f3 de la Seguretat<\/a><\/span><\/p>\n","protected":false},"excerpt":{"rendered":"<p>La lluita antiterrorista \u00e9s un dels principals problemes amb qu\u00e8 s\u2019enfronta actualment la Uni\u00f3 Europea. El president del Consell Europeu, Donald Tusk, va alertar recentment en un dels seus discursos sobre el futur de la UE que el terrorisme \u00e9s una de les principals amenaces externes. En els \u00faltims dos anys, el territori europeu ha [&hellip;]<\/p>\n","protected":false},"author":1,"featured_media":15432,"comment_status":"open","ping_status":"open","sticky":false,"template":"","format":"standard","meta":{"_mi_skip_tracking":false,"mc4wp_mailchimp_campaign":[],"jnews-multi-image_gallery":[],"jnews_single_post":[],"jnews_primary_category":[]},"categories":[9,10839,10815,10843,19],"tags":[143,170,611,1135,5463,5464,5465],"_links":{"self":[{"href":"https:\/\/www.monempresarial.com\/ca\/wp-json\/wp\/v2\/posts\/15427"}],"collection":[{"href":"https:\/\/www.monempresarial.com\/ca\/wp-json\/wp\/v2\/posts"}],"about":[{"href":"https:\/\/www.monempresarial.com\/ca\/wp-json\/wp\/v2\/types\/post"}],"author":[{"embeddable":true,"href":"https:\/\/www.monempresarial.com\/ca\/wp-json\/wp\/v2\/users\/1"}],"replies":[{"embeddable":true,"href":"https:\/\/www.monempresarial.com\/ca\/wp-json\/wp\/v2\/comments?post=15427"}],"version-history":[{"count":1,"href":"https:\/\/www.monempresarial.com\/ca\/wp-json\/wp\/v2\/posts\/15427\/revisions"}],"predecessor-version":[{"id":48091,"href":"https:\/\/www.monempresarial.com\/ca\/wp-json\/wp\/v2\/posts\/15427\/revisions\/48091"}],"wp:featuredmedia":[{"embeddable":true,"href":"https:\/\/www.monempresarial.com\/ca\/wp-json\/wp\/v2\/media\/15432"}],"wp:attachment":[{"href":"https:\/\/www.monempresarial.com\/ca\/wp-json\/wp\/v2\/media?parent=15427"}],"wp:term":[{"taxonomy":"category","embeddable":true,"href":"https:\/\/www.monempresarial.com\/ca\/wp-json\/wp\/v2\/categories?post=15427"},{"taxonomy":"post_tag","embeddable":true,"href":"https:\/\/www.monempresarial.com\/ca\/wp-json\/wp\/v2\/tags?post=15427"}],"curies":[{"name":"wp","href":"https:\/\/api.w.org\/{rel}","templated":true}]}}