{"id":15455,"date":"2017-07-28T11:17:57","date_gmt":"2017-07-28T09:17:57","guid":{"rendered":"http:\/\/monempresarial.com\/?p=15455\/"},"modified":"2025-06-06T10:32:58","modified_gmt":"2025-06-06T08:32:58","slug":"entrevista-a-valentin-pich-president-del-consell-general-deconomistes","status":"publish","type":"post","link":"https:\/\/www.monempresarial.com\/ca\/2017\/07\/28\/entrevista-a-valentin-pich-president-del-consell-general-deconomistes\/","title":{"rendered":"Entrevista a Valent\u00edn Pich<\/span>, president del Consell General d\u2019Economistes"},"content":{"rendered":"<h4>Valent\u00edn Pich presideix des del 2008 el Consell General d&#8217;Economistes, organisme que agrupa, coordina i representa els 33 col\u00b7legis d&#8217;economistes d&#8217;Espanya i els 55.000 professionals que en formen part. En aquesta entrevista, aprofitem la seva visi\u00f3 com a expert en la mat\u00e8ria i el seu contacte permanent amb l&#8217;actualitat econ\u00f2mica del pa\u00eds per aprofundir en aspectes com les previsions de creixement per a aquest any, els reptes i debilitats del nostre teixit empresarial o la transformaci\u00f3 del mercat laboral.<\/h4>\n<h4>Text: <a style=\"color: #282356;\" href=\"http:\/\/monempresarial.com\/author\/bseijo\/\">Berta Seijo<\/a><br \/>\nFotos: <span style=\"color: #282356;\">Consell General d\u2019Economistes<\/span><\/h4>\n<hr style=\"color: #b72126;\" \/>\n<figure id=\"attachment_15459\" aria-describedby=\"caption-attachment-15459\" style=\"width: 410px\" class=\"wp-caption alignright\"><img decoding=\"async\" loading=\"lazy\" class=\"wp-image-15459 \" src=\"http:\/\/monempresarial.com\/wp-content\/uploads\/2017\/07\/Valent\u00ed-Pich-2.jpg\" alt=\"\" width=\"410\" height=\"618\" srcset=\"https:\/\/www.monempresarial.com\/wp-content\/uploads\/2017\/07\/Valent\u00ed-Pich-2.jpg 683w, https:\/\/www.monempresarial.com\/wp-content\/uploads\/2017\/07\/Valent\u00ed-Pich-2-199x300.jpg 199w, https:\/\/www.monempresarial.com\/wp-content\/uploads\/2017\/07\/Valent\u00ed-Pich-2-680x1024.jpg 680w, https:\/\/www.monempresarial.com\/wp-content\/uploads\/2017\/07\/Valent\u00ed-Pich-2-199x300@2x.jpg 398w\" sizes=\"(max-width: 410px) 100vw, 410px\" \/><figcaption id=\"caption-attachment-15459\" class=\"wp-caption-text\">L&#8217;eliminaci\u00f3 de l\u2019impost sobre el patrimoni \u00e9s un dels canvis que proposa el Consell General d&#8217;Economistes perqu\u00e8, com afirma el seu president, \u201cla tributaci\u00f3 de la riquesa es pot aconseguir a trav\u00e9s de l\u2019IRPF, fent tributar a rendes estimades, i amb altres impostos com l\u2019IBI.\u201d<\/figcaption><\/figure>\n<p><span style=\"color: #282356; font-weight: bold;\">Els Pressupostos Generals de l&#8217;Estat per a aquest 2017 parteixen d&#8217;una previsi\u00f3 m\u00e9s aviat optimista: un increment de gaireb\u00e9 el 8% dels ingressos fiscals, un creixement del PIB del 2,8% i un augment en la creaci\u00f3 d&#8217;ocupaci\u00f3 i, per tant, de les cotitzacions. El pron\u00f2stic que fan des del Consell General d&#8217;Economistes per a aquest exercici \u00e9s igual de positiu?<\/span><br \/>\nCrec que el creixement s&#8217;est\u00e0 comportant b\u00e9 i si no arriba al 2,8%, \u00e9s probable que es quedi molt a prop, tot i que caldr\u00e0 esperar al segon semestre per confirmar-ho. Sempre que s&#8217;aclareixin les incerteses pol\u00edtiques internacionals, \u00e9s possible, fins i tot, que sigui m\u00e9s elevat, tal com pronostiquen diferents organismes.<\/p>\n<p><span style=\"color: #282356; font-weight: bold;\">On queden el deute p\u00fablic (que frega el 100% del PIB) i el d\u00e8ficit de la seguretat social?<\/span><br \/>\nQuant al nostre deute p\u00fablic, si b\u00e9 \u00e9s similar al de pa\u00efsos propers com Fran\u00e7a i molt menor que el d\u2019altres com Portugal o It\u00e0lia, no hi ha dubte que \u00e9s molt elevat i que els interessos que abonem representen un descens important en els nostres pressupostos. A m\u00e9s, hem de tenir present que ens queden moltes reformes per emprendre, sobretot pel que fa a la despesa del sector p\u00fablic, que no hauria de superar el 40% del PIB.<br \/>\nPel que fa al d\u00e8ficit de la seguretat social, l\u2019escenari en qu\u00e8 ens trobem \u00e9s molt poc encoratjador. Per comen\u00e7ar, tenim una taxa de natalitat que en algunes zones del pa\u00eds est\u00e0 per sota de la mortalitat. Amb la qual cosa, si tenim en compte l&#8217;explosi\u00f3 demogr\u00e0fica dels anys 70, d\u2019aqu\u00ed a 15 anys ens trobarem amb una poblaci\u00f3 molt envellida de beneficiaris de prestacions socials i amb molt pocs cotitzants.<br \/>\nEl segon problema \u00e9s el de la tardan\u00e7a dels joves a incorporar-se al mercat de treball, fet que suposa un doble inconvenient: el seu retard com a cotitzants en el sistema i que estiguin retallant els seus anys de cotitzaci\u00f3. Aix\u00ed mateix, cal tenir en compte que l&#8217;augment de l&#8217;esperan\u00e7a de vida de la poblaci\u00f3 espanyola pot suposar un important crebant en el sistema, de tal manera que fins fa molt poc la cotitzaci\u00f3 d&#8217;un treballador cobria les prestacions de tres pensionistes, i, en l&#8217;actualitat, la realitat ens demostra que un cotitzant finan\u00e7a poc m\u00e9s d&#8217;un pensionista i mig, \u00e9s a dir, gaireb\u00e9 la meitat.<\/p>\n<blockquote>\n<h2 style=\"color: #282356; text-align: center;\">&#8220;El pes de la ind\u00fastria nom\u00e9s arriba a un 16,4% del PIB i, com a m\u00ednim, haur\u00edem d&#8217;arribar al 20% el 2020.&#8221;<\/h2>\n<\/blockquote>\n<p><span style=\"color: #282356; font-weight: bold;\">S\u00f3n els primers pressupostos que Mariano Rajoy presenta en minoria i, de moment, no t\u00e9 els suports suficients. Encara que aquest no \u00e9s l&#8217;\u00fanic motiu de disc\u00f2rdia entre partits&#8230;<\/span><br \/>\n\u00c9s l\u00f2gic que entre els diferents partits hi hagi diversitat d&#8217;opinions i parers. Precisament, garantir l&#8217;estabilitat del pa\u00eds dep\u00e8n de la seva capacitat per arribar a acords. De fet, al llarg dels anys, hem vist com els nostres pol\u00edtics, en moltes ocasions, han actuat amb sentit d&#8217;Estat assolint pactes importants. Si ara s\u00f3n capa\u00e7os d&#8217;actuar d&#8217;acord amb aquest criteri, no tindria per qu\u00e8 haver-hi cap problema.<\/p>\n<p><span style=\"color: #282356; font-weight: bold;\"><img decoding=\"async\" loading=\"lazy\" class=\"wp-image-15458 alignright\" src=\"http:\/\/monempresarial.com\/wp-content\/uploads\/2017\/07\/Valent\u00ed-Pich-1-e1499857263621.jpg\" alt=\"\" width=\"413\" height=\"406\" srcset=\"https:\/\/www.monempresarial.com\/wp-content\/uploads\/2017\/07\/Valent\u00ed-Pich-1-e1499857263621.jpg 683w, https:\/\/www.monempresarial.com\/wp-content\/uploads\/2017\/07\/Valent\u00ed-Pich-1-e1499857263621-300x295.jpg 300w\" sizes=\"(max-width: 413px) 100vw, 413px\" \/>Un altre tema que genera disparitat d\u2019opinions \u00e9s el dels 79 impostos propis amb qu\u00e8 compten les comunitats aut\u00f2nomes. Vost\u00e8 mateix ha arribat a denunciar que, en alguns casos, la recaptaci\u00f3 obtinguda del tribut no cobreix el seu cost legislatiu. Com \u00e9s aix\u00f2 possible? I quina soluci\u00f3 proposen des del Consell?<\/span><br \/>\nEncara que, efectivament, la recaptaci\u00f3 dels tributs propis dins el sistema tributari \u00e9s molt petita, alguns d&#8217;aquests grav\u00e0mens no nom\u00e9s persegueixen objectius recaptatoris, com passa en el cas dels impostos mediambientals. La soluci\u00f3 que nosaltres proposem \u00e9s homogene\u00eftzar els tributs propis que graven els principals fets imposables i deixar capacitat normativa a les comunitats aut\u00f2nomes sobre algun element que quantifiqui la quota final.<\/p>\n<p><span style=\"color: #282356; font-weight: bold;\">Des del Consell tamb\u00e9 advoquen per l&#8217;homogene\u00eftzaci\u00f3 d&#8217;un altre tribut pol\u00e8mic cedit als governs auton\u00f2mics: el de successions i donacions. Quins avantatges comportaria aquesta mesura?<\/span><br \/>\nUna disminuci\u00f3 de les desigualtats de tributaci\u00f3 per ra\u00f3 de territori, que llasta l\u2019equitat horitzontal, i de les temptacions de trasllat de domicili per raons impositives.<\/p>\n<p><span style=\"color: #282356; font-weight: bold;\">I qu\u00e8 me\u2019n diu de l&#8217;impost sobre el patrimoni? Per qu\u00e8 creuen que seria convenient eliminar-lo?<\/span><br \/>\nEncara que afegeix progressivitat al sistema, pr\u00e0cticament no forma part de cap dels sistemes tributaris dels pa\u00efsos del nostre entorn. A m\u00e9s, la tributaci\u00f3 de la riquesa es pot aconseguir a trav\u00e9s de l&#8217;IRPF, fent tributar a rendes estimades, i amb altres tributs com pot ser l&#8217;IBI.<\/p>\n<blockquote>\n<h2 style=\"color: #282356; text-align: center;\">Sobre l&#8217;aplicaci\u00f3 d\u2019una renda b\u00e0sica universal: \u201c\u00c9s l\u00f2gic que aquest debat hagi sorgit en plena crisi, per\u00f2 prendre decisions de tal calat en funci\u00f3 dels cicles econ\u00f2mics sol portar conseq\u00fc\u00e8ncies i, per aix\u00f2, no conv\u00e9 actuar precipitadament.\u201d<\/h2>\n<\/blockquote>\n<p><img decoding=\"async\" loading=\"lazy\" class=\"wp-image-15456 alignleft\" src=\"http:\/\/monempresarial.com\/wp-content\/uploads\/2017\/07\/CAT-1-3.jpg\" alt=\"\" width=\"237\" height=\"896\" srcset=\"https:\/\/www.monempresarial.com\/wp-content\/uploads\/2017\/07\/CAT-1-3.jpg 200w, https:\/\/www.monempresarial.com\/wp-content\/uploads\/2017\/07\/CAT-1-3-79x300.jpg 79w, https:\/\/www.monempresarial.com\/wp-content\/uploads\/2017\/07\/CAT-1-3-79x300@2x.jpg 158w\" sizes=\"(max-width: 237px) 100vw, 237px\" \/><span style=\"color: #282356; font-weight: bold;\">Parlant de com millorar el sistema, quin diria que \u00e9s problema principal del nostre teixit empresarial?<\/span><br \/>\nEl problema de les nostres empreses \u00e9s la seva mida: nom\u00e9s el 0,12% de les mateixes posseeix 250 o m\u00e9s treballadors. En altres paraules: gaireb\u00e9 la totalitat del teixit empresarial espanyol, el 99,88%, el constitueixen les pimes, el 40% de les quals s\u00f3n micropimes amb menys de nou treballadors. A m\u00e9s, el pes de la nostra ind\u00fastria nom\u00e9s arriba al 16,4% del PIB i, com a m\u00ednim, haur\u00edem d&#8217;arribar al 20%, objectiu que ens hem marcat per a l&#8217;any 2020 per\u00f2 que no ser\u00e0 f\u00e0cil de complir.<\/p>\n<p><span style=\"color: #282356; font-weight: bold;\">Quines actuacions s\u2019haurien d&#8217;abordar des de les Administracions p\u00fabliques per impulsar l&#8217;activitat empresarial i emprenedora del pa\u00eds?<\/span><br \/>\nPer assolir aquesta fita, haur\u00edem de millorar la competitivitat, estimular la demanda de b\u00e9ns industrials, assegurar un subministrament energ\u00e8tic estable i, sobretot, refor\u00e7ar l&#8217;estabilitat i uniformitat del marc regulador.<\/p>\n<blockquote>\n<h2 style=\"color: #282356; text-align: center;\">\u201cEl creixement del PIB espanyol s&#8217;est\u00e0 comportant b\u00e9: si no arriba al 2,8%, \u00e9s probable que es quedi molt a prop. Si es resolen les incerteses pol\u00edtiques internacionals, podria ser, fins i tot, m\u00e9s elevat.\u201d<\/h2>\n<\/blockquote>\n<p><span style=\"color: #282356; font-weight: bold;\">Finalment, sembla que anem cap a unes societats del coneixement cada vegada m\u00e9s tecnificades i robotitzades. Ara b\u00e9, l\u2019automatitzaci\u00f3 destrueix llocs de treball? <\/span><br \/>\nCom assenyalen la majoria d&#8217;analistes, molts dels oficis, tal com els coneixem avui dia, aniran desapareixent paulatinament en els propers anys, per\u00f2 tamb\u00e9 n\u2019apareixeran d\u2019altres nous, sobretot en el sector serveis. No hi ha dubte de l&#8217;auge de les startups, per\u00f2 no cal oblidar que el gruix del teixit empresarial encara el formen companyies tradicionals, que s\u00f3n les que segueixen generant m\u00e9s ocupaci\u00f3. A m\u00e9s, hi ha un ressorgiment d&#8217;algunes activitats que semblaven en des\u00fas per\u00f2 que \u2013mitjan\u00e7ant l&#8217;aportaci\u00f3 d&#8217;una major qualitat i la introducci\u00f3 d&#8217;elements diferenciadors\u2013 estan incrementant notablement el seu mercat. No oblidem que, contra tot pron\u00f2stic i malgrat la mecanitzaci\u00f3, durant la revoluci\u00f3 industrial va augmentar el nombre de llocs de treball. No \u00e9s f\u00e0cil aventurar, per tant, el que ens deparar\u00e0 el futur, per\u00f2 crec que no haur\u00edem de ser alarmistes.<\/p>\n<p><span style=\"color: #282356; font-weight: bold;\">Aleshores, creu que \u00e9s d\u2019hora per comen\u00e7ar a parlar sobre la renda b\u00e0sica universal o solucions similars?<\/span><br \/>\n\u00c9s l\u00f2gic que aquesta q\u00fcesti\u00f3 hagi sorgit en plena crisi, en un entorn d&#8217;incertesa econ\u00f2mica, amb conseq\u00fc\u00e8ncies desastroses per a moltes fam\u00edlies. Per\u00f2 prendre decisions d&#8217;aquest calat en funci\u00f3 dels cicles econ\u00f2mics sol portar conseq\u00fc\u00e8ncies i, per aix\u00f2, no conv\u00e9 actuar precipitadament. Hem d\u2019emmarcar el debat dins un estudi macroecon\u00f2mic profund, que prengui en consideraci\u00f3 aspectes com ara la demografia, l&#8217;evoluci\u00f3 del mercat laboral o els recursos que es requereixen per al sosteniment dels serveis fonamentals de l&#8217;Estat del benestar.<\/p>\n","protected":false},"excerpt":{"rendered":"<p>Valent\u00edn Pich presideix des del 2008 el Consell General d&#8217;Economistes, organisme que agrupa, coordina i representa els 33 col\u00b7legis d&#8217;economistes d&#8217;Espanya i els 55.000 professionals que en formen part. En aquesta entrevista, aprofitem la seva visi\u00f3 com a expert en la mat\u00e8ria i el seu contacte permanent amb l&#8217;actualitat econ\u00f2mica del pa\u00eds per aprofundir en [&hellip;]<\/p>\n","protected":false},"author":1,"featured_media":15460,"comment_status":"open","ping_status":"open","sticky":false,"template":"","format":"standard","meta":{"_mi_skip_tracking":false,"mc4wp_mailchimp_campaign":[],"jnews-multi-image_gallery":[],"jnews_single_post":[],"jnews_primary_category":[]},"categories":[9,10820,10821,22,10825],"tags":[1918,2378,2762,5485,5486,5487],"_links":{"self":[{"href":"https:\/\/www.monempresarial.com\/ca\/wp-json\/wp\/v2\/posts\/15455"}],"collection":[{"href":"https:\/\/www.monempresarial.com\/ca\/wp-json\/wp\/v2\/posts"}],"about":[{"href":"https:\/\/www.monempresarial.com\/ca\/wp-json\/wp\/v2\/types\/post"}],"author":[{"embeddable":true,"href":"https:\/\/www.monempresarial.com\/ca\/wp-json\/wp\/v2\/users\/1"}],"replies":[{"embeddable":true,"href":"https:\/\/www.monempresarial.com\/ca\/wp-json\/wp\/v2\/comments?post=15455"}],"version-history":[{"count":1,"href":"https:\/\/www.monempresarial.com\/ca\/wp-json\/wp\/v2\/posts\/15455\/revisions"}],"predecessor-version":[{"id":46232,"href":"https:\/\/www.monempresarial.com\/ca\/wp-json\/wp\/v2\/posts\/15455\/revisions\/46232"}],"wp:featuredmedia":[{"embeddable":true,"href":"https:\/\/www.monempresarial.com\/ca\/wp-json\/wp\/v2\/media\/15460"}],"wp:attachment":[{"href":"https:\/\/www.monempresarial.com\/ca\/wp-json\/wp\/v2\/media?parent=15455"}],"wp:term":[{"taxonomy":"category","embeddable":true,"href":"https:\/\/www.monempresarial.com\/ca\/wp-json\/wp\/v2\/categories?post=15455"},{"taxonomy":"post_tag","embeddable":true,"href":"https:\/\/www.monempresarial.com\/ca\/wp-json\/wp\/v2\/tags?post=15455"}],"curies":[{"name":"wp","href":"https:\/\/api.w.org\/{rel}","templated":true}]}}