{"id":15466,"date":"2017-07-28T11:19:46","date_gmt":"2017-07-28T09:19:46","guid":{"rendered":"http:\/\/monempresarial.com\/?p=15466\/"},"modified":"2025-06-06T10:32:52","modified_gmt":"2025-06-06T08:32:52","slug":"entrevista-a-inmaculada-riera-directora-general-de-la-cambra-de-comerc-despanya","status":"publish","type":"post","link":"https:\/\/www.monempresarial.com\/ca\/2017\/07\/28\/entrevista-a-inmaculada-riera-directora-general-de-la-cambra-de-comerc-despanya\/","title":{"rendered":"Entrevista a Inmaculada Riera,<\/span> directora general de la Cambra de Comer\u00e7 d\u2019Espanya"},"content":{"rendered":"<h4>Enfortir la xarxa de cambres de comer\u00e7 (27 territorials i dues exteriors) i treballar per la seva viabilitat i sostenibilitat financera. Aquests s\u00f3n els principals objectius de la Cambra de Comer\u00e7 d&#8217;Espanya, instituci\u00f3 que des del novembre del 2014 substitueix al Consell Superior de Cambres i que actualment dirigeix Inmaculada Riera. Amb ella hem parlat sobre internacionalitzaci\u00f3, competitivitat, innovaci\u00f3 i digitalitzaci\u00f3, accions clau per refor\u00e7ar el teixit empresarial del pa\u00eds.<\/h4>\n<h4>Text: <a style=\"color: #5b366a;\" href=\"http:\/\/monempresarial.com\/author\/bseijo\/\">Berta Seijo<\/a>\u00a0\/\/ Fotos: <span style=\"color: #5b366a;\">Cambra de Comer\u00e7 d\u2019Espanya<\/span><\/h4>\n<hr style=\"color: #b72126;\" \/>\n<figure id=\"attachment_15473\" aria-describedby=\"caption-attachment-15473\" style=\"width: 403px\" class=\"wp-caption alignright\"><img decoding=\"async\" loading=\"lazy\" class=\"wp-image-15473\" src=\"http:\/\/monempresarial.com\/wp-content\/uploads\/2017\/07\/Inmaculada-Riera-2-e1499861380296.jpg\" alt=\"\" width=\"403\" height=\"471\" srcset=\"https:\/\/www.monempresarial.com\/wp-content\/uploads\/2017\/07\/Inmaculada-Riera-2-e1499861380296.jpg 1048w, https:\/\/www.monempresarial.com\/wp-content\/uploads\/2017\/07\/Inmaculada-Riera-2-e1499861380296-257x300.jpg 257w, https:\/\/www.monempresarial.com\/wp-content\/uploads\/2017\/07\/Inmaculada-Riera-2-e1499861380296-877x1024.jpg 877w, https:\/\/www.monempresarial.com\/wp-content\/uploads\/2017\/07\/Inmaculada-Riera-2-e1499861380296-768x897.jpg 768w\" sizes=\"(max-width: 403px) 100vw, 403px\" \/><figcaption id=\"caption-attachment-15473\" class=\"wp-caption-text\">Immaculada Riera est\u00e0 plenament conven\u00e7uda que \u201ccal seguir treballant per estendre la cultura emprenedora en el conjunt de la societat\u201d ja que, en la seva opini\u00f3, \u201cper guanyar cal arriscar-se, i en aix\u00f2 no hi ha difer\u00e8ncies de g\u00e8nere\u201d.<\/figcaption><\/figure>\n<p><span style=\"color: #5b366a; font-weight: bold;\">Porta prop de dos anys com a directora general de la Cambra de Comer\u00e7 d&#8217;Espanya. Com ha vist evolucionar el teixit empresarial espanyol al llarg d&#8217;aquest temps?<\/span><br \/>\nEl tret que m\u00e9s destacaria \u00e9s la creixent internacionalitzaci\u00f3 de les empreses espanyoles, incloent-hi les pimes. Fins que va comen\u00e7ar la crisi, Espanya comptava amb un nombre important de multinacionals, al voltant de 500, l\u00edders en els seus sectors, presents a tot el m\u00f3n i amb un efecte tractor sobre les pimes en els seus processos d&#8217;internacionalitzaci\u00f3. La crisi i la caiguda de la demanda interna van impulsar la sortida a l&#8217;exterior de les pimes i aquest proc\u00e9s d&#8217;internacionalitzaci\u00f3 ha estat un factor determinant en la recuperaci\u00f3 econ\u00f2mica. La crisi va evidenciar no nom\u00e9s que la diversificaci\u00f3 \u00e9s imprescindible i que la demanda interna no pot ser l&#8217;\u00fanica font del creixement econ\u00f2mic, sin\u00f3 que les empreses amb pres\u00e8ncia a l&#8217;exterior poden afrontar de manera m\u00e9s s\u00f2lida i competitiva el seu creixement.<br \/>\nL&#8217;altre punt que destacaria \u00e9s la cada vegada major consci\u00e8ncia de la import\u00e0ncia de la competitivitat associada a la internacionalitzaci\u00f3. Les empreses saben que, abans de sortir a l&#8217;exterior, han de refor\u00e7ar la seva competitivitat a trav\u00e9s de la innovaci\u00f3, la digitalitzaci\u00f3 i la formaci\u00f3.<\/p>\n<blockquote>\n<h2 style=\"color: #5b366a; text-align: center;\">\u201cLes empreses s\u00f3n conscients que abans de sortir a l&#8217;exterior han de refor\u00e7ar la seva competitivitat a trav\u00e9s de la innovaci\u00f3, la digitalitzaci\u00f3 i la formaci\u00f3.\u201d<\/h2>\n<\/blockquote>\n<p><span style=\"color: #5b366a; font-weight: bold;\"><img decoding=\"async\" loading=\"lazy\" class=\" wp-image-15468 alignleft\" src=\"http:\/\/monempresarial.com\/wp-content\/uploads\/2017\/07\/CAT-1-4.jpg\" alt=\"\" width=\"218\" height=\"690\" srcset=\"https:\/\/www.monempresarial.com\/wp-content\/uploads\/2017\/07\/CAT-1-4.jpg 232w, https:\/\/www.monempresarial.com\/wp-content\/uploads\/2017\/07\/CAT-1-4-95x300.jpg 95w, https:\/\/www.monempresarial.com\/wp-content\/uploads\/2017\/07\/CAT-1-4-95x300@2x.jpg 190w\" sizes=\"(max-width: 218px) 100vw, 218px\" \/>Ja que ha fet refer\u00e8ncia a la crisi i a la caiguda de la demanda interna, com s&#8217;aconsegueix estimular l&#8217;empresariat espanyol davant aquestes circumst\u00e0ncies?<\/span><br \/>\nLes empreses espanyoles, com el conjunt de la societat, han patit molt durant la crisi. No obstant aix\u00f2, l&#8217;economia espanyola acumula 39 mesos seguits de taxes de creixement molt fortes i les previsions pel 2017 permeten de mantenir l&#8217;optimisme: a la Cambra d&#8217;Espanya aquest any preveiem un creixement del 2,8%. Per tant, cal aprofitar aquesta nova fase per millorar la competitivitat de les empreses espanyoles, en particular de les pimes, i incentivar la seva sortida a l&#8217;exterior.<br \/>\nLa Cambra de Comer\u00e7 d&#8217;Espanya i el conjunt de la xarxa cameral estem fermament compromesos amb el suport al teixit empresarial espanyol per aconseguir el seu creixement i desenvolupament i impulsar la creaci\u00f3 d&#8217;ocupaci\u00f3.<\/p>\n<p><span style=\"color: #5b366a; font-weight: bold;\">Quin efecte diria que estan tenint sobre les empreses espanyoles les primeres passes de la pol\u00edtica comercial de Trump i l&#8217;inici de les negociacions del Brexit?<\/span><br \/>\nL&#8217;aixecament de noves barreres que dificultin o impedeixin a les nostres empreses de seguir avan\u00e7ant en el seu posicionament mundial seria molt pernici\u00f3s. Tancar les fronteres en nom d&#8217;interessos particulars suposaria un retroc\u00e9s d&#8217;incalculables conseq\u00fc\u00e8ncies no nom\u00e9s en l&#8217;ordre econ\u00f2mic, sin\u00f3 tamb\u00e9 pol\u00edtic i social en l\u2019\u00e0mbit global. Des d&#8217;Europa hem de seguir avan\u00e7ant pel cam\u00ed de la liberalitzaci\u00f3 i l&#8217;obertura comercial i, sobretot, de l&#8217;acord multilateral per garantir el progr\u00e9s i el benestar dels ciutadans, i l&#8217;aflorament d&#8217;oportunitats per al nostre teixit empresarial. Des de la Cambra de Comer\u00e7 d&#8217;Espanya i el sistema cameral estem plenament compromesos amb la defensa del lliure comer\u00e7 com a instrument clau al servei del creixement i la competitivitat mundial.<\/p>\n<blockquote>\n<h2 style=\"color: #5b366a; text-align: center;\">\u201cLa digitalitzaci\u00f3 de les empreses \u00e9s un factor determinant en el seu creixement.\u201d<\/h2>\n<\/blockquote>\n<p><span style=\"color: #5b366a; font-weight: bold;\">I actualment, creu que per cr\u00e9ixer i ser prou competitives, les empreses han d\u2019apostar necess\u00e0riament per la transformaci\u00f3 digital?<\/span><br \/>\nRealment, no \u00e9s una opci\u00f3: la digitalitzaci\u00f3 de les empreses \u00e9s un factor determinant en el seu creixement. Parlar avui de competitivitat \u00e9s parlar de digitalitzaci\u00f3. Les empreses han d&#8217;assumir aquest canvi cultural impl\u00edcit en la digitalitzaci\u00f3 perqu\u00e8 \u00e9s l&#8217;\u00fanica manera d&#8217;assegurar-se el futur. El gran risc \u00e9s que no ho facin.<br \/>\nDes del sistema cameral estem fermament compromesos amb la digitalitzaci\u00f3 i innovaci\u00f3 del teixit empresarial espanyol, processos que aporten valor i determinen el creixement de les empreses. Per impulsar-los, duem a terme programes cofinan\u00e7ats amb fons europeus amb els quals realitzem un diagn\u00f2stic que permet a la pime de con\u00e8ixer quines s\u00f3n les seves necessitats, i facilitem a les empreses ajudes directes per implementar solucions que els ajudin a millorar la seva competitivitat, mitjan\u00e7ant la digitalitzaci\u00f3 i la innovaci\u00f3.<\/p>\n<blockquote>\n<h2 style=\"color: #5b366a; text-align: center;\">\u201cLes empreses s\u00f3n conscients que abans de sortir a l&#8217;exterior han de refor\u00e7ar la seva competitivitat a trav\u00e9s de la innovaci\u00f3, la digitalitzaci\u00f3 i la formaci\u00f3.\u201d<\/h2>\n<p><img decoding=\"async\" loading=\"lazy\" class=\"size-full wp-image-15469 aligncenter\" src=\"http:\/\/monempresarial.com\/wp-content\/uploads\/2017\/07\/CAT-2-2.jpg\" alt=\"\" width=\"556\" height=\"472\" srcset=\"https:\/\/www.monempresarial.com\/wp-content\/uploads\/2017\/07\/CAT-2-2.jpg 556w, https:\/\/www.monempresarial.com\/wp-content\/uploads\/2017\/07\/CAT-2-2-300x255.jpg 300w, https:\/\/www.monempresarial.com\/wp-content\/uploads\/2017\/07\/CAT-2-2-72x60.jpg 72w, https:\/\/www.monempresarial.com\/wp-content\/uploads\/2017\/07\/CAT-2-2-72x60@2x.jpg 144w\" sizes=\"(max-width: 556px) 100vw, 556px\" \/><\/p><\/blockquote>\n","protected":false},"excerpt":{"rendered":"<p>Enfortir la xarxa de cambres de comer\u00e7 (27 territorials i dues exteriors) i treballar per la seva viabilitat i sostenibilitat financera. Aquests s\u00f3n els principals objectius de la Cambra de Comer\u00e7 d&#8217;Espanya, instituci\u00f3 que des del novembre del 2014 substitueix al Consell Superior de Cambres i que actualment dirigeix Inmaculada Riera. Amb ella hem parlat [&hellip;]<\/p>\n","protected":false},"author":1,"featured_media":15472,"comment_status":"open","ping_status":"open","sticky":false,"template":"","format":"standard","meta":{"_mi_skip_tracking":false,"mc4wp_mailchimp_campaign":[],"jnews-multi-image_gallery":[],"jnews_single_post":[],"jnews_primary_category":[]},"categories":[9,10820,10821,23,10825],"tags":[180,181,853,898,5494,5495,5496],"_links":{"self":[{"href":"https:\/\/www.monempresarial.com\/ca\/wp-json\/wp\/v2\/posts\/15466"}],"collection":[{"href":"https:\/\/www.monempresarial.com\/ca\/wp-json\/wp\/v2\/posts"}],"about":[{"href":"https:\/\/www.monempresarial.com\/ca\/wp-json\/wp\/v2\/types\/post"}],"author":[{"embeddable":true,"href":"https:\/\/www.monempresarial.com\/ca\/wp-json\/wp\/v2\/users\/1"}],"replies":[{"embeddable":true,"href":"https:\/\/www.monempresarial.com\/ca\/wp-json\/wp\/v2\/comments?post=15466"}],"version-history":[{"count":1,"href":"https:\/\/www.monempresarial.com\/ca\/wp-json\/wp\/v2\/posts\/15466\/revisions"}],"predecessor-version":[{"id":46231,"href":"https:\/\/www.monempresarial.com\/ca\/wp-json\/wp\/v2\/posts\/15466\/revisions\/46231"}],"wp:featuredmedia":[{"embeddable":true,"href":"https:\/\/www.monempresarial.com\/ca\/wp-json\/wp\/v2\/media\/15472"}],"wp:attachment":[{"href":"https:\/\/www.monempresarial.com\/ca\/wp-json\/wp\/v2\/media?parent=15466"}],"wp:term":[{"taxonomy":"category","embeddable":true,"href":"https:\/\/www.monempresarial.com\/ca\/wp-json\/wp\/v2\/categories?post=15466"},{"taxonomy":"post_tag","embeddable":true,"href":"https:\/\/www.monempresarial.com\/ca\/wp-json\/wp\/v2\/tags?post=15466"}],"curies":[{"name":"wp","href":"https:\/\/api.w.org\/{rel}","templated":true}]}}