{"id":15481,"date":"2017-07-28T11:21:16","date_gmt":"2017-07-28T09:21:16","guid":{"rendered":"http:\/\/monempresarial.com\/?p=15481\/"},"modified":"2025-09-25T09:55:06","modified_gmt":"2025-09-25T07:55:06","slug":"entrevista-a-joaquin-almuniaexvicepresident-de-la-comissio-europea-i-ex-comissari-europeu-de-competencia-i-dafers-economics-i-monetaris","status":"publish","type":"post","link":"https:\/\/www.monempresarial.com\/ca\/2017\/07\/28\/entrevista-a-joaquin-almuniaexvicepresident-de-la-comissio-europea-i-ex-comissari-europeu-de-competencia-i-dafers-economics-i-monetaris\/","title":{"rendered":"Entrevista a Joaqu\u00edn Almunia,<\/span> exvicepresident de la Comissi\u00f3 Europea i ex-comissari europeu de Compet\u00e8ncia i d&#8217;Afers Econ\u00f2mics i Monetaris"},"content":{"rendered":"<h4>Ja retirat de la vida pol\u00edtica, Joaqu\u00edn Almunia segueix sent un fervent defensor de la Uni\u00f3 Europea. Se li nota quan parla amb optimisme i seguretat d&#8217;aquesta alian\u00e7a que \u00faltimament molts semblen posar en dubte. Qui entre 2010 i 2014 va ser vicepresident de la Comissi\u00f3 Europea i comissari de Compet\u00e8ncia, despr\u00e9s d&#8217;haver-ho estat tamb\u00e9 d&#8217;Afers Econ\u00f2mics i Monetaris, advoca per la integraci\u00f3 europea aix\u00ed com reivindica la reformulaci\u00f3 de la socialdemocr\u00e0cia i, en concret, del projecte pol\u00edtic del PSOE, partit que va liderar entre 1997 i 2000.<\/h4>\n<h4>Text: <a style=\"color: #aeb100;\" href=\"http:\/\/monempresarial.com\/author\/bseijo\/\">Berta Seijo<\/a><br \/>\nFotos: <a style=\"color: #aeb100;\">Comissi\u00f3 Europea<\/a><\/h4>\n<hr style=\"color: #b72126;\" \/>\n<p><span style=\"color: #aeb100; font-weight: bold;\">Enguany es commemora el 60 aniversari de la signatura del Tractat de Roma. Amb els fronts oberts que t\u00e9 actualment la UE, arribarem a celebrar el seu centenari?<\/span><br \/>\nS\u00ed, \u00e9s clar. A m\u00e9s, espero que d&#8217;aqu\u00ed a 40 anys els \u00e8xits de la integraci\u00f3 de la UE siguin majors que els que hem aconseguit en aquestes sis d\u00e8cades i que els ciutadans entenguin millor que ara els avantatges d&#8217;estar integrats i els enormes riscos de dividir-nos i de tornar al passat.<\/p>\n<blockquote>\n<h2 style=\"color: #aeb100; text-align: left;\">\u201cEls ciutadans europeus saben molt b\u00e9 que les solucions estan m\u00e9s aviat a Europa que en la tornada als nacionalismes.\u201d<\/h2>\n<\/blockquote>\n<p><span style=\"color: #aeb100; font-weight: bold;\">Per\u00f2, vost\u00e8, que sempre ha demostrat una forta vocaci\u00f3 europeista, ent\u00e9n l\u2019escepticisme i desconfian\u00e7a que a molts ciutadans els produeixen les institucions europees?<\/span><br \/>\nCal ser pragm\u00e0tics i objectius: \u00e9s l\u00f2gic que els ciutadans europeus critiquin el baix creixement, l&#8217;atur o l&#8217;augment de les desigualtats, per\u00f2 saben molt b\u00e9 que les solucions estan m\u00e9s aviat a Europa que en la tornada als nacionalismes. A m\u00e9s, encara que sempre es posi l&#8217;origen dels problemes en les institucions europees, s\u00f3n els governs nacionals els que posen fre o simplement no estan a l&#8217;altura de les circumst\u00e0ncies a l\u2019hora de prendre les decisions necess\u00e0ries a Brussel\u00b7les.<\/p>\n<figure id=\"attachment_15487\" aria-describedby=\"caption-attachment-15487\" style=\"width: 611px\" class=\"wp-caption aligncenter\"><img decoding=\"async\" loading=\"lazy\" class=\"wp-image-15487\" src=\"http:\/\/monempresarial.com\/wp-content\/uploads\/2017\/07\/P026534000401-387481.jpg\" alt=\"\" width=\"611\" height=\"389\" srcset=\"https:\/\/www.monempresarial.com\/wp-content\/uploads\/2017\/07\/P026534000401-387481.jpg 1014w, https:\/\/www.monempresarial.com\/wp-content\/uploads\/2017\/07\/P026534000401-387481-300x191.jpg 300w, https:\/\/www.monempresarial.com\/wp-content\/uploads\/2017\/07\/P026534000401-387481-300x191@2x.jpg 600w\" sizes=\"(max-width: 611px) 100vw, 611px\" \/><figcaption id=\"caption-attachment-15487\" class=\"wp-caption-text\">Almunia reconeix que quan es tracta de negociar amb grans companyies nord-americanes, aquestes disposen de majors pressupostos. Tot i aix\u00ed, afirma que &#8220;la Comissi\u00f3 compta amb els millors experts en pol\u00edtica de Compet\u00e8ncia&#8221;, cartera que va dirigir entre 2010 i 2014. (Foto: Comissi\u00f3 Europea)<\/figcaption><\/figure>\n<p><span style=\"color: #aeb100; font-weight: bold;\">En aquest sentit, potser hi ha tamb\u00e9 una part de desconeixement entre la ciutadania sobre com es prenen les decisions a la UE&#8230;<\/span><br \/>\nHi ha un joc perill\u00f3s, deixa\u2019m qualificar-lo de &#8220;pervers&#8221;. I \u00e9s que els caps d&#8217;estat i de govern, fins i tot abans de tornar a les seves respectives cases, comuniquen els resultats de les reunions del Consell Europeu als mitjans de comunicaci\u00f3 nacionals dels seus pa\u00efsos i els diuen: &#8220;La culpa \u00e9s de Brussel\u00b7les&#8221;. Per\u00f2 els m\u00e0xims responsables de no haver pres la decisi\u00f3 correcta, d&#8217;haver-se quedat a mitges o de no tenir el coratge d&#8217;afrontar els veritables problemes s\u00f3n ells, per una senzilla ra\u00f3: el grau d&#8217;integraci\u00f3 europea encara no \u00e9s tan alt com perqu\u00e8 les decisions es puguin prendre a esquena dels governs.<\/p>\n<p><span style=\"color: #aeb100; font-weight: bold;\">Fa m\u00e9s de tres anys que es va retirar de la pol\u00edtica europea, per\u00f2 com a responsable d&#8217;Afers Econ\u00f2mics i Monetaris (entre 2004 i 2010) li va tocar fer front a l\u2019esclat de la crisi econ\u00f2mica i financera. Com veu la situaci\u00f3 ara?<\/span><br \/>\n\u00c9s cert que, a partir del 2010, arran de la crisi del deute p\u00fablic, es van cometre errors de pol\u00edtica econ\u00f2mica (exc\u00e9s de rigor pressupostari i d&#8217;austeritat) i no es van adoptar a temps les mesures necess\u00e0ries (el progr\u00e9s cap a la Uni\u00f3 Banc\u00e0ria o determinades reformes que nom\u00e9s podien aprovar els parlaments nacionals). Avui, per\u00f2, ja podem parlar de creixement. La UE \u2013i en particular la zona euro\u2013 s&#8217;ha recuperat de la segona recessi\u00f3 i l&#8217;atur disminueix, tot i que encara estigui a nivells molt elevats en pa\u00efsos com Espanya o Gr\u00e8cia. Per descomptat, cal fer un major esfor\u00e7 de creixement i de generaci\u00f3 d&#8217;ocupaci\u00f3, i cal millorar la capacitat de les economies europees per beneficiar-se de la innovaci\u00f3 i de les noves tecnologies. Aix\u00f2 no ens donar\u00e0 tots els resultats necessaris perqu\u00e8 a Europa, igual que a d\u2019altres economies avan\u00e7ades, han augmentat molt les desigualtats i cal fer un major esfor\u00e7 per corregir-les. Precisament, el Brexit aclareix un dels majors obstacles que hi ha hagut a Europa per avan\u00e7ar en pol\u00edtiques o estrat\u00e8gies de contingut social. Crec que cal aprofitar aquest moment i fer un pas endavant. De fet, la Comissi\u00f3 Europea ja ha avan\u00e7at propostes per anar construint una dimensi\u00f3 social de la UE que, per desgr\u00e0cia, s&#8217;ha oblidat durant massa anys.<\/p>\n<p><span style=\"color: #aeb100; font-weight: bold;\"><img decoding=\"async\" loading=\"lazy\" class=\" wp-image-15488 alignright\" src=\"http:\/\/monempresarial.com\/wp-content\/uploads\/2017\/07\/shutterstock_99801827.jpg\" alt=\"\" width=\"285\" height=\"461\" srcset=\"https:\/\/www.monempresarial.com\/wp-content\/uploads\/2017\/07\/shutterstock_99801827.jpg 588w, https:\/\/www.monempresarial.com\/wp-content\/uploads\/2017\/07\/shutterstock_99801827-185x300.jpg 185w, https:\/\/www.monempresarial.com\/wp-content\/uploads\/2017\/07\/shutterstock_99801827-185x300@2x.jpg 370w\" sizes=\"(max-width: 285px) 100vw, 285px\" \/>Despr\u00e9s, com a comissari europeu de Compet\u00e8ncia (entre 2010 i 2014) va decidir obrir una investigaci\u00f3 a Google per ab\u00fas de posici\u00f3 dominant en el mercat de la recerca a Internet. L&#8217;endarreriment europeu en mat\u00e8ria tecnol\u00f2gica \u00e9s conseq\u00fc\u00e8ncia d&#8217;aquest fort domini per part dels gegants nord-americans?<\/span><br \/>\n\u00c9s veritat que algunes empreses gaudeixen d&#8217;una posici\u00f3 dominant, i \u00e9s possible que hi hagi un ab\u00fas d&#8217;aquesta posici\u00f3 dominant en el mercat. Per aix\u00f2, la Comissi\u00f3 Europea est\u00e0 investigant Google i algunes altres empreses molt grans del sector. Normalment aquestes empreses s\u00f3n nord-americanes, per\u00f2 pot ser que tamb\u00e9 n\u2019hi hagi d\u2019altres a Europa. En qualsevol cas, aqu\u00ed no hem sabut crear les condicions perqu\u00e8 els investigadors i creadors europeus del sector de les noves tecnologies d&#8217;Internet i de l&#8217;economia digital puguin prosperar adequadament. Necessitem un mercat de capitals europeu, avan\u00e7ant en les propostes que la Comissi\u00f3 Europea ja ha posat sobre la taula. Cal crear instruments de capital risc que ajudin els innovadors sense portar-los a la necessitat d&#8217;endeutar-se des del principi. Cal acomodar les regulacions i eliminar barreres que no tenen sentit en l&#8217;economia digital. Hem d&#8217;aprendre del que han fet els nord-americans, no castigar-los per haver triomfat. Nom\u00e9s cal perseguir-los i investigar-los quan abusen del seu triomf i eliminen la compet\u00e8ncia.<\/p>\n<p><span style=\"color: #aeb100; font-weight: bold;\">I un cop han abusat del seu triomf, com \u00e9s negociar amb grans multinacionals que disposen d&#8217;infinits recursos econ\u00f2mics i dels millors assessors?<\/span><br \/>\n\u00c9s veritat que disposen de molts recursos econ\u00f2mics i de molt\u00edssims assessors. La Comissi\u00f3 no t\u00e9 aquests pressupostos, per\u00f2 s\u00ed que disposa d&#8217;excel\u00b7lents experts en pol\u00edtica de Compet\u00e8ncia. Per tant, quan hi ha reunions entre una companyia d&#8217;aquesta dimensi\u00f3 i la Comissi\u00f3, la Comissi\u00f3 t\u00e9 menys assessors per\u00f2 s\u00f3n molt millors.<\/p>\n<blockquote>\n<h2 style=\"color: #aeb100; text-align: left;\">&#8220;El Brexit aclareix un dels majors obstacles que hi ha hagut a Europa per avan\u00e7ar en pol\u00edtiques de contingut social. Crec que cal aprofitar aquest moment i fer un pas endavant.&#8221;<\/h2>\n<\/blockquote>\n<p><span style=\"color: #aeb100; font-weight: bold;\">A vost\u00e8, que tamb\u00e9 ha jugat un paper molt important en la pol\u00edtica espanyola des de la Transici\u00f3, sobretot com a ministre en les dues legislatures de Felipe Gonz\u00e1lez, el preocupen les tensions entre Catalunya i la resta de l&#8217;Estat?<\/span><br \/>\nNo \u00e9s un conflicte nou; des del segle XIX sempre hi ha hagut problemes d\u2019avinen\u00e7a entre Catalunya i la resta d&#8217;Espanya. Amb l&#8217;aprovaci\u00f3 de la Constituci\u00f3 i el primer Estatut de Catalunya, semblava que aquestes tensions s&#8217;havien canalitzat d&#8217;una forma democr\u00e0tica i dialogant. Per desgr\u00e0cia, aix\u00f2 no \u00e9s aix\u00ed ara. Des que es va aprovar l&#8217;\u00faltim Estatut de Catalunya i el PP el va rec\u00f3rrer fins al Tribunal Constitucional, la resposta per part de CiU i ERC va ser sortir-se de les vies de di\u00e0leg establertes. Des de llavors, el proc\u00e9s va descarrilant. I \u00e9s que en democr\u00e0cia no \u00e9s possible prendre decisions en nom del poble si no es t\u00e9 tot el poble al darrere. No oblidem que l&#8217;actual Govern de la Generalitat no t\u00e9 majoria de vots, encara que s\u00ed d&#8217;escons al Parlament.<br \/>\nD&#8217;altra banda, malgrat que em sembla molt b\u00e9 que es castigui la desobedi\u00e8ncia a sent\u00e8ncies d&#8217;un Tribunal Constitucional que \u00e9s de tots, el PP no pot pensar que actuant nom\u00e9s judicialment resoldr\u00e0 un conflicte que \u00e9s pol\u00edtic.<\/p>\n<p><span style=\"color: #aeb100; font-weight: bold;\">I qu\u00e8 me\u2019n diu de l&#8217;allau de casos de corrupci\u00f3 que estem vivint?<br \/>\n<\/span>La corrupci\u00f3 \u00e9s una plaga. Cal perseguir-la, com s&#8217;est\u00e0 fent, encara que crec que s&#8217;ha trigat massa. A Espanya, i a Catalunya en particular, s&#8217;ha parlat de casos de corrupci\u00f3 que semblava con\u00e8ixer molta gent per\u00f2 sobre els quals la just\u00edcia no actuava. Est\u00e0 b\u00e9 que aquesta actu\u00ef, \u00e9s imprescindible. El que cal fer \u00e9s deixar-la treballar i que qui hagi ficat la m\u00e0 a la caixa en pagui les conseq\u00fc\u00e8ncies, com ha de fer qualsevol ciutad\u00e0 en un pa\u00eds lliure.<br \/>\nAra b\u00e9, \u00bfper qu\u00e8 s&#8217;ha produ\u00eft tanta corrupci\u00f3? Aquesta \u00e9s una pregunta que ens correspon de respondre a les forces pol\u00edtiques, als responsables p\u00fablics. No n&#8217;hi ha prou nom\u00e9s a criticar els corruptes. Tenim l&#8217;obligaci\u00f3 de reflexionar sobre com es va poder produir el que ara sabem que es va produir, com es podria haver descobert abans, com es podria haver reaccionat de manera molt m\u00e9s contundent i quines s\u00f3n les vies per evitar, en la mesura del possible, que es tornin a repetir uns episodis que no nom\u00e9s fan mal als comptes p\u00fablics, sin\u00f3 que tamb\u00e9 danyen la democr\u00e0cia i la confian\u00e7a dels ciutadans en les seves institucions i en els seus representants.<\/p>\n<blockquote>\n<h2 style=\"color: #aeb100; text-align: left;\">&#8220;\u00c9s evident que al PSOE hi ha problemes de lideratge que cal resoldre basant-se en propostes pol\u00edtiques, no en simpaties o antipaties personals.&#8221;<\/h2>\n<\/blockquote>\n<p><span style=\"color: #aeb100; font-weight: bold;\">Despr\u00e9s de retirar-se de la pol\u00edtica, va descartar p\u00fablicament entrar a l&#8217;empresa privada. Per qu\u00e8 ho va fer: per falta d&#8217;inter\u00e8s o per motius \u00e8tics?<\/span><br \/>\nPer falta d&#8217;inter\u00e8s, perqu\u00e8 mai no ha estat el meu m\u00f3n. Respecto les empreses privades, per\u00f2 prefereixo dedicar-me al que em dedico ara: a presidir un think tank europeu, a participar en d&#8217;altres, a impartir classes i xerrades sobre pol\u00edtica europea. Aix\u00f2 \u00e9s el que m&#8217;agrada, el que m&#8217;atrau i on em sento c\u00f2mode.<\/p>\n<p><img decoding=\"async\" loading=\"lazy\" class=\"aligncenter wp-image-15490\" src=\"http:\/\/monempresarial.com\/wp-content\/uploads\/2017\/07\/P025480000501-467633.jpg\" alt=\"\" width=\"577\" height=\"384\" srcset=\"https:\/\/www.monempresarial.com\/wp-content\/uploads\/2017\/07\/P025480000501-467633.jpg 986w, https:\/\/www.monempresarial.com\/wp-content\/uploads\/2017\/07\/P025480000501-467633-300x200.jpg 300w, https:\/\/www.monempresarial.com\/wp-content\/uploads\/2017\/07\/P025480000501-467633-252x167.jpg 252w, https:\/\/www.monempresarial.com\/wp-content\/uploads\/2017\/07\/P025480000501-467633-300x200@2x.jpg 600w, https:\/\/www.monempresarial.com\/wp-content\/uploads\/2017\/07\/P025480000501-467633-252x167@2x.jpg 504w\" sizes=\"(max-width: 577px) 100vw, 577px\" \/><\/p>\n<p><span style=\"color: #aeb100; font-weight: bold;\">I qu\u00e8 opina sobre les portes girat\u00f2ries?<\/span><br \/>\nCrec que cal defensar aquells que, despr\u00e9s de la seva vida pol\u00edtica activa, decideixen optar per una vida amb dimensi\u00f3 empresarial; aix\u00f2 no \u00e9s un delicte, ni molt menys. Criticar, com fa en particular Podemos, alguns pol\u00edtics per haver pertangut a un consell d&#8217;administraci\u00f3 em sembla una demag\u00f2gia insuportable. El que cal evitar s\u00f3n els conflictes d&#8217;inter\u00e8s dels que pretenen beneficiar-se d&#8217;haver estat pol\u00edtics (o de ser-ho encara en actiu) per engreixar els seus comptes corrents o per defensar interessos particulars aprofitant les seves influ\u00e8ncies, prestigi o coneixements.<\/p>\n<p><span style=\"color: #aeb100; font-weight: bold;\">Finalment, he de preguntar-li sobre el seu partit, que no sembla travessar el seu millor moment&#8230;<\/span><br \/>\nEl PSOE, com ocorre amb tota la socialdemocr\u00e0cia europea, ha de revisar i reformular un projecte pol\u00edtic que sigui capa\u00e7 d&#8217;atreure de nou el suport de la majoria dels ciutadans i, en particular, dels treballadors i dels sectors de la societat que m\u00e9s necessiten l&#8217;estat del benestar i les pol\u00edtiques p\u00fabliques d&#8217;igualtat i de redistribuci\u00f3. \u00c9s evident que al PSOE en particular, des del final del Govern de Zapatero i fins ara, hi ha problemes de lideratge que cal resoldre. All\u00f2 important \u00e9s fer-ho basant-se en propostes pol\u00edtiques que connectin amb les prioritats de la societat espanyola i no simplement en simpaties o antipaties personals.<\/p>\n","protected":false},"excerpt":{"rendered":"<p>Ja retirat de la vida pol\u00edtica, Joaqu\u00edn Almunia segueix sent un fervent defensor de la Uni\u00f3 Europea. Se li nota quan parla amb optimisme i seguretat d&#8217;aquesta alian\u00e7a que \u00faltimament molts semblen posar en dubte. Qui entre 2010 i 2014 va ser vicepresident de la Comissi\u00f3 Europea i comissari de Compet\u00e8ncia, despr\u00e9s d&#8217;haver-ho estat tamb\u00e9 [&hellip;]<\/p>\n","protected":false},"author":1,"featured_media":15486,"comment_status":"open","ping_status":"open","sticky":false,"template":"","format":"standard","meta":{"_mi_skip_tracking":false,"mc4wp_mailchimp_campaign":[],"jnews-multi-image_gallery":[],"jnews_single_post":[],"jnews_primary_category":[]},"categories":[12,55],"tags":[5502,5505,5553,5554,5555,143,4253,5090],"_links":{"self":[{"href":"https:\/\/www.monempresarial.com\/ca\/wp-json\/wp\/v2\/posts\/15481"}],"collection":[{"href":"https:\/\/www.monempresarial.com\/ca\/wp-json\/wp\/v2\/posts"}],"about":[{"href":"https:\/\/www.monempresarial.com\/ca\/wp-json\/wp\/v2\/types\/post"}],"author":[{"embeddable":true,"href":"https:\/\/www.monempresarial.com\/ca\/wp-json\/wp\/v2\/users\/1"}],"replies":[{"embeddable":true,"href":"https:\/\/www.monempresarial.com\/ca\/wp-json\/wp\/v2\/comments?post=15481"}],"version-history":[{"count":1,"href":"https:\/\/www.monempresarial.com\/ca\/wp-json\/wp\/v2\/posts\/15481\/revisions"}],"predecessor-version":[{"id":48088,"href":"https:\/\/www.monempresarial.com\/ca\/wp-json\/wp\/v2\/posts\/15481\/revisions\/48088"}],"wp:featuredmedia":[{"embeddable":true,"href":"https:\/\/www.monempresarial.com\/ca\/wp-json\/wp\/v2\/media\/15486"}],"wp:attachment":[{"href":"https:\/\/www.monempresarial.com\/ca\/wp-json\/wp\/v2\/media?parent=15481"}],"wp:term":[{"taxonomy":"category","embeddable":true,"href":"https:\/\/www.monempresarial.com\/ca\/wp-json\/wp\/v2\/categories?post=15481"},{"taxonomy":"post_tag","embeddable":true,"href":"https:\/\/www.monempresarial.com\/ca\/wp-json\/wp\/v2\/tags?post=15481"}],"curies":[{"name":"wp","href":"https:\/\/api.w.org\/{rel}","templated":true}]}}